{"id":90443,"date":"2018-08-18T14:52:57","date_gmt":"2018-08-18T17:52:57","guid":{"rendered":"https:\/\/espacoecologico.com.br\/arquivo\/?p=90443"},"modified":"2018-08-18T14:53:42","modified_gmt":"2018-08-18T17:53:42","slug":"estudo-encontra-glifosato-ate-em-cereais-infantis-nos-eua","status":"publish","type":"post","link":"https:\/\/espacoecologico.com.br\/arquivo\/estudo-encontra-glifosato-ate-em-cereais-infantis-nos-eua\/","title":{"rendered":"Estudo encontra glifosato at\u00e9 em cereais infantis nos Estados Unidos"},"content":{"rendered":"<p><a href=\"https:\/\/espacoecologico.com.br\/arquivo\/wp-content\/uploads\/2018\/08\/glicofato.jpg\"><img loading=\"lazy\" class=\"alignleft size-medium wp-image-90444\" src=\"https:\/\/espacoecologico.com.br\/arquivo\/wp-content\/uploads\/2018\/08\/glicofato-300x192.jpg\" alt=\"\" width=\"300\" height=\"192\" srcset=\"https:\/\/espacoecologico.com.br\/arquivo\/wp-content\/uploads\/2018\/08\/glicofato-300x192.jpg 300w, https:\/\/espacoecologico.com.br\/arquivo\/wp-content\/uploads\/2018\/08\/glicofato.jpg 415w\" sizes=\"(max-width: 300px) 100vw, 300px\" \/><\/a>Nem bem o mundo tomou conhecimento da indeniza\u00e7\u00e3o de 289 milh\u00f5es de d\u00f3lares\u00a0<a href=\"http:\/\/ciclovivo.com.br\/planeta\/meio-ambiente\/monsanto-condenada-pagar-289-milhoes-vitima-cancer\/\" target=\"_blank\" rel=\"noopener\">cobrada da Monsanto<\/a>\u00a0\u2013 uma decis\u00e3o hist\u00f3rica contra os agrot\u00f3xicos \u2013 o\u00a0Grupo de Trabalho Ambiental (EGW, na sigla em ingl\u00eas) divulgou uma amarga pesquisa. Ap\u00f3s testar 45 produtos produzidos com aveia, a presen\u00e7a de glifosato foi detectada em 43 deles. E o pior: 31 tinham quantidades muito acima do valor de refer\u00eancia tido como seguro.<\/p>\n<p>O glifosato \u00e9 o ingrediente ativo do Roundup, o herbicida da Monsanto que \u00e9 o mais usado nos Estados Unidos. Saiba mais\u00a0<a href=\"http:\/\/ciclovivo.com.br\/planeta\/meio-ambiente\/apos-alerta-de-oms-colombia-proibe-uso-de-glifosato\/\" target=\"_blank\" rel=\"noopener\">aqui<\/a>.<\/p>\n<div id=\"div-gpt-ad-1515694727157-4\" data-google-query-id=\"CITY_sGU99wCFZSZyAoddogEpw\"><\/div>\n<h3>Um caf\u00e9 da manh\u00e3 com glifosato<\/h3>\n<p>A aveia em si cont\u00e9m in\u00fameros benef\u00edcios e sobre isso n\u00e3o se pode questionar. O problema \u00e9 que a subst\u00e2ncia t\u00e3o questionada foi encontrada justamente neste alimento. Ou seja, est\u00e1 presente na granola matinal com iogurte, naquele caf\u00e9 da manh\u00e3 onde tem banana com aveia, na barrinha de cereal para \u201cenganar a fome\u201d. Enfim, em muitas das situa\u00e7\u00f5es em que a pessoa acredita estar fazendo uma refei\u00e7\u00e3o super saud\u00e1vel.<\/p>\n<p>Entre os produtos que tinham rastros de glifosato est\u00e3o os das marcas Cheerios, Quaker Old Fashioned Oats, Quaker Dinosaur Egg Instant Oats e Back to Nature Classic Granola. \u00c9 bom lembrar que h\u00e1 dois anos a Quaker foi acusada nos EUA pelo mesmo motivo. Na \u00e9poca, a empresa desmentiu.<\/p>\n<h3>Escondendo o jogo?<\/h3>\n<p>Em comunicado \u00e0 imprensa, o EWG afirma que testou mais de uma d\u00fazia de marcas de alimentos \u00e0 base de aveia para \u201cfornecer aos americanos informa\u00e7\u00f5es sobre exposi\u00e7\u00f5es alimentares que os reguladores do governo mant\u00eam em segredo\u201d. Al\u00e9m disso, afirma que e-mails internos obtidos pela organiza\u00e7\u00e3o sem fins lucrativos \u201cUS Right to Know\u201d revelaram que a FDA (Food and Drug Administration), \u00f3rg\u00e3o que regula os alimentos nos EUA,\u00a0vem testando o glifosato nos alimentos h\u00e1 dois anos. At\u00e9 a\u00ed tudo bem, at\u00e9 o\u00a0<a href=\"http:\/\/ciclovivo.com.br\/planeta\/meio-ambiente\/eua-comecam-a-testar-residuos-de-glifosato-em-alimentos\/\" target=\"_blank\" rel=\"noopener\">CicloVivo noticiou<\/a>esta informa\u00e7\u00e3o em fevereiro de 2016, o problema \u00e9 que o EWG chama aten\u00e7\u00e3o para o fato de que a FDA n\u00e3o divulgou suas descobertas at\u00e9 ent\u00e3o. Isso levanta ainda mais suspeitas.<\/p>\n<p>O novo estudo, divulgado na \u00faltima quarta-feira (15), foi realizado por testes de laborat\u00f3rios independentes encomendados pelo EWG. Veja\u00a0<a href=\"https:\/\/www.ewg.org\/childrenshealth\/glyphosateincereal\/#.W3Y2MehKjIW\" target=\"_blank\" rel=\"noopener\">aqui<\/a>\u00a0(em ingl\u00eas).<\/p>\n","protected":false},"excerpt":{"rendered":"<p>Nem bem o mundo tomou conhecimento da indeniza\u00e7\u00e3o de 289 milh\u00f5es de d\u00f3lares\u00a0cobrada da Monsanto\u00a0\u2013<\/p>\n","protected":false},"author":2,"featured_media":90444,"comment_status":"open","ping_status":"open","sticky":false,"template":"","format":"standard","meta":[],"categories":[],"tags":[],"uagb_featured_image_src":{"full":["https:\/\/espacoecologico.com.br\/arquivo\/wp-content\/uploads\/2018\/08\/glicofato.jpg",415,265,false],"thumbnail":["https:\/\/espacoecologico.com.br\/arquivo\/wp-content\/uploads\/2018\/08\/glicofato-150x150.jpg",150,150,true],"medium":["https:\/\/espacoecologico.com.br\/arquivo\/wp-content\/uploads\/2018\/08\/glicofato-300x192.jpg",300,192,true],"medium_large":["https:\/\/espacoecologico.com.br\/arquivo\/wp-content\/uploads\/2018\/08\/glicofato.jpg",415,265,false],"large":["https:\/\/espacoecologico.com.br\/arquivo\/wp-content\/uploads\/2018\/08\/glicofato.jpg",415,265,false],"1536x1536":["https:\/\/espacoecologico.com.br\/arquivo\/wp-content\/uploads\/2018\/08\/glicofato.jpg",415,265,false],"2048x2048":["https:\/\/espacoecologico.com.br\/arquivo\/wp-content\/uploads\/2018\/08\/glicofato.jpg",415,265,false],"cream-magazine-thumbnail-2":["https:\/\/espacoecologico.com.br\/arquivo\/wp-content\/uploads\/2018\/08\/glicofato.jpg",415,265,false],"cream-magazine-thumbnail-3":["https:\/\/espacoecologico.com.br\/arquivo\/wp-content\/uploads\/2018\/08\/glicofato.jpg",415,265,false],"cream-magazine-thumbnail-4":["https:\/\/espacoecologico.com.br\/arquivo\/wp-content\/uploads\/2018\/08\/glicofato.jpg",415,265,false]},"uagb_author_info":{"display_name":"","author_link":"https:\/\/espacoecologico.com.br\/arquivo\/author\/"},"uagb_comment_info":0,"uagb_excerpt":"Nem bem o mundo tomou conhecimento da indeniza\u00e7\u00e3o de 289 milh\u00f5es de d\u00f3lares\u00a0cobrada da Monsanto\u00a0\u2013","_links":{"self":[{"href":"https:\/\/espacoecologico.com.br\/arquivo\/wp-json\/wp\/v2\/posts\/90443"}],"collection":[{"href":"https:\/\/espacoecologico.com.br\/arquivo\/wp-json\/wp\/v2\/posts"}],"about":[{"href":"https:\/\/espacoecologico.com.br\/arquivo\/wp-json\/wp\/v2\/types\/post"}],"author":[{"embeddable":true,"href":"https:\/\/espacoecologico.com.br\/arquivo\/wp-json\/wp\/v2\/users\/2"}],"replies":[{"embeddable":true,"href":"https:\/\/espacoecologico.com.br\/arquivo\/wp-json\/wp\/v2\/comments?post=90443"}],"version-history":[{"count":0,"href":"https:\/\/espacoecologico.com.br\/arquivo\/wp-json\/wp\/v2\/posts\/90443\/revisions"}],"wp:featuredmedia":[{"embeddable":true,"href":"https:\/\/espacoecologico.com.br\/arquivo\/wp-json\/wp\/v2\/media\/90444"}],"wp:attachment":[{"href":"https:\/\/espacoecologico.com.br\/arquivo\/wp-json\/wp\/v2\/media?parent=90443"}],"wp:term":[{"taxonomy":"category","embeddable":true,"href":"https:\/\/espacoecologico.com.br\/arquivo\/wp-json\/wp\/v2\/categories?post=90443"},{"taxonomy":"post_tag","embeddable":true,"href":"https:\/\/espacoecologico.com.br\/arquivo\/wp-json\/wp\/v2\/tags?post=90443"}],"curies":[{"name":"wp","href":"https:\/\/api.w.org\/{rel}","templated":true}]}}