{"id":90437,"date":"2018-08-18T12:48:56","date_gmt":"2018-08-18T15:48:56","guid":{"rendered":"https:\/\/espacoecologico.com.br\/arquivo\/?p=90437"},"modified":"2018-08-18T12:48:56","modified_gmt":"2018-08-18T15:48:56","slug":"drones-sao-os-novos-aliados-na-preservacao-dos-botos-amazonicos","status":"publish","type":"post","link":"https:\/\/espacoecologico.com.br\/arquivo\/drones-sao-os-novos-aliados-na-preservacao-dos-botos-amazonicos\/","title":{"rendered":"Drones s\u00e3o os novos aliados na preserva\u00e7\u00e3o dos botos amaz\u00f4nicos"},"content":{"rendered":"<p><a href=\"https:\/\/espacoecologico.com.br\/arquivo\/wp-content\/uploads\/2018\/08\/boto_rosa.jpg\"><img loading=\"lazy\" class=\"alignleft size-medium wp-image-90438\" src=\"https:\/\/espacoecologico.com.br\/arquivo\/wp-content\/uploads\/2018\/08\/boto_rosa-300x192.jpg\" alt=\"\" width=\"300\" height=\"192\" srcset=\"https:\/\/espacoecologico.com.br\/arquivo\/wp-content\/uploads\/2018\/08\/boto_rosa-300x192.jpg 300w, https:\/\/espacoecologico.com.br\/arquivo\/wp-content\/uploads\/2018\/08\/boto_rosa.jpg 415w\" sizes=\"(max-width: 300px) 100vw, 300px\" \/><\/a>Na primeira noite, um barulho grave acorda os visitantes da casa flutuante, base de pesquisa e moradia dos cientistas do Instituto Mamirau\u00e1 e da WWF-Brasil na Reserva de Desenvolvimento Sustent\u00e1vel Mamirau\u00e1, no Rio Jarau\u00e1, a mais de 500 km de Manaus, capital do Amazonas.<\/p>\n<p>A \u00e9poca \u00e9 de cheia e as \u00e1guas se espalham por toda a Floresta Amaz\u00f4nica. Comunidades ribeirinhas est\u00e3o alagadas e o vizinho mais pr\u00f3ximo \u00e9 um jacar\u00e9 chamado Dominique, que insiste em passar o dia nos fundos da casa.<\/p>\n<p>\u201cRelaxa! S\u00e3o apenas os botos respirando. Assusta no meio da noite, n\u00e3o?\u201d, pergunta, ao mesmo tempo em que explica Andr\u00e9 Coelho, um bi\u00f3logo do Mato Grosso, a mais de 2000 km dali, que perdeu a conta de quantas viagens fez at\u00e9 a reserva.<\/p>\n<p>No dia seguinte, cientistas se dividem em dois barcos, que avan\u00e7am lentamente atrav\u00e9s de uma paisagem infinita de \u00e1gua e mata. Aqueles que v\u00e3o em um deles observam a superf\u00edcie cuidadosamente; do outro, dois bi\u00f3logos pilotam um drone, o novo aliado da pesquisa sobre os botos-cor-de-rosa (<em>Inia geoffrensis<\/em>).<\/p>\n<p>Um rep\u00f3rter da AFP acompanhou esta expedi\u00e7\u00e3o, a \u00faltima do projeto\u00a0<a href=\"https:\/\/www.wwf.org.br\/natureza_brasileira\/reducao_de_impactos2\/ecodrones\/\">EcoDrones<\/a>, que monitora as popula\u00e7\u00f5es de botos da Reserva. Duas esp\u00e9cies vivem na regi\u00e3o: o Boto-cor-de-rosa e o Tucuxi (<em>Sotalia fluviatilis<\/em>).<\/p>\n<p>\u201cPrecisamos entender o comportamento e seus h\u00e1bitos para propor pol\u00edticas p\u00fablicas que garantam a preserva\u00e7\u00e3o dos botos amaz\u00f4nicos\u201d, explica Marcelo Oliveira, especialista em conserva\u00e7\u00e3o do escrit\u00f3rio brasileiro da WWF, uma ONG focada na preserva\u00e7\u00e3o da natureza.<\/p>\n<p>A expedi\u00e7\u00e3o busca cruzar dados do avistamento dos\u00a0<a href=\"https:\/\/www.anda.jor.br\/2018\/05\/populacao-de-botos-cor-de-rosa-da-amazonia-cai-pela-metade-cada-decada\/\">botos<\/a>\u00a0pelo olho humano e os registros dos\u00a0<a href=\"https:\/\/www.anda.jor.br\/2017\/05\/redes-de-drones-sao-usados-para-combater-caca-de-animais\/\">drones<\/a>.<\/p>\n<p>\u201cTemos que pensar [nos drones] como uma ferramenta que vai reduzir custos e o tempo at\u00e9 o resultado da pesquisa\u201d, diz a ocean\u00f3grafa do Instituto Mamirau\u00e1, Miriam Marmontel.<\/p>\n<p>Nesta expedi\u00e7\u00e3o, uma nova tecnologia foi testada para trabalhar noite adentro com c\u00e2meras t\u00e9rmicas, que detectam calor. \u201cA tecnologia dessas c\u00e2meras permitir\u00e1 acompanhar os animais num momento que era imposs\u00edvel\u201d, diz Marcelo Oliveira.<\/p>\n<p>Parte dos dados ser\u00e1 analisada por uma equipe da Universidade de Liverpool, na Inglaterra, em parceria com a WWF-Brasil. Uma das propostas \u00e9 trabalhar num algoritmo que consiga analisar e identificar os animais automaticamente. \u201cAssim vamos aprimorar a an\u00e1lise desses dados, automatizando sua execu\u00e7\u00e3o\u201d, explica Marcelo.<\/p>\n<p>\u201cH\u00e1 v\u00e1rias amaz\u00f4nias dentro do que chamamos de\u00a0<a href=\"https:\/\/www.anda.jor.br\/2012\/03\/especie-ameacadas-serao-prejudicadas-pelo-novo-codigo-florestal-da-fauna-amazonica\/\">Floresta Amaz\u00f4nica<\/a>. Ser\u00e1 poss\u00edvel com o resultado desse monitoramento compreender como preservar esses animais em cada regi\u00e3o. Quais s\u00e3o suas amea\u00e7as e como reagir\u201d, explica a ocean\u00f3grafa Miriam.<\/p>\n<p><em>\u00a0<\/em><\/p>\n","protected":false},"excerpt":{"rendered":"<p>Na primeira noite, um barulho grave acorda os visitantes da casa flutuante, base de pesquisa<\/p>\n","protected":false},"author":2,"featured_media":90438,"comment_status":"open","ping_status":"open","sticky":false,"template":"","format":"standard","meta":[],"categories":[],"tags":[],"uagb_featured_image_src":{"full":["https:\/\/espacoecologico.com.br\/arquivo\/wp-content\/uploads\/2018\/08\/boto_rosa.jpg",415,265,false],"thumbnail":["https:\/\/espacoecologico.com.br\/arquivo\/wp-content\/uploads\/2018\/08\/boto_rosa-150x150.jpg",150,150,true],"medium":["https:\/\/espacoecologico.com.br\/arquivo\/wp-content\/uploads\/2018\/08\/boto_rosa-300x192.jpg",300,192,true],"medium_large":["https:\/\/espacoecologico.com.br\/arquivo\/wp-content\/uploads\/2018\/08\/boto_rosa.jpg",415,265,false],"large":["https:\/\/espacoecologico.com.br\/arquivo\/wp-content\/uploads\/2018\/08\/boto_rosa.jpg",415,265,false],"1536x1536":["https:\/\/espacoecologico.com.br\/arquivo\/wp-content\/uploads\/2018\/08\/boto_rosa.jpg",415,265,false],"2048x2048":["https:\/\/espacoecologico.com.br\/arquivo\/wp-content\/uploads\/2018\/08\/boto_rosa.jpg",415,265,false],"cream-magazine-thumbnail-2":["https:\/\/espacoecologico.com.br\/arquivo\/wp-content\/uploads\/2018\/08\/boto_rosa.jpg",415,265,false],"cream-magazine-thumbnail-3":["https:\/\/espacoecologico.com.br\/arquivo\/wp-content\/uploads\/2018\/08\/boto_rosa.jpg",415,265,false],"cream-magazine-thumbnail-4":["https:\/\/espacoecologico.com.br\/arquivo\/wp-content\/uploads\/2018\/08\/boto_rosa.jpg",415,265,false]},"uagb_author_info":{"display_name":"","author_link":"https:\/\/espacoecologico.com.br\/arquivo\/author\/"},"uagb_comment_info":0,"uagb_excerpt":"Na primeira noite, um barulho grave acorda os visitantes da casa flutuante, base de pesquisa","_links":{"self":[{"href":"https:\/\/espacoecologico.com.br\/arquivo\/wp-json\/wp\/v2\/posts\/90437"}],"collection":[{"href":"https:\/\/espacoecologico.com.br\/arquivo\/wp-json\/wp\/v2\/posts"}],"about":[{"href":"https:\/\/espacoecologico.com.br\/arquivo\/wp-json\/wp\/v2\/types\/post"}],"author":[{"embeddable":true,"href":"https:\/\/espacoecologico.com.br\/arquivo\/wp-json\/wp\/v2\/users\/2"}],"replies":[{"embeddable":true,"href":"https:\/\/espacoecologico.com.br\/arquivo\/wp-json\/wp\/v2\/comments?post=90437"}],"version-history":[{"count":0,"href":"https:\/\/espacoecologico.com.br\/arquivo\/wp-json\/wp\/v2\/posts\/90437\/revisions"}],"wp:featuredmedia":[{"embeddable":true,"href":"https:\/\/espacoecologico.com.br\/arquivo\/wp-json\/wp\/v2\/media\/90438"}],"wp:attachment":[{"href":"https:\/\/espacoecologico.com.br\/arquivo\/wp-json\/wp\/v2\/media?parent=90437"}],"wp:term":[{"taxonomy":"category","embeddable":true,"href":"https:\/\/espacoecologico.com.br\/arquivo\/wp-json\/wp\/v2\/categories?post=90437"},{"taxonomy":"post_tag","embeddable":true,"href":"https:\/\/espacoecologico.com.br\/arquivo\/wp-json\/wp\/v2\/tags?post=90437"}],"curies":[{"name":"wp","href":"https:\/\/api.w.org\/{rel}","templated":true}]}}