{"id":90426,"date":"2018-08-18T12:25:39","date_gmt":"2018-08-18T15:25:39","guid":{"rendered":"https:\/\/espacoecologico.com.br\/arquivo\/?p=90426"},"modified":"2018-08-18T12:25:39","modified_gmt":"2018-08-18T15:25:39","slug":"homem-percorre-300-km-em-pleno-verao-para-limpar-praias-na-tunisia","status":"publish","type":"post","link":"https:\/\/espacoecologico.com.br\/arquivo\/homem-percorre-300-km-em-pleno-verao-para-limpar-praias-na-tunisia\/","title":{"rendered":"Homem percorre 300 km em pleno ver\u00e3o para limpar praias na Tun\u00edsia"},"content":{"rendered":"<p><a href=\"https:\/\/espacoecologico.com.br\/arquivo\/wp-content\/uploads\/2018\/08\/tunis.jpg\"><img loading=\"lazy\" class=\"alignleft size-medium wp-image-90427\" src=\"https:\/\/espacoecologico.com.br\/arquivo\/wp-content\/uploads\/2018\/08\/tunis-300x192.jpg\" alt=\"\" width=\"300\" height=\"192\" srcset=\"https:\/\/espacoecologico.com.br\/arquivo\/wp-content\/uploads\/2018\/08\/tunis-300x192.jpg 300w, https:\/\/espacoecologico.com.br\/arquivo\/wp-content\/uploads\/2018\/08\/tunis.jpg 415w\" sizes=\"(max-width: 300px) 100vw, 300px\" \/><\/a>Armado apenas com seus bra\u00e7os e com dezenas de sacos de lixo, Mohamed Ossama Houij avan\u00e7a pela praia de Nabeul, no norte de<strong>\u00a0<a href=\"https:\/\/exame.abril.com.br\/noticias-sobre\/tunisia\/\">T\u00fanis<\/a>,<\/strong>\u00a0determinado a completar seu desafio: percorrer 300 quil\u00f4metros a p\u00e9, em pleno ver\u00e3o, e limpar 30 praias no caminho.<\/p>\n<p>Em um relat\u00f3rio publicado em junho, o Fundo Mundial para a Natureza (WWF) considerava que \u201co mar Mediterr\u00e2neo se transforma em uma perigosa armadilha de pl\u00e1stico, com n\u00edveis recordes de polui\u00e7\u00e3o que p\u00f5em as esp\u00e9cies marinhas e a sa\u00fade humana em perigo\u201d.<\/p>\n<p>Este jovem engenheiro sanit\u00e1rio de 27 anos iniciou seu p\u00e9riplo de dois meses no in\u00edcio de julho, com o objetivo de sensibilizar as autoridades e os veranistas sobre a import\u00e2ncia de n\u00e3o transformar o mar em um lix\u00e3o.<\/p>\n<p>Mohamed Ossama iniciou o projeto \u201c300 Quil\u00f4metros\u201d em Mahdia (leste) e vai termin\u00e1-lo na praia de Soliman, a 40 km da cidade de T\u00fanis, ap\u00f3s ter limpado tanto praias muito frequentadas quanto as mais escondidas.<\/p>\n<p>\u201cAcredito no poder cidad\u00e3o e escolhi agir de fora e sensibilizar as pessoas para o problema da polui\u00e7\u00e3o das nossas praias\u201d, explicou \u00e0 AFP.<\/p>\n<h3>\u201cGota d\u2019\u00e1gua\u201d<\/h3>\n<p>Al\u00e9m de sonhador, Mohamed Ossama \u00e9 realista.<\/p>\n<p>\u201cA a\u00e7\u00e3o de 300 quil\u00f4metros n\u00e3o \u00e9 realmente a de limpar, porque sei que sou apenas uma gota d\u2019\u00e1gua no oceano. Mas quero sensibilizar as pessoas para este problema. Quero que comecem a se dizer: \u2018Espera, n\u00e3o \u00e9 normal todas essas garrafas, estas tampas, todas estas sacolas de pl\u00e1stico&#8217;\u201d, afirmou.<\/p>\n<p>Depois da revolu\u00e7\u00e3o de 2011, agravou-se na Tun\u00edsia o problema da prolifera\u00e7\u00e3o de lixo nas grandes cidades, assim como no interior do pa\u00eds e nas praias.<\/p>\n<p>Uma das causas foi a aus\u00eancia de representantes locais durante sete anos. At\u00e9 maio de 2018, as prefeituras eram administradas por \u201cdelega\u00e7\u00f5es especiais\u201d nomeadas ap\u00f3s a queda do regime de Zine El Abidin Ben Ali, e sua gest\u00e3o era, com frequ\u00eancia, deficit\u00e1ria.<\/p>\n<p>Tamb\u00e9m h\u00e1 um problema de falta de civismo e de aus\u00eancia de consci\u00eancia ambiental entre os cidad\u00e3os, explicou o ministro do Meio Ambiente, Riadh Mukher, ao lan\u00e7ar uma pol\u00edtica ambiental em 2017.<\/p>\n<p>Na primeira praia limpa por ele, Houij calcula ter recolhido cerca de 100 quilos de lixo. Ao fim de alguns dias, o lixo deixou de pesar, diante da \u201cenorme quantidade\u201d coletada.<\/p>\n<p>Depois de 150 km de marcha e com cerca de 15 praias nas suas costas, \u201cpodemos falar de toneladas de lixo\u201d, garante.<\/p>\n<h3>\u201cLixeiro\u201d<\/h3>\n<p>Chocado com os restos de tartarugas \u2013 encontrou mais de 30 \u2013 e com as praias cheias de garrafas de pl\u00e1stico e de fraldas descart\u00e1veis, Mohamed Ossama faz uma lista de \u201ctodas as formas de polui\u00e7\u00e3o que estamos fazendo o mar sofrer\u201d.<\/p>\n<p>\u201cAs autoridades da Tun\u00edsia n\u00e3o abordam o problema da polui\u00e7\u00e3o como deveriam. N\u00e3o h\u00e1 boa vontade!\u201d, insiste.<\/p>\n<p>De fato, alguns dos seguran\u00e7as privados que vigiam as praias o impedem inclusive de passar, j\u00e1 que a lembran\u00e7a de um agressor que levava uma mochila e deixou 38 mortos em uma praia de Susa, em 2015, ainda est\u00e1 presente.<\/p>\n<p>Esse defensor da natureza tamb\u00e9m fica indignado com a rea\u00e7\u00e3o de alguns veranistas, que lhe pedem que recolha seu lixo e o tratam como um \u201czaber\u201d (lixeiro).<\/p>\n<p>Em algumas noites, Mohamed Ossama \u00e9 acolhido e consegue dormir em uma cama. No restante do tempo, por\u00e9m, dorme ao relento, depois de relaxar um pouco, tocando seu viol\u00e3o.<\/p>\n<p>As rea\u00e7\u00f5es v\u00e3o \u201cde um extremo ao outro\u201d, conta.<\/p>\n<p>\u201cH\u00e1 pessoas muito ativas, que estimulam voc\u00ea e te ajudam a limpar. Outras pessoas, infelizmente, matam qualquer vontade de trabalhar por esta causa\u201d, acrescenta.<\/p>\n<p>\u201cA cada dia voc\u00ea tem coisas ruins, mas h\u00e1 vontade\u201d, assegura. \u201cN\u00e3o h\u00e1 motivos para que eu pare\u201d, completa.<\/p>\n","protected":false},"excerpt":{"rendered":"<p>Armado apenas com seus bra\u00e7os e com dezenas de sacos de lixo, Mohamed Ossama Houij<\/p>\n","protected":false},"author":2,"featured_media":90427,"comment_status":"open","ping_status":"open","sticky":false,"template":"","format":"standard","meta":[],"categories":[],"tags":[],"uagb_featured_image_src":{"full":["https:\/\/espacoecologico.com.br\/arquivo\/wp-content\/uploads\/2018\/08\/tunis.jpg",415,265,false],"thumbnail":["https:\/\/espacoecologico.com.br\/arquivo\/wp-content\/uploads\/2018\/08\/tunis-150x150.jpg",150,150,true],"medium":["https:\/\/espacoecologico.com.br\/arquivo\/wp-content\/uploads\/2018\/08\/tunis-300x192.jpg",300,192,true],"medium_large":["https:\/\/espacoecologico.com.br\/arquivo\/wp-content\/uploads\/2018\/08\/tunis.jpg",415,265,false],"large":["https:\/\/espacoecologico.com.br\/arquivo\/wp-content\/uploads\/2018\/08\/tunis.jpg",415,265,false],"1536x1536":["https:\/\/espacoecologico.com.br\/arquivo\/wp-content\/uploads\/2018\/08\/tunis.jpg",415,265,false],"2048x2048":["https:\/\/espacoecologico.com.br\/arquivo\/wp-content\/uploads\/2018\/08\/tunis.jpg",415,265,false],"cream-magazine-thumbnail-2":["https:\/\/espacoecologico.com.br\/arquivo\/wp-content\/uploads\/2018\/08\/tunis.jpg",415,265,false],"cream-magazine-thumbnail-3":["https:\/\/espacoecologico.com.br\/arquivo\/wp-content\/uploads\/2018\/08\/tunis.jpg",415,265,false],"cream-magazine-thumbnail-4":["https:\/\/espacoecologico.com.br\/arquivo\/wp-content\/uploads\/2018\/08\/tunis.jpg",415,265,false]},"uagb_author_info":{"display_name":"","author_link":"https:\/\/espacoecologico.com.br\/arquivo\/author\/"},"uagb_comment_info":0,"uagb_excerpt":"Armado apenas com seus bra\u00e7os e com dezenas de sacos de lixo, Mohamed Ossama Houij","_links":{"self":[{"href":"https:\/\/espacoecologico.com.br\/arquivo\/wp-json\/wp\/v2\/posts\/90426"}],"collection":[{"href":"https:\/\/espacoecologico.com.br\/arquivo\/wp-json\/wp\/v2\/posts"}],"about":[{"href":"https:\/\/espacoecologico.com.br\/arquivo\/wp-json\/wp\/v2\/types\/post"}],"author":[{"embeddable":true,"href":"https:\/\/espacoecologico.com.br\/arquivo\/wp-json\/wp\/v2\/users\/2"}],"replies":[{"embeddable":true,"href":"https:\/\/espacoecologico.com.br\/arquivo\/wp-json\/wp\/v2\/comments?post=90426"}],"version-history":[{"count":0,"href":"https:\/\/espacoecologico.com.br\/arquivo\/wp-json\/wp\/v2\/posts\/90426\/revisions"}],"wp:featuredmedia":[{"embeddable":true,"href":"https:\/\/espacoecologico.com.br\/arquivo\/wp-json\/wp\/v2\/media\/90427"}],"wp:attachment":[{"href":"https:\/\/espacoecologico.com.br\/arquivo\/wp-json\/wp\/v2\/media?parent=90426"}],"wp:term":[{"taxonomy":"category","embeddable":true,"href":"https:\/\/espacoecologico.com.br\/arquivo\/wp-json\/wp\/v2\/categories?post=90426"},{"taxonomy":"post_tag","embeddable":true,"href":"https:\/\/espacoecologico.com.br\/arquivo\/wp-json\/wp\/v2\/tags?post=90426"}],"curies":[{"name":"wp","href":"https:\/\/api.w.org\/{rel}","templated":true}]}}