{"id":90421,"date":"2018-08-18T16:00:06","date_gmt":"2018-08-18T19:00:06","guid":{"rendered":"https:\/\/espacoecologico.com.br\/arquivo\/?p=90421"},"modified":"2018-08-18T11:49:23","modified_gmt":"2018-08-18T14:49:23","slug":"exposicao-a-cigarro-na-infancia-esta-associada-a-doencas-do-pulmao","status":"publish","type":"post","link":"https:\/\/espacoecologico.com.br\/arquivo\/exposicao-a-cigarro-na-infancia-esta-associada-a-doencas-do-pulmao\/","title":{"rendered":"Exposi\u00e7\u00e3o a cigarro na inf\u00e2ncia est\u00e1 associada a doen\u00e7as do pulm\u00e3o"},"content":{"rendered":"<p><span class=\"intro\"><a href=\"https:\/\/espacoecologico.com.br\/arquivo\/wp-content\/uploads\/2018\/08\/cigarro-1.jpg\"><img loading=\"lazy\" class=\"alignleft size-medium wp-image-90423\" src=\"https:\/\/espacoecologico.com.br\/arquivo\/wp-content\/uploads\/2018\/08\/cigarro-1-300x192.jpg\" alt=\"\" width=\"300\" height=\"192\" srcset=\"https:\/\/espacoecologico.com.br\/arquivo\/wp-content\/uploads\/2018\/08\/cigarro-1-300x192.jpg 300w, https:\/\/espacoecologico.com.br\/arquivo\/wp-content\/uploads\/2018\/08\/cigarro-1.jpg 415w\" sizes=\"(max-width: 300px) 100vw, 300px\" \/><\/a>C<\/span>rian\u00e7as que absorvem a fuma\u00e7a do cigarro passivamente durante a inf\u00e2ncia est\u00e3o mais propensas a desenvolver doen\u00e7a cr\u00f4nica do pulm\u00e3o (DPOC) no futuro e morrer por causa dessa efemeridade.<\/p>\n<p>A informa\u00e7\u00e3o foi levanta durante estudo da Sociedade Americana do C\u00e2ncer, trazendo \u00e0 tona que os riscos \u00e0 exposi\u00e7\u00e3o do tabaco s\u00e3o ainda mais graves do que se imaginava.<\/p>\n<p>A metodologia de trabalho dos pesquisadores baseou-se no acompanhamento de mais 70 mil adultos dos Estados Unidos que nunca fumaram entre os anos de 1992 a 2014.<\/p>\n<p>Assustadoramente, perceberam que os participantes que haviam informado ter vivido com algum fumante em algum momento da inf\u00e2ncia tinham 21% mais chances de morrer de uma doen\u00e7a pulmonar obstrutiva cr\u00f4nica (DPOC), como enfisema ou bronquite, por exemplo.<\/p>\n<p>Para aqueles que viveram com um fumante durante toda a inf\u00e2ncia (definida como fase que vai at\u00e9 os 16 ou 18 anos), a probabilidade de ser acometido fatalmente pela doen\u00e7a chegou a 31%.<\/p>\n<p>Os resultados, publicados no peri\u00f3dico cient\u00edfico\u00a0<a href=\"https:\/\/www.ajpmonline.org\/article\/S0749-3797(18)31876-2\/fulltext\" target=\"_blank\">American Journal of Preventative Medine<\/a>, s\u00e3o os primeiros que indicam o perigo em ser um fumante passivo durante os anos cruciais da inf\u00e2ncia e adolesc\u00eancia podem levar a problemas de sa\u00fade grave e at\u00e9 a morte na fase adulta.<\/p>\n<p>\u201cA evid\u00eancia levantada com resultados desse estudo sugere que a exposi\u00e7\u00e3o infantil ao tabagismo passivo pode ser o primeiro passo em uma cadeia de eventos que come\u00e7am com um desenvolvimento pobre no pulm\u00e3o e asma na inf\u00e2ncia, levando ao surgimento de DPOC e, por fim, uma morte advinda de doen\u00e7a respirat\u00f3ria cr\u00f4nica\u201d, afirmaram os autores do estudo.<\/p>\n<p>\u201cApesar de nossas an\u00e1lises terem como foco os resultados de mortalidade, deve-se notar que uma associa\u00e7\u00e3o entre o tabagismo infantil na inf\u00e2ncia e o desenvolvimento de doen\u00e7as cr\u00f4nicas no pulm\u00e3o fatais na fase adulta implica que a inf\u00e2ncia, provavelmente, tem impacto nos efeitos de doen\u00e7as respirat\u00f3rias no futuro.\u201d<\/p>\n<p>De fato, um grande n\u00famero de pesquisas encontrou uma associa\u00e7\u00e3o entre exposi\u00e7\u00e3o ao tabagismo na inf\u00e2ncia e um elevado risco de desenvolvimento de condi\u00e7\u00f5es pulmonares e cardiovasculares, al\u00e9m de m\u00faltiplas formas de c\u00e2ncer tanto quando crian\u00e7a ou adulto.<br \/>\n\u201cPrecisamos ficar alertas sobre os efeitos do tabagismo passivo; eles parece durar por muito tempo. Precisamos continuar a reduzir nossa exposi\u00e7\u00e3o e ele\u201d, afirmou Ryan Diver, autor da pesquisa ao jornal americano\u00a0<a href=\"https:\/\/www.washingtonpost.com\/news\/to-your-health\/wp\/2018\/08\/16\/children-who-lived-with-smokers-are-more-likely-to-die-of-lung-disease-as-adults-study-says\/?noredirect=on&amp;utm_term=.af5cae81e961\" target=\"_blank\">The Washington Post<\/a>.<\/p>\n<p><strong>Metodologia do estudo<\/strong><br \/>\nDiver e sua equipe selecionaram os participantes do estudo a partir de uma pesquisa nacional preven\u00e7\u00e3o de c\u00e2ncer realizada pela Sociedade Americana do C\u00e2ncer, que coletou dados demogr\u00e1ficos, ambientais, comportamentais e m\u00e9dicos de mais de 184 mil homens e mulheres com 50 a 74 anos de idade.<\/p>\n<p>Dos 70.900 mil que preencheram a an\u00e1lise, cerca de 52% afirmaram ter vivido com um fumante em algum momento durante a inf\u00e2ncia. Desse montante, 74% revelam ter vivido com um ou dois fumantes durante toda sua juventude.<\/p>\n<p>Os autores observaram que a propor\u00e7\u00e3o de pessoas que cresceram em lares de fumantes aumentou consecutivamente entre os anos de 1918 a 1942 \u2013 o que faz sentido, j\u00e1 que os cigarros tornaram-se mais populares com o avan\u00e7o do s\u00e9culo 20, principalmente entre as mulheres.<\/p>\n","protected":false},"excerpt":{"rendered":"<p>Crian\u00e7as que absorvem a fuma\u00e7a do cigarro passivamente durante a inf\u00e2ncia est\u00e3o mais propensas a<\/p>\n","protected":false},"author":2,"featured_media":90425,"comment_status":"open","ping_status":"open","sticky":false,"template":"","format":"standard","meta":[],"categories":[],"tags":[],"uagb_featured_image_src":{"full":["https:\/\/espacoecologico.com.br\/arquivo\/wp-content\/uploads\/2018\/08\/piola.jpg",415,265,false],"thumbnail":["https:\/\/espacoecologico.com.br\/arquivo\/wp-content\/uploads\/2018\/08\/piola-150x150.jpg",150,150,true],"medium":["https:\/\/espacoecologico.com.br\/arquivo\/wp-content\/uploads\/2018\/08\/piola-300x192.jpg",300,192,true],"medium_large":["https:\/\/espacoecologico.com.br\/arquivo\/wp-content\/uploads\/2018\/08\/piola.jpg",415,265,false],"large":["https:\/\/espacoecologico.com.br\/arquivo\/wp-content\/uploads\/2018\/08\/piola.jpg",415,265,false],"1536x1536":["https:\/\/espacoecologico.com.br\/arquivo\/wp-content\/uploads\/2018\/08\/piola.jpg",415,265,false],"2048x2048":["https:\/\/espacoecologico.com.br\/arquivo\/wp-content\/uploads\/2018\/08\/piola.jpg",415,265,false],"cream-magazine-thumbnail-2":["https:\/\/espacoecologico.com.br\/arquivo\/wp-content\/uploads\/2018\/08\/piola.jpg",415,265,false],"cream-magazine-thumbnail-3":["https:\/\/espacoecologico.com.br\/arquivo\/wp-content\/uploads\/2018\/08\/piola.jpg",415,265,false],"cream-magazine-thumbnail-4":["https:\/\/espacoecologico.com.br\/arquivo\/wp-content\/uploads\/2018\/08\/piola.jpg",415,265,false]},"uagb_author_info":{"display_name":"","author_link":"https:\/\/espacoecologico.com.br\/arquivo\/author\/"},"uagb_comment_info":0,"uagb_excerpt":"Crian\u00e7as que absorvem a fuma\u00e7a do cigarro passivamente durante a inf\u00e2ncia est\u00e3o mais propensas a","_links":{"self":[{"href":"https:\/\/espacoecologico.com.br\/arquivo\/wp-json\/wp\/v2\/posts\/90421"}],"collection":[{"href":"https:\/\/espacoecologico.com.br\/arquivo\/wp-json\/wp\/v2\/posts"}],"about":[{"href":"https:\/\/espacoecologico.com.br\/arquivo\/wp-json\/wp\/v2\/types\/post"}],"author":[{"embeddable":true,"href":"https:\/\/espacoecologico.com.br\/arquivo\/wp-json\/wp\/v2\/users\/2"}],"replies":[{"embeddable":true,"href":"https:\/\/espacoecologico.com.br\/arquivo\/wp-json\/wp\/v2\/comments?post=90421"}],"version-history":[{"count":0,"href":"https:\/\/espacoecologico.com.br\/arquivo\/wp-json\/wp\/v2\/posts\/90421\/revisions"}],"wp:featuredmedia":[{"embeddable":true,"href":"https:\/\/espacoecologico.com.br\/arquivo\/wp-json\/wp\/v2\/media\/90425"}],"wp:attachment":[{"href":"https:\/\/espacoecologico.com.br\/arquivo\/wp-json\/wp\/v2\/media?parent=90421"}],"wp:term":[{"taxonomy":"category","embeddable":true,"href":"https:\/\/espacoecologico.com.br\/arquivo\/wp-json\/wp\/v2\/categories?post=90421"},{"taxonomy":"post_tag","embeddable":true,"href":"https:\/\/espacoecologico.com.br\/arquivo\/wp-json\/wp\/v2\/tags?post=90421"}],"curies":[{"name":"wp","href":"https:\/\/api.w.org\/{rel}","templated":true}]}}