{"id":90408,"date":"2018-08-17T14:00:48","date_gmt":"2018-08-17T17:00:48","guid":{"rendered":"https:\/\/espacoecologico.com.br\/arquivo\/?p=90408"},"modified":"2018-08-16T21:30:55","modified_gmt":"2018-08-17T00:30:55","slug":"proximos-quatro-anos-serao-ainda-mais-quentes-segundo-estudo","status":"publish","type":"post","link":"https:\/\/espacoecologico.com.br\/arquivo\/proximos-quatro-anos-serao-ainda-mais-quentes-segundo-estudo\/","title":{"rendered":"Pr\u00f3ximos quatro anos ser\u00e3o ainda mais quentes, segundo estudo"},"content":{"rendered":"<p><a href=\"https:\/\/espacoecologico.com.br\/arquivo\/wp-content\/uploads\/2018\/08\/temperatura.jpg\"><img loading=\"lazy\" class=\"alignleft size-medium wp-image-90409\" src=\"https:\/\/espacoecologico.com.br\/arquivo\/wp-content\/uploads\/2018\/08\/temperatura-300x192.jpg\" alt=\"\" width=\"300\" height=\"192\" srcset=\"https:\/\/espacoecologico.com.br\/arquivo\/wp-content\/uploads\/2018\/08\/temperatura-300x192.jpg 300w, https:\/\/espacoecologico.com.br\/arquivo\/wp-content\/uploads\/2018\/08\/temperatura.jpg 415w\" sizes=\"(max-width: 300px) 100vw, 300px\" \/><\/a>Os pr\u00f3ximos quatro anos podem ser ainda mais quentes que os anteriores, com temperaturas superiores \u00e0s previs\u00f5es dos modelos clim\u00e1ticos, alertou um estudo publicado nesta ter\u00e7a-feira sobre as mudan\u00e7as t\u00e9rmicas decorrentes do aquecimento global.<\/p>\n<p>Entre 2018 e 2022, as varia\u00e7\u00f5es da temperatura m\u00e9dia anual dependem da mudan\u00e7a clim\u00e1tica provocada pela atividade humana, mas tamb\u00e9m pela variabilidade intr\u00ednseca do clima, o que dificulta as previs\u00f5es de um ano em rela\u00e7\u00e3o a outro.<\/p>\n<p>Para que as previs\u00f5es sejam mais exatas, uma equipe cient\u00edfica inventou um novo sistema de previs\u00f5es batizado ProCast (Probabilistic forecast), baseado em um m\u00e9todo estat\u00edstico e nos modelos clim\u00e1ticos j\u00e1 existentes.<\/p>\n<p>Este algoritmo prev\u00ea para os pr\u00f3ximos quatro anos &#8220;um per\u00edodo mais quente do que o normal&#8221;, que &#8220;refor\u00e7ar\u00e1 de maneira tempor\u00e1ria&#8221; o aquecimento global, segundo o estudo publicado na revista cient\u00edfica Nature Communications que insiste na ideia de que as mudan\u00e7as clim\u00e1ticas &#8220;n\u00e3o s\u00e3o um processo linear e mon\u00f3tono&#8221;.<\/p>\n<p>Entre 2018 e 2022, o aumento vinculado \u00e0 variabilidade natural do clima ser\u00e1 &#8220;equivalente ao aquecimento clim\u00e1tico antr\u00f3pico&#8221;. Isso far\u00e1 que o aumento da temperatura m\u00e9dia seja duas vezes mais elevado que o provocado pela atividade humana, explicou \u00e0 AFP o principal autor do estudo, Florian S\u00e9vellec, membro do Laborat\u00f3rio de oceanografia f\u00edsica e espacial do prestigiado CNRS na Fran\u00e7a.<\/p>\n<p>Segundo este estudo, o risco de um aumento anormal das temperaturas do mar ser\u00e1 mais importante, o que propicia furac\u00f5es.<\/p>\n<p>Os \u00faltimos tr\u00eas anos foram os mais quentes desde que as temperaturas come\u00e7aram a ser registradas. Apesar do Acordo do Clima de Paris em 2015, o planeta se dirige a um aumento de 3\u00b0C em rela\u00e7\u00e3o \u00e0 \u00e9poca pr\u00e9-industrial.<\/p>\n","protected":false},"excerpt":{"rendered":"<p>Os pr\u00f3ximos quatro anos podem ser ainda mais quentes que os anteriores, com temperaturas superiores<\/p>\n","protected":false},"author":2,"featured_media":90409,"comment_status":"open","ping_status":"open","sticky":false,"template":"","format":"standard","meta":[],"categories":[],"tags":[],"uagb_featured_image_src":{"full":["https:\/\/espacoecologico.com.br\/arquivo\/wp-content\/uploads\/2018\/08\/temperatura.jpg",415,265,false],"thumbnail":["https:\/\/espacoecologico.com.br\/arquivo\/wp-content\/uploads\/2018\/08\/temperatura-150x150.jpg",150,150,true],"medium":["https:\/\/espacoecologico.com.br\/arquivo\/wp-content\/uploads\/2018\/08\/temperatura-300x192.jpg",300,192,true],"medium_large":["https:\/\/espacoecologico.com.br\/arquivo\/wp-content\/uploads\/2018\/08\/temperatura.jpg",415,265,false],"large":["https:\/\/espacoecologico.com.br\/arquivo\/wp-content\/uploads\/2018\/08\/temperatura.jpg",415,265,false],"1536x1536":["https:\/\/espacoecologico.com.br\/arquivo\/wp-content\/uploads\/2018\/08\/temperatura.jpg",415,265,false],"2048x2048":["https:\/\/espacoecologico.com.br\/arquivo\/wp-content\/uploads\/2018\/08\/temperatura.jpg",415,265,false],"cream-magazine-thumbnail-2":["https:\/\/espacoecologico.com.br\/arquivo\/wp-content\/uploads\/2018\/08\/temperatura.jpg",415,265,false],"cream-magazine-thumbnail-3":["https:\/\/espacoecologico.com.br\/arquivo\/wp-content\/uploads\/2018\/08\/temperatura.jpg",415,265,false],"cream-magazine-thumbnail-4":["https:\/\/espacoecologico.com.br\/arquivo\/wp-content\/uploads\/2018\/08\/temperatura.jpg",415,265,false]},"uagb_author_info":{"display_name":"","author_link":"https:\/\/espacoecologico.com.br\/arquivo\/author\/"},"uagb_comment_info":0,"uagb_excerpt":"Os pr\u00f3ximos quatro anos podem ser ainda mais quentes que os anteriores, com temperaturas superiores","_links":{"self":[{"href":"https:\/\/espacoecologico.com.br\/arquivo\/wp-json\/wp\/v2\/posts\/90408"}],"collection":[{"href":"https:\/\/espacoecologico.com.br\/arquivo\/wp-json\/wp\/v2\/posts"}],"about":[{"href":"https:\/\/espacoecologico.com.br\/arquivo\/wp-json\/wp\/v2\/types\/post"}],"author":[{"embeddable":true,"href":"https:\/\/espacoecologico.com.br\/arquivo\/wp-json\/wp\/v2\/users\/2"}],"replies":[{"embeddable":true,"href":"https:\/\/espacoecologico.com.br\/arquivo\/wp-json\/wp\/v2\/comments?post=90408"}],"version-history":[{"count":0,"href":"https:\/\/espacoecologico.com.br\/arquivo\/wp-json\/wp\/v2\/posts\/90408\/revisions"}],"wp:featuredmedia":[{"embeddable":true,"href":"https:\/\/espacoecologico.com.br\/arquivo\/wp-json\/wp\/v2\/media\/90409"}],"wp:attachment":[{"href":"https:\/\/espacoecologico.com.br\/arquivo\/wp-json\/wp\/v2\/media?parent=90408"}],"wp:term":[{"taxonomy":"category","embeddable":true,"href":"https:\/\/espacoecologico.com.br\/arquivo\/wp-json\/wp\/v2\/categories?post=90408"},{"taxonomy":"post_tag","embeddable":true,"href":"https:\/\/espacoecologico.com.br\/arquivo\/wp-json\/wp\/v2\/tags?post=90408"}],"curies":[{"name":"wp","href":"https:\/\/api.w.org\/{rel}","templated":true}]}}