{"id":90404,"date":"2018-08-17T13:30:15","date_gmt":"2018-08-17T16:30:15","guid":{"rendered":"https:\/\/espacoecologico.com.br\/arquivo\/?p=90404"},"modified":"2018-08-16T21:25:58","modified_gmt":"2018-08-17T00:25:58","slug":"atitudes-na-gravidez-que-aumentam-o-risco-de-autismo-no-bebe","status":"publish","type":"post","link":"https:\/\/espacoecologico.com.br\/arquivo\/atitudes-na-gravidez-que-aumentam-o-risco-de-autismo-no-bebe\/","title":{"rendered":"Atitudes na gravidez que aumentam o risco de autismo no beb\u00ea"},"content":{"rendered":"<section class=\"av_textblock_section \">\n<div class=\"avia_textblock  \">\n<h2><a href=\"https:\/\/espacoecologico.com.br\/arquivo\/wp-content\/uploads\/2018\/08\/crianca-1.jpg\"><img loading=\"lazy\" class=\"alignleft size-medium wp-image-90405\" src=\"https:\/\/espacoecologico.com.br\/arquivo\/wp-content\/uploads\/2018\/08\/crianca-1-300x192.jpg\" alt=\"\" width=\"300\" height=\"192\" srcset=\"https:\/\/espacoecologico.com.br\/arquivo\/wp-content\/uploads\/2018\/08\/crianca-1-300x192.jpg 300w, https:\/\/espacoecologico.com.br\/arquivo\/wp-content\/uploads\/2018\/08\/crianca-1.jpg 415w\" sizes=\"(max-width: 300px) 100vw, 300px\" \/><\/a>Confira as atitudes durante a gesta\u00e7\u00e3o que a ci\u00eancia j\u00e1 sabe que aumentam o risco de autismo no beb\u00ea<\/h2>\n<\/div>\n<\/section>\n<section class=\"av_textblock_section \">\n<div class=\"avia_textblock  \">\n<p>Autismo \u00e9 uma das condi\u00e7\u00f5es mais frequentes entre pessoas. Para se ter uma ideia, uma em cada 68 crian\u00e7as ser\u00e1 autista. Ainda n\u00e3o se sabe exatamente o que causa o autismo. Contudo, a ci\u00eancia j\u00e1 descobriu que trata-se de uma combina\u00e7\u00e3o de fatores.<\/p>\n<p>Os genes t\u00eam grande influ\u00eancia no autismo. Por isso, beb\u00eas que possuem familiares pr\u00f3ximos com autismo, como um irm\u00e3o mais velho, correm maior risco de ter a condi\u00e7\u00e3o. Por\u00e9m, os genes n\u00e3o s\u00e3o o \u00fanico fator. O ambiente tamb\u00e9m tem uma grande influ\u00eancia.<\/p>\n<div class=\"google-auto-placed ap_container\"><\/div>\n<p>Por isso, veja a seguir quais s\u00e3o as atitudes na gesta\u00e7\u00e3o que a ci\u00eancia j\u00e1 sabe que aumentam o risco de autismo no beb\u00ea:<\/p>\n<p><strong>Alguns outros rem\u00e9dios<\/strong><\/p>\n<p>Antes de tomar qualquer medicamento \u00e9 importante informar o seu m\u00e9dico que voc\u00ea est\u00e1 gr\u00e1vida. J\u00e1 se sabe que o uso de alguns rem\u00e9dios para a depress\u00e3o e outras doen\u00e7as psiqui\u00e1tricas podem favorecer o autismo no beb\u00ea. Outros estudos tamb\u00e9m associaram o uso do paracetamol na gesta\u00e7\u00e3o ao maior risco de autismo no beb\u00ea, saiba mais sobre o assunto aqui.<\/p>\n<p><strong>N\u00e3o tomar ou abusar do \u00e1cido f\u00f3lico<\/strong><\/p>\n<p>O \u00e1cido f\u00f3lico na gravidez pode ser um aliado ou um inimigo quando se trata da preven\u00e7\u00e3o do autismo. Isto porque as pesquisas j\u00e1 apontaram que o excesso de \u00e1cido f\u00f3lico na gesta\u00e7\u00e3o pode elevar os riscos de autismo no beb\u00ea. Por outro lado, n\u00e3o tomar \u00e1cido f\u00f3lico em quantidades suficientes na gravidez tamb\u00e9m eleva o risco de autismo no beb\u00ea.<\/p>\n<p>Sendo assim, o ideal \u00e9 que a mulher comece a tomar \u00e1cido f\u00f3lico antes mesmo de engravidar e consuma este suplemento na medida certa tanto antes de engravidar quanto durante a gesta\u00e7\u00e3o. \u201cA orienta\u00e7\u00e3o \u00e9 que as gestantes consumam 400 microgramas de \u00e1cido f\u00f3lico por dia a partir de tr\u00eas meses antes da concep\u00e7\u00e3o e continue at\u00e9 a 12\u00aa semana de gesta\u00e7\u00e3o\u201d, afirma a ginecologista Anagl\u00f3ria Pontes, professora do Departamento de ginecologia de obstetr\u00edcia da Universidade Estadual Paulista \u201cJ\u00falio de Mesquita Filho\u201d.<\/p>\n<p><strong>N\u00e3o tomar suplemento de vitamina D<\/strong><\/p>\n<p>Uma pesquisa feita pela Universidade de Queensland, na Austr\u00e1lia, descobriu que baixas quantidades de vitamina D no organismo da gestante aumentam o risco do beb\u00ea desenvolver autismo.<\/p>\n<p>Por isso, converse com seu ginecologista sobre a possibilidade de tomar suplementos de vitamina D durante a gesta\u00e7\u00e3o.<\/p>\n<p><strong>Menos de um ano entre gesta\u00e7\u00f5es<\/strong><\/p>\n<p>Uma pesquisa publicada na revista cient\u00edfica Pediatrics descobriu que um curto espa\u00e7o entre as gesta\u00e7\u00f5es, especialmente quando a mulher engravida em um espa\u00e7o de tempo menor de um ano ap\u00f3s a gravidez, aumenta o risco de autismo no beb\u00ea.<\/p>\n<p>Por isso, \u00e9 importante esperar pelo menos seis meses ap\u00f3s o parto para come\u00e7ar a tentar a segunda gravidez.<\/p>\n<p><strong>Aten\u00e7\u00e3o \u00e0s frutas e verduras<\/strong><\/p>\n<p>\u00c9 muito importante comer frutas e verduras durante a gesta\u00e7\u00e3o. Contudo, \u00e9 essencial lavar MUITO BEM esses alimentos antes do consumo e se poss\u00edvel optar pelas vers\u00f5es org\u00e2nicas.<\/p>\n<p>Lavar bem as frutas e verduras reduz as concentra\u00e7\u00f5es de agrot\u00f3xicos. O consumo em excesso de agrot\u00f3xicos na gesta\u00e7\u00e3o pode favorecer o risco de autismo nos beb\u00eas.<\/p>\n<div class=\"google-auto-placed ap_container\"><\/div>\n<p><strong>Comer muitas comidas prontas congeladas e outras fontes de BPA<\/strong><\/p>\n<p>Sabe aquela deliciosa lasanha congelada? Melhor n\u00e3o abusar. Isto porque estes alimentos congelados costumam conter Bisfenol A em suas embalagens. O Bisfenol A (BPA) \u00e9 um composto utilizado na fabrica\u00e7\u00e3o de policarbonato, um tipo de resina usada na produ\u00e7\u00e3o da maioria dos pl\u00e1sticos.<\/p>\n<p>Uma pesquisa realizada por Rowan University School of Osteopathic Medicine (RowanSOM) e Rutgers New Jersey Medical School (NJMS) foi o primeiro realizado em seres humanos a comprovar que de fato existe uma rela\u00e7\u00e3o entre autismo e BPA.<\/p>\n<p>Os pesquisadores analisaram 46 crian\u00e7as com autismo e descobriram que elas possuem problemas para metabolizar o BPA. \u201cObservamos que houve uma rela\u00e7\u00e3o entre a dificuldade de metabolizar o BPA e crian\u00e7as com autismo. Ainda \u00e9 necess\u00e1rio pesquisar muito mais sobre o assunto para entendermos se o consumo de BPA realmente favorece os casos de autismo. Mas j\u00e1 podemos orientar que o BPA deve ser evitado por gestantes e beb\u00eas\u201d, disse o autor do estudo Peter Stein da RowanSOM.<\/p>\n<p>Saiba como evitar a exposi\u00e7\u00e3o ao BPA<\/p>\n<p>1 \u2013 Use mamadeiras e utens\u00edlios BPA free para os beb\u00eas.<\/p>\n<p>2 \u2013 Jamais esquente no microondas bebidas e alimentos acondicionados no pl\u00e1stico. O bisfenol A \u00e9 liberado em maiores quantidades quando o pl\u00e1stico \u00e9 aquecido.<\/p>\n<div class=\"google-auto-placed ap_container\"><\/div>\n<p>3 \u2013 Evite levar ao freezer alimentos e bebidas acondicionadas no pl\u00e1stico. A libera\u00e7\u00e3o do composto tamb\u00e9m \u00e9 mais intenso quando h\u00e1 um resfriamento do pl\u00e1stico.<\/p>\n<p>4 \u2013 Evite o consumo de alimentos e bebidas enlatadas, pois o bisfenol \u00e9 utilizado como resina ep\u00f3xi no revestimento interno das latas.<\/p>\n<p>5 \u2013 Evite pratos, copos e outros utens\u00edlios de pl\u00e1stico. Opte pelo vidro, porcelana e a\u00e7o inoxid\u00e1vel na hora de armazenar bebidas e alimentos.<\/p>\n<p>6 \u2013 Descarte utens\u00edlios de pl\u00e1stico lascados ou arranhados. Evite lav\u00e1-los com detergentes fortes ou coloc\u00e1-los na m\u00e1quina de lavar lou\u00e7as.<\/p>\n<p>7 \u2013 Caso utilize embalagens pl\u00e1sticas para acondicionar alimentos ou bebidas, evite aquelas que tenham os s\u00edmbolos de reciclagem com os n\u00fameros 3 e 7 no seu interior e na parte posterior da embalagem. Eles indicam que a embalagem cont\u00e9m ou pode conter o BPA na sua composi\u00e7\u00e3o.\u201d<\/p>\n<p><strong>Exposi\u00e7\u00e3o ao cigarro e bebidas alc\u00f3olicas<\/strong><\/p>\n<p>N\u00e3o fumar e evitar o fumo passivo durante a gesta\u00e7\u00e3o pode contribuir para a preven\u00e7\u00e3o do autismo no beb\u00ea. O consumo de bebidas alco\u00f3licas durante a gesta\u00e7\u00e3o tamb\u00e9m foi associado a maior risco de autismo no beb\u00ea, ent\u00e3o, mais um motivo para n\u00e3o beber durante a gravidez.<\/p>\n<p><strong>Fonte consultada:<\/strong><\/p>\n<p>Autism Speaks, ONG dos Estados Unidos dedicada aos estudos sobre preven\u00e7\u00e3o e tratamento do autismo.<\/p>\n<\/div>\n<\/section>\n","protected":false},"excerpt":{"rendered":"<p>Confira as atitudes durante a gesta\u00e7\u00e3o que a ci\u00eancia j\u00e1 sabe que aumentam o risco<\/p>\n","protected":false},"author":2,"featured_media":90405,"comment_status":"open","ping_status":"open","sticky":false,"template":"","format":"standard","meta":[],"categories":[],"tags":[],"uagb_featured_image_src":{"full":["https:\/\/espacoecologico.com.br\/arquivo\/wp-content\/uploads\/2018\/08\/crianca-1.jpg",415,265,false],"thumbnail":["https:\/\/espacoecologico.com.br\/arquivo\/wp-content\/uploads\/2018\/08\/crianca-1-150x150.jpg",150,150,true],"medium":["https:\/\/espacoecologico.com.br\/arquivo\/wp-content\/uploads\/2018\/08\/crianca-1-300x192.jpg",300,192,true],"medium_large":["https:\/\/espacoecologico.com.br\/arquivo\/wp-content\/uploads\/2018\/08\/crianca-1.jpg",415,265,false],"large":["https:\/\/espacoecologico.com.br\/arquivo\/wp-content\/uploads\/2018\/08\/crianca-1.jpg",415,265,false],"1536x1536":["https:\/\/espacoecologico.com.br\/arquivo\/wp-content\/uploads\/2018\/08\/crianca-1.jpg",415,265,false],"2048x2048":["https:\/\/espacoecologico.com.br\/arquivo\/wp-content\/uploads\/2018\/08\/crianca-1.jpg",415,265,false],"cream-magazine-thumbnail-2":["https:\/\/espacoecologico.com.br\/arquivo\/wp-content\/uploads\/2018\/08\/crianca-1.jpg",415,265,false],"cream-magazine-thumbnail-3":["https:\/\/espacoecologico.com.br\/arquivo\/wp-content\/uploads\/2018\/08\/crianca-1.jpg",415,265,false],"cream-magazine-thumbnail-4":["https:\/\/espacoecologico.com.br\/arquivo\/wp-content\/uploads\/2018\/08\/crianca-1.jpg",415,265,false]},"uagb_author_info":{"display_name":"","author_link":"https:\/\/espacoecologico.com.br\/arquivo\/author\/"},"uagb_comment_info":0,"uagb_excerpt":"Confira as atitudes durante a gesta\u00e7\u00e3o que a ci\u00eancia j\u00e1 sabe que aumentam o risco","_links":{"self":[{"href":"https:\/\/espacoecologico.com.br\/arquivo\/wp-json\/wp\/v2\/posts\/90404"}],"collection":[{"href":"https:\/\/espacoecologico.com.br\/arquivo\/wp-json\/wp\/v2\/posts"}],"about":[{"href":"https:\/\/espacoecologico.com.br\/arquivo\/wp-json\/wp\/v2\/types\/post"}],"author":[{"embeddable":true,"href":"https:\/\/espacoecologico.com.br\/arquivo\/wp-json\/wp\/v2\/users\/2"}],"replies":[{"embeddable":true,"href":"https:\/\/espacoecologico.com.br\/arquivo\/wp-json\/wp\/v2\/comments?post=90404"}],"version-history":[{"count":0,"href":"https:\/\/espacoecologico.com.br\/arquivo\/wp-json\/wp\/v2\/posts\/90404\/revisions"}],"wp:featuredmedia":[{"embeddable":true,"href":"https:\/\/espacoecologico.com.br\/arquivo\/wp-json\/wp\/v2\/media\/90405"}],"wp:attachment":[{"href":"https:\/\/espacoecologico.com.br\/arquivo\/wp-json\/wp\/v2\/media?parent=90404"}],"wp:term":[{"taxonomy":"category","embeddable":true,"href":"https:\/\/espacoecologico.com.br\/arquivo\/wp-json\/wp\/v2\/categories?post=90404"},{"taxonomy":"post_tag","embeddable":true,"href":"https:\/\/espacoecologico.com.br\/arquivo\/wp-json\/wp\/v2\/tags?post=90404"}],"curies":[{"name":"wp","href":"https:\/\/api.w.org\/{rel}","templated":true}]}}