{"id":90395,"date":"2018-08-17T12:30:54","date_gmt":"2018-08-17T15:30:54","guid":{"rendered":"https:\/\/espacoecologico.com.br\/arquivo\/?p=90395"},"modified":"2018-08-16T21:09:11","modified_gmt":"2018-08-17T00:09:11","slug":"liquenes-antarticos-sao-estudados-como-potenciais-armas-contra-superbacterias","status":"publish","type":"post","link":"https:\/\/espacoecologico.com.br\/arquivo\/liquenes-antarticos-sao-estudados-como-potenciais-armas-contra-superbacterias\/","title":{"rendered":"L\u00edquenes ant\u00e1rticos s\u00e3o estudados como potenciais armas contra \u2018superbact\u00e9rias\u2019"},"content":{"rendered":"<p><a href=\"https:\/\/espacoecologico.com.br\/arquivo\/wp-content\/uploads\/2018\/08\/liquenes.jpg\"><img loading=\"lazy\" class=\"alignleft size-medium wp-image-90396\" src=\"https:\/\/espacoecologico.com.br\/arquivo\/wp-content\/uploads\/2018\/08\/liquenes-300x192.jpg\" alt=\"\" width=\"300\" height=\"192\" srcset=\"https:\/\/espacoecologico.com.br\/arquivo\/wp-content\/uploads\/2018\/08\/liquenes-300x192.jpg 300w, https:\/\/espacoecologico.com.br\/arquivo\/wp-content\/uploads\/2018\/08\/liquenes.jpg 415w\" sizes=\"(max-width: 300px) 100vw, 300px\" \/><\/a>Expostos a baix\u00edssimas temperaturas e a condi\u00e7\u00f5es clim\u00e1ticas extremas, os l\u00edquenes que crescem na Ant\u00e1rtica podem se tornar a esperan\u00e7a para combater as \u201csuperbact\u00e9rias\u201d, resistentes aos antibi\u00f3ticos e que est\u00e3o se transformando em uma nova amea\u00e7a para a sa\u00fade humana.<\/p>\n<p>Dominantes na flora terrestre ant\u00e1rtica, os l\u00edquenes \u2013 surgidos da simbiose entre uma alga e um fungo \u2013 produzem grande quantidade de compostos, conhecidos como \u201cmetab\u00f3litos secund\u00e1rios\u201d, para sobreviver em h\u00e1bitats in\u00f3spitos.<\/p>\n<p>Suas propriedades s\u00e3o \u00fateis em ambientes polares e de alta montanha e, entre elas, encontram-se a prote\u00e7\u00e3o contra radia\u00e7\u00e3o ultravioleta, atividade antioxidante, antimicrobiana, ou anticancer\u00edgena.<\/p>\n<div class=\"clearfix\">\u00a0Os cientistas chilenos Ang\u00e9lica Casanova-Katny, Xabier Villanueva e Gerardo Gonz\u00e1lez-Rocha estudam essas propriedades para criar um ant\u00eddoto para as bact\u00e9rias multirresistentes. Segundo a Organiza\u00e7\u00e3o Mundial de Sa\u00fade (OMS), elas podem matar 10 milh\u00f5es de pessoas at\u00e9 2050.<\/div>\n<p>Nem todos os l\u00edquenes que crescem nas pedras, nos musgos, ou na terra do Continente Branco t\u00eam as mesmas propriedades, diz a ecofisi\u00f3loga Casanova-Katny \u00e0 AFP.<\/p>\n<p>Entre os l\u00edquenes procedentes da pen\u00ednsula Fildes, na ilha do Rei George, um dos mais efetivos foi o H. lugubris, testado contra duas cepas bacterianas resistentes aos antibi\u00f3ticos (Kocuria rizophila ATCC 9341 e A. baumannii ATCC 19606) e contra v\u00e1rias cepas cl\u00ednicas de \u201cAcinotebacter baumannii\u201d, um importante pat\u00f3geno hospitalar multirresistente aos antibi\u00f3ticos.<\/p>\n<div class=\"clearfix\">\u00a0\u2013 Arma poderosa \u2013<\/div>\n<p>Entre os compostos que formam o extrato prim\u00e1rio encontrado nesse tipo de l\u00edquen est\u00e1 o atranol \u2013 usado para elaborar perfumes -, um metab\u00f3lito com potencial utilidade antibacteriana em Medicina.<\/p>\n<p>Embora a maioria das plantas produza esses metab\u00f3litos secund\u00e1rios, a quantidade produzida nesses l\u00edquenes \u00e9 muito superior (beira os 700 contra os 200 das outras plantas), apontam os autores do projeto.<\/p>\n<div class=\"clearfix\">\u00a0\u201cOs l\u00edquenes s\u00e3o dif\u00edceis de estudar, de identificar e cultivar, motivo pelo qual foi uma novidade ter encontrado o atranol\u201d, disse Casanova-Katny.<\/div>\n<p>Os testes no Laborat\u00f3rio de Pesquisa em Agentes Antibacterianos, da Universidade de Concepci\u00f3n, ainda est\u00e3o em fase inicial.<\/p>\n<p>Depois, ser\u00e1 necess\u00e1rio sintetizar as mol\u00e9culas de forma artificial em laborat\u00f3rio e realizar testes em animais, antes de convert\u00ea-las em antibi\u00f3tico. E, para isso, o principal \u00e9 \u201cconvencer as empresas farmac\u00eauticas para que invistam\u201d no projeto, acrescenta a cientista.<\/p>\n<div class=\"clearfix\">\u00a0O caminho para que um antibi\u00f3tico \u201cchegue em uma caixa de rem\u00e9dios at\u00e9 uma farm\u00e1cia dura pelo menos dez anos\u201d, completa.<\/div>\n<p>\u00c0 dificuldade de levar um novo antibi\u00f3tico para o mercado, soma-se outra para os cientistas, inerente a esta flora ant\u00e1rtica que cresce muito lentamente e cujo cultivo \u201cin vitro\u201d foi dif\u00edcil. Para algumas esp\u00e9cies, imposs\u00edvel.<\/p>\n<p>Por isso, os cientistas alertam que \u00e9 \u201cimportante\u201d que a investiga\u00e7\u00e3o em produtos naturais obtidos de organismos ant\u00e1rticos seja uma ferramenta para favorecer e melhorar sua preserva\u00e7\u00e3o, e \u201cn\u00e3o uma desculpa para depredar um dos \u00faltimos lugares mais primitivos na Terra\u201d.<\/p>\n<div class=\"clearfix\">\u00a0\u2013 Uso abusivo \u2013<\/div>\n<p>As bact\u00e9rias s\u00e3o os micro-organismos mais antigos e eficazes que existem na Terra. Estima-se que tenham surgido h\u00e1 quase 3,6 bilh\u00f5es de anos e sejam capazes de se adaptar praticamente a todas as condi\u00e7\u00f5es ambientais.<\/p>\n<p>Ainda que imprescind\u00edveis para a vida do planeta e de grande import\u00e2ncia para o ser humano, um pequeno percentual de bact\u00e9rias patog\u00eanicas \u00e9 letal. Desde a descoberta da penicilina em 1929 por Alexander Fleming, foram combatidas por antibi\u00f3ticos, mas algumas se tornaram resistentes \u00e0 a\u00e7\u00e3o desses medicamentos convencionais.<\/p>\n<div class=\"clearfix\">\u00a0Entre estas \u00faltimas, est\u00e3o as que desenvolvem biopel\u00edculas, uma comunidade de bact\u00e9rias cercadas por uma camada protetora de subst\u00e2ncias polim\u00e9ricas extracelulares como a\u00e7\u00facares, prote\u00ednas, ou DNA, que crescem aderidas a superf\u00edcies, ou em interfaces s\u00f3lido-l\u00edquidas e causadoras da maioria das infec\u00e7\u00f5es. E este \u00e9, justamente, o objetivo das pesquisas sobre os l\u00edquenes ant\u00e1rticos.<\/div>\n","protected":false},"excerpt":{"rendered":"<p>Expostos a baix\u00edssimas temperaturas e a condi\u00e7\u00f5es clim\u00e1ticas extremas, os l\u00edquenes que crescem na Ant\u00e1rtica<\/p>\n","protected":false},"author":2,"featured_media":90396,"comment_status":"open","ping_status":"open","sticky":false,"template":"","format":"standard","meta":[],"categories":[],"tags":[],"uagb_featured_image_src":{"full":["https:\/\/espacoecologico.com.br\/arquivo\/wp-content\/uploads\/2018\/08\/liquenes.jpg",415,265,false],"thumbnail":["https:\/\/espacoecologico.com.br\/arquivo\/wp-content\/uploads\/2018\/08\/liquenes-150x150.jpg",150,150,true],"medium":["https:\/\/espacoecologico.com.br\/arquivo\/wp-content\/uploads\/2018\/08\/liquenes-300x192.jpg",300,192,true],"medium_large":["https:\/\/espacoecologico.com.br\/arquivo\/wp-content\/uploads\/2018\/08\/liquenes.jpg",415,265,false],"large":["https:\/\/espacoecologico.com.br\/arquivo\/wp-content\/uploads\/2018\/08\/liquenes.jpg",415,265,false],"1536x1536":["https:\/\/espacoecologico.com.br\/arquivo\/wp-content\/uploads\/2018\/08\/liquenes.jpg",415,265,false],"2048x2048":["https:\/\/espacoecologico.com.br\/arquivo\/wp-content\/uploads\/2018\/08\/liquenes.jpg",415,265,false],"cream-magazine-thumbnail-2":["https:\/\/espacoecologico.com.br\/arquivo\/wp-content\/uploads\/2018\/08\/liquenes.jpg",415,265,false],"cream-magazine-thumbnail-3":["https:\/\/espacoecologico.com.br\/arquivo\/wp-content\/uploads\/2018\/08\/liquenes.jpg",415,265,false],"cream-magazine-thumbnail-4":["https:\/\/espacoecologico.com.br\/arquivo\/wp-content\/uploads\/2018\/08\/liquenes.jpg",415,265,false]},"uagb_author_info":{"display_name":"","author_link":"https:\/\/espacoecologico.com.br\/arquivo\/author\/"},"uagb_comment_info":0,"uagb_excerpt":"Expostos a baix\u00edssimas temperaturas e a condi\u00e7\u00f5es clim\u00e1ticas extremas, os l\u00edquenes que crescem na Ant\u00e1rtica","_links":{"self":[{"href":"https:\/\/espacoecologico.com.br\/arquivo\/wp-json\/wp\/v2\/posts\/90395"}],"collection":[{"href":"https:\/\/espacoecologico.com.br\/arquivo\/wp-json\/wp\/v2\/posts"}],"about":[{"href":"https:\/\/espacoecologico.com.br\/arquivo\/wp-json\/wp\/v2\/types\/post"}],"author":[{"embeddable":true,"href":"https:\/\/espacoecologico.com.br\/arquivo\/wp-json\/wp\/v2\/users\/2"}],"replies":[{"embeddable":true,"href":"https:\/\/espacoecologico.com.br\/arquivo\/wp-json\/wp\/v2\/comments?post=90395"}],"version-history":[{"count":0,"href":"https:\/\/espacoecologico.com.br\/arquivo\/wp-json\/wp\/v2\/posts\/90395\/revisions"}],"wp:featuredmedia":[{"embeddable":true,"href":"https:\/\/espacoecologico.com.br\/arquivo\/wp-json\/wp\/v2\/media\/90396"}],"wp:attachment":[{"href":"https:\/\/espacoecologico.com.br\/arquivo\/wp-json\/wp\/v2\/media?parent=90395"}],"wp:term":[{"taxonomy":"category","embeddable":true,"href":"https:\/\/espacoecologico.com.br\/arquivo\/wp-json\/wp\/v2\/categories?post=90395"},{"taxonomy":"post_tag","embeddable":true,"href":"https:\/\/espacoecologico.com.br\/arquivo\/wp-json\/wp\/v2\/tags?post=90395"}],"curies":[{"name":"wp","href":"https:\/\/api.w.org\/{rel}","templated":true}]}}