{"id":90391,"date":"2018-08-17T12:00:07","date_gmt":"2018-08-17T15:00:07","guid":{"rendered":"https:\/\/espacoecologico.com.br\/arquivo\/?p=90391"},"modified":"2018-08-16T20:46:20","modified_gmt":"2018-08-16T23:46:20","slug":"plastico-nao-reciclado-custara-10-por-cento-a-mais-na-franca","status":"publish","type":"post","link":"https:\/\/espacoecologico.com.br\/arquivo\/plastico-nao-reciclado-custara-10-por-cento-a-mais-na-franca\/","title":{"rendered":"Pl\u00e1stico n\u00e3o reciclado custar\u00e1 10 por cento a mais na Fran\u00e7a"},"content":{"rendered":"<p><a href=\"https:\/\/espacoecologico.com.br\/arquivo\/wp-content\/uploads\/2018\/08\/reciclagem-1.jpg\"><img loading=\"lazy\" class=\"alignleft size-medium wp-image-90392\" src=\"https:\/\/espacoecologico.com.br\/arquivo\/wp-content\/uploads\/2018\/08\/reciclagem-1-300x192.jpg\" alt=\"\" width=\"300\" height=\"192\" srcset=\"https:\/\/espacoecologico.com.br\/arquivo\/wp-content\/uploads\/2018\/08\/reciclagem-1-300x192.jpg 300w, https:\/\/espacoecologico.com.br\/arquivo\/wp-content\/uploads\/2018\/08\/reciclagem-1.jpg 415w\" sizes=\"(max-width: 300px) 100vw, 300px\" \/><\/a>A Fran\u00e7a anunciou no \u00faltimo domingo (12) que planeja tornar as garrafas e embalagens feitas com pl\u00e1stico reciclado mais baratas que as feitas de pl\u00e1stico virgem. A iniciativa seria parte de um plano maior para intensificar as regulamenta\u00e7\u00f5es sobre o uso de pl\u00e1stico, que tamb\u00e9m incluem o aumento de impostos sobre aterros e redu\u00e7\u00e3o do imposto sobre valor agregado em atividades de reciclagem.<\/p>\n<p>\u201cDeclarar guerra ao pl\u00e1stico n\u00e3o \u00e9 suficiente. Precisamos transformar a economia francesa\u201d, disse a Ministra J\u00fanior do Meio Ambiente, Brune Poirson, ao jornal franc\u00eas\u00a0<a href=\"https:\/\/www.lejdd.fr\/politique\/la-secretaire-detat-brune-poirson-veut-creer-un-electrochoc-pour-lutter-contre-le-plastique-3731105#xtor=CS1-4\" target=\"_blank\" rel=\"noopener\">Le Journal du Dimanche<\/a>. De acordo com Poirson, o governo franc\u00eas vai introduzir mais medidas espec\u00edficas para resolver o problema da polui\u00e7\u00e3o por pl\u00e1sticos. \u201cEstamos lan\u00e7ando um movimento que ser\u00e1 analisado e seguido pelos nossos parceiros europeus.\u201d<\/p>\n<div id=\"div-gpt-ad-1515694727157-4\" data-google-query-id=\"CKO-k8ff8twCFUuyTwodDZsE4w\"><\/div>\n<p>Parte desse movimento \u00e9 um plano para reduzir o pre\u00e7o dos produtos embalados em cont\u00eaineres reciclados em at\u00e9 10%. O sistema de desconto-pr\u00eamio incentiva seus consumidores a reciclar, tornando a sustentabilidade a op\u00e7\u00e3o mais acess\u00edvel. \u201cAmanh\u00e3, quando houver a escolha entre duas garrafas, uma feita com pl\u00e1stico reciclado, a outra n\u00e3o, a primeira ser\u00e1 mais barata\u201d, afirmou Poiron.<\/p>\n<p>Segundo dados publicados pela\u00a0<a href=\"https:\/\/www.reuters.com\/article\/us-france-plastics\/france-to-make-unrecycled-plastic-bottles-more-expensive-idUSKBN1KY13T?feedType=RSS&amp;feedName=environmentNews\" target=\"_blank\" rel=\"noopener\">Reuters<\/a>, atualmente a Fran\u00e7a recicla apenas 25,5% de seus res\u00edduos de embalagens de pl\u00e1stico, ficando com a segunda pior taxa de reciclagem da Europa. A Alemanha e a Holanda reciclam cerca de 50% de seus res\u00edduos pl\u00e1sticos. No entanto, o governo franc\u00eas de Emmanuel Macron planeja mudar sua taxa de reciclagem de pl\u00e1stico para 100% at\u00e9 o ano de 2025, com o recente an\u00fancio marcando os primeiros passos em dire\u00e7\u00e3o a essa meta.<\/p>\n","protected":false},"excerpt":{"rendered":"<p>A Fran\u00e7a anunciou no \u00faltimo domingo (12) que planeja tornar as garrafas e embalagens feitas<\/p>\n","protected":false},"author":2,"featured_media":90392,"comment_status":"open","ping_status":"open","sticky":false,"template":"","format":"standard","meta":[],"categories":[],"tags":[],"uagb_featured_image_src":{"full":["https:\/\/espacoecologico.com.br\/arquivo\/wp-content\/uploads\/2018\/08\/reciclagem-1.jpg",415,265,false],"thumbnail":["https:\/\/espacoecologico.com.br\/arquivo\/wp-content\/uploads\/2018\/08\/reciclagem-1-150x150.jpg",150,150,true],"medium":["https:\/\/espacoecologico.com.br\/arquivo\/wp-content\/uploads\/2018\/08\/reciclagem-1-300x192.jpg",300,192,true],"medium_large":["https:\/\/espacoecologico.com.br\/arquivo\/wp-content\/uploads\/2018\/08\/reciclagem-1.jpg",415,265,false],"large":["https:\/\/espacoecologico.com.br\/arquivo\/wp-content\/uploads\/2018\/08\/reciclagem-1.jpg",415,265,false],"1536x1536":["https:\/\/espacoecologico.com.br\/arquivo\/wp-content\/uploads\/2018\/08\/reciclagem-1.jpg",415,265,false],"2048x2048":["https:\/\/espacoecologico.com.br\/arquivo\/wp-content\/uploads\/2018\/08\/reciclagem-1.jpg",415,265,false],"cream-magazine-thumbnail-2":["https:\/\/espacoecologico.com.br\/arquivo\/wp-content\/uploads\/2018\/08\/reciclagem-1.jpg",415,265,false],"cream-magazine-thumbnail-3":["https:\/\/espacoecologico.com.br\/arquivo\/wp-content\/uploads\/2018\/08\/reciclagem-1.jpg",415,265,false],"cream-magazine-thumbnail-4":["https:\/\/espacoecologico.com.br\/arquivo\/wp-content\/uploads\/2018\/08\/reciclagem-1.jpg",415,265,false]},"uagb_author_info":{"display_name":"","author_link":"https:\/\/espacoecologico.com.br\/arquivo\/author\/"},"uagb_comment_info":0,"uagb_excerpt":"A Fran\u00e7a anunciou no \u00faltimo domingo (12) que planeja tornar as garrafas e embalagens feitas","_links":{"self":[{"href":"https:\/\/espacoecologico.com.br\/arquivo\/wp-json\/wp\/v2\/posts\/90391"}],"collection":[{"href":"https:\/\/espacoecologico.com.br\/arquivo\/wp-json\/wp\/v2\/posts"}],"about":[{"href":"https:\/\/espacoecologico.com.br\/arquivo\/wp-json\/wp\/v2\/types\/post"}],"author":[{"embeddable":true,"href":"https:\/\/espacoecologico.com.br\/arquivo\/wp-json\/wp\/v2\/users\/2"}],"replies":[{"embeddable":true,"href":"https:\/\/espacoecologico.com.br\/arquivo\/wp-json\/wp\/v2\/comments?post=90391"}],"version-history":[{"count":0,"href":"https:\/\/espacoecologico.com.br\/arquivo\/wp-json\/wp\/v2\/posts\/90391\/revisions"}],"wp:featuredmedia":[{"embeddable":true,"href":"https:\/\/espacoecologico.com.br\/arquivo\/wp-json\/wp\/v2\/media\/90392"}],"wp:attachment":[{"href":"https:\/\/espacoecologico.com.br\/arquivo\/wp-json\/wp\/v2\/media?parent=90391"}],"wp:term":[{"taxonomy":"category","embeddable":true,"href":"https:\/\/espacoecologico.com.br\/arquivo\/wp-json\/wp\/v2\/categories?post=90391"},{"taxonomy":"post_tag","embeddable":true,"href":"https:\/\/espacoecologico.com.br\/arquivo\/wp-json\/wp\/v2\/tags?post=90391"}],"curies":[{"name":"wp","href":"https:\/\/api.w.org\/{rel}","templated":true}]}}