{"id":90387,"date":"2018-08-17T11:00:46","date_gmt":"2018-08-17T14:00:46","guid":{"rendered":"https:\/\/espacoecologico.com.br\/arquivo\/?p=90387"},"modified":"2018-08-16T20:34:06","modified_gmt":"2018-08-16T23:34:06","slug":"onu-mobiliza-setor-privado-em-prol-da-biodiversidade-no-mexico-america-central-e-republica-dominicana","status":"publish","type":"post","link":"https:\/\/espacoecologico.com.br\/arquivo\/onu-mobiliza-setor-privado-em-prol-da-biodiversidade-no-mexico-america-central-e-republica-dominicana\/","title":{"rendered":"ONU mobiliza setor privado em prol da biodiversidade no M\u00e9xico, Am\u00e9rica Central e Rep\u00fablica Dominicana"},"content":{"rendered":"<p><a href=\"https:\/\/espacoecologico.com.br\/arquivo\/wp-content\/uploads\/2018\/08\/largato.jpg\"><img loading=\"lazy\" class=\"alignleft size-medium wp-image-90388\" src=\"https:\/\/espacoecologico.com.br\/arquivo\/wp-content\/uploads\/2018\/08\/largato-300x192.jpg\" alt=\"\" width=\"300\" height=\"192\" srcset=\"https:\/\/espacoecologico.com.br\/arquivo\/wp-content\/uploads\/2018\/08\/largato-300x192.jpg 300w, https:\/\/espacoecologico.com.br\/arquivo\/wp-content\/uploads\/2018\/08\/largato.jpg 415w\" sizes=\"(max-width: 300px) 100vw, 300px\" \/><\/a>A ONU Meio Ambiente e a Alian\u00e7a Meso-Americana pela Biodiversidade firmaram uma parceria para mobilizar o setor privado em prol da conserva\u00e7\u00e3o da natureza. Coopera\u00e7\u00e3o visa prevenir a perda de flora e fauna silvestres no M\u00e9xico, Guatemala, Belize, Rep\u00fablica Dominicana, Honduras, El Salvador, Nicar\u00e1gua, Costa Rica e Panam\u00e1. Pa\u00edses concentram 7% de toda a diversidade biol\u00f3gica do planeta.<\/p>\n<p>Desde 1960, essa regi\u00e3o subcontinental perdeu 25% de suas florestas, segundo o levantamento mais recente da Plataforma Inver-governamental Cient\u00edfico-Normativa sobre Diversidade Biol\u00f3gica (IPBES). Esse ritmo de devasta\u00e7\u00e3o amea\u00e7a a oferta de recursos naturais, como \u00e1gua e solos f\u00e9rteis, e tamb\u00e9m esp\u00e9cies em perigo, como a on\u00e7a e a anta.<\/p>\n<p>Ainda de acordo com o IPBES, sem uma resposta efetiva no presente, a regi\u00e3o das Am\u00e9ricas ver\u00e1 40% de sua biodiversidade desaparecer at\u00e9 2050. Entre os problemas identificados na Meso-Am\u00e9rica, est\u00e3o a fragmenta\u00e7\u00e3o dos habitats naturais \u2014 devido ao crescimento da popula\u00e7\u00e3o \u2014, os crimes ambientais e pr\u00e1ticas produtivas irrespons\u00e1veis.<\/p>\n<p>\u201cNa Meso-Am\u00e9rica, uma regi\u00e3o que possui mais de 7% da biodiversidade mundial, precisamos das empresas para garantir o uso sustent\u00e1vel dos recursos e para desestimular as pr\u00e1ticas que degradam o meio ambiente, como a explora\u00e7\u00e3o madeireira ilegal ou o tr\u00e1fico ilegal de esp\u00e9cies. Por isso, \u00e9 priorit\u00e1rio ajudar o setor privado a integrar a conserva\u00e7\u00e3o em seus sistemas de gest\u00e3o\u201d, afirmou o presidente da Alian\u00e7a, George Jaksch, em cerim\u00f4nia no Panam\u00e1 para formalizar a parceria com as Na\u00e7\u00f5es Unidas.<\/p>\n<p>A coopera\u00e7\u00e3o defender\u00e1 a inclus\u00e3o do tema da biodiversidade e seu uso sustent\u00e1vel nas cadeias produtivas, al\u00e9m de mobilizar fontes de financiamento para empresas que desenvolvam pr\u00e1ticas ben\u00e9ficas para os ecossistemas. Outra frente de atua\u00e7\u00e3o ser\u00e1 o incentivo a novas parcerias entre Estados, setor privado e ONGs ambientais.<\/p>\n<p>\u201cGovernos, cientistas, cidad\u00e3os e empresas n\u00e3o podem trabalhar isoladamente para responder \u00e0s amea\u00e7as globais contra a biodiversidade, como as mudan\u00e7as clim\u00e1ticas, a polui\u00e7\u00e3o ou o tr\u00e1fico il\u00edcito da vida silvestre. Precismos unir todos os atores e impulsionar as iniciativas privadas para protegerem efetivamente a biodiversidade\u201d, afirmou o diretor da ONU Meio Ambiente para a Am\u00e9rica Latina e o Caribe, Leo Heileman.<\/p>\n<p>\u201cDa mesma forma, devemos entender o valor dos ecossistemas no fornecimento de servi\u00e7os vitais, dos quais as empresas (tamb\u00e9m) se beneficiam\u201d, completou o especialista.<\/p>\n<p>Conhecida pela sigla BPM, do ingl\u00eas, a Alian\u00e7a Meso-Americana pela Biodiversidade \u00e9 formada por institui\u00e7\u00f5es p\u00fablicas e privadas, da ind\u00fastria e dos meios cient\u00edfico e tur\u00edstico. Com atividades voltadas para a Am\u00e9rica Central, Rep\u00fablica Dominicana e M\u00e9xico, a entidade conta com mais de 20 s\u00f3cios \u2014 entre eles, as companhias e \u00f3rg\u00e3os Dole Food Company, Chiquita Brands International, o Centro Agron\u00f4mico Tropical de Pesquisa e Ensino (CATIE) e a Comiss\u00e3o Nacional para o Conhecimento e Uso da Biodiversidade (CONABIO), do M\u00e9xico.<\/p>\n","protected":false},"excerpt":{"rendered":"<p>A ONU Meio Ambiente e a Alian\u00e7a Meso-Americana pela Biodiversidade firmaram uma parceria para mobilizar<\/p>\n","protected":false},"author":2,"featured_media":90388,"comment_status":"open","ping_status":"open","sticky":false,"template":"","format":"standard","meta":[],"categories":[],"tags":[],"uagb_featured_image_src":{"full":["https:\/\/espacoecologico.com.br\/arquivo\/wp-content\/uploads\/2018\/08\/largato.jpg",415,265,false],"thumbnail":["https:\/\/espacoecologico.com.br\/arquivo\/wp-content\/uploads\/2018\/08\/largato-150x150.jpg",150,150,true],"medium":["https:\/\/espacoecologico.com.br\/arquivo\/wp-content\/uploads\/2018\/08\/largato-300x192.jpg",300,192,true],"medium_large":["https:\/\/espacoecologico.com.br\/arquivo\/wp-content\/uploads\/2018\/08\/largato.jpg",415,265,false],"large":["https:\/\/espacoecologico.com.br\/arquivo\/wp-content\/uploads\/2018\/08\/largato.jpg",415,265,false],"1536x1536":["https:\/\/espacoecologico.com.br\/arquivo\/wp-content\/uploads\/2018\/08\/largato.jpg",415,265,false],"2048x2048":["https:\/\/espacoecologico.com.br\/arquivo\/wp-content\/uploads\/2018\/08\/largato.jpg",415,265,false],"cream-magazine-thumbnail-2":["https:\/\/espacoecologico.com.br\/arquivo\/wp-content\/uploads\/2018\/08\/largato.jpg",415,265,false],"cream-magazine-thumbnail-3":["https:\/\/espacoecologico.com.br\/arquivo\/wp-content\/uploads\/2018\/08\/largato.jpg",415,265,false],"cream-magazine-thumbnail-4":["https:\/\/espacoecologico.com.br\/arquivo\/wp-content\/uploads\/2018\/08\/largato.jpg",415,265,false]},"uagb_author_info":{"display_name":"","author_link":"https:\/\/espacoecologico.com.br\/arquivo\/author\/"},"uagb_comment_info":0,"uagb_excerpt":"A ONU Meio Ambiente e a Alian\u00e7a Meso-Americana pela Biodiversidade firmaram uma parceria para mobilizar","_links":{"self":[{"href":"https:\/\/espacoecologico.com.br\/arquivo\/wp-json\/wp\/v2\/posts\/90387"}],"collection":[{"href":"https:\/\/espacoecologico.com.br\/arquivo\/wp-json\/wp\/v2\/posts"}],"about":[{"href":"https:\/\/espacoecologico.com.br\/arquivo\/wp-json\/wp\/v2\/types\/post"}],"author":[{"embeddable":true,"href":"https:\/\/espacoecologico.com.br\/arquivo\/wp-json\/wp\/v2\/users\/2"}],"replies":[{"embeddable":true,"href":"https:\/\/espacoecologico.com.br\/arquivo\/wp-json\/wp\/v2\/comments?post=90387"}],"version-history":[{"count":0,"href":"https:\/\/espacoecologico.com.br\/arquivo\/wp-json\/wp\/v2\/posts\/90387\/revisions"}],"wp:featuredmedia":[{"embeddable":true,"href":"https:\/\/espacoecologico.com.br\/arquivo\/wp-json\/wp\/v2\/media\/90388"}],"wp:attachment":[{"href":"https:\/\/espacoecologico.com.br\/arquivo\/wp-json\/wp\/v2\/media?parent=90387"}],"wp:term":[{"taxonomy":"category","embeddable":true,"href":"https:\/\/espacoecologico.com.br\/arquivo\/wp-json\/wp\/v2\/categories?post=90387"},{"taxonomy":"post_tag","embeddable":true,"href":"https:\/\/espacoecologico.com.br\/arquivo\/wp-json\/wp\/v2\/tags?post=90387"}],"curies":[{"name":"wp","href":"https:\/\/api.w.org\/{rel}","templated":true}]}}