{"id":90383,"date":"2018-08-17T14:30:41","date_gmt":"2018-08-17T17:30:41","guid":{"rendered":"https:\/\/espacoecologico.com.br\/arquivo\/?p=90383"},"modified":"2018-08-16T20:25:16","modified_gmt":"2018-08-16T23:25:16","slug":"acordo-em-prol-de-25-especies-ameacadas-da-fauna-brasileira","status":"publish","type":"post","link":"https:\/\/espacoecologico.com.br\/arquivo\/acordo-em-prol-de-25-especies-ameacadas-da-fauna-brasileira\/","title":{"rendered":"Acordo em prol de 25 esp\u00e9cies amea\u00e7adas da fauna brasileira"},"content":{"rendered":"<p><a href=\"https:\/\/espacoecologico.com.br\/arquivo\/wp-content\/uploads\/2018\/08\/acordo.jpg\"><img loading=\"lazy\" class=\"alignleft size-medium wp-image-90384\" src=\"https:\/\/espacoecologico.com.br\/arquivo\/wp-content\/uploads\/2018\/08\/acordo-300x192.jpg\" alt=\"\" width=\"300\" height=\"192\" srcset=\"https:\/\/espacoecologico.com.br\/arquivo\/wp-content\/uploads\/2018\/08\/acordo-300x192.jpg 300w, https:\/\/espacoecologico.com.br\/arquivo\/wp-content\/uploads\/2018\/08\/acordo.jpg 415w\" sizes=\"(max-width: 300px) 100vw, 300px\" \/><\/a>Coopera\u00e7\u00e3o t\u00e9cnica tem o objetivo \u00e9 melhorar a organiza\u00e7\u00e3o das popula\u00e7\u00f5es cativas das esp\u00e9cies.<\/p>\n<div>No dia 26 de julho ocorreu o 1\u00ba Encontro T\u00e9cnico entre o Instituto Chico Mendes de Conserva\u00e7\u00e3o da Biodiversidade (ICMBio) e a Associa\u00e7\u00e3o de Zool\u00f3gicos e Aqu\u00e1rios do Brasil &#8211; AZAB (antiga Sociedade de Zool\u00f3gicos e Aqu\u00e1rios do Brasil). O prop\u00f3sito do evento, realizado na Funda\u00e7\u00e3o Parque Zool\u00f3gico de S\u00e3o Paulo, foi discutir a cria\u00e7\u00e3o e implanta\u00e7\u00e3o de grupos de trabalho para come\u00e7ar a implementa\u00e7\u00e3o das a\u00e7\u00f5es do Acordo de Coopera\u00e7\u00e3o T\u00e9cnica entre essas institui\u00e7\u00f5es. Pelo Acordo, a AZAB ir\u00e1 cooperar com o ICMBio na elabora\u00e7\u00e3o e execu\u00e7\u00e3o de planos de manejo ex situ (conserva\u00e7\u00e3o fora do lugar de origem), de 25 esp\u00e9cies amea\u00e7adas da fauna brasileira. O principal objetivo \u00e9 melhorar a organiza\u00e7\u00e3o das popula\u00e7\u00f5es cativas dessas esp\u00e9cies no Brasil, para garantir suas viabilidades gen\u00e9ticas e demogr\u00e1ficas, tornando poss\u00edvel o manejo populacional na natureza, quando necess\u00e1rio.<\/p>\n<\/div>\n<div>As 25 esp\u00e9cies-alvo foram definidas com base nas recomenda\u00e7\u00f5es dos Centros de Pesquisa e Conserva\u00e7\u00e3o do ICMBio e levaram em conta: o tamanho da popula\u00e7\u00e3o cativa j\u00e1 existente; o risco de extin\u00e7\u00e3o das esp\u00e9cies; e a urg\u00eancia em estabelecer uma popula\u00e7\u00e3o de reserva. Ainda, a elabora\u00e7\u00e3o da lista buscou ser a mais abrangente poss\u00edvel em rela\u00e7\u00e3o aos diferentes grupos, contemplando mam\u00edferos, aves, r\u00e9pteis, anf\u00edbios e peixes continentais e marinhos.<\/p>\n<p><img loading=\"lazy\" title=\"c\u00e1gado-de-hogei, esp\u00e9cie que est\u00e1 na lista. (Foto: Acervo\/ICMBio)  \" src=\"http:\/\/www.icmbio.gov.br\/portal\/images\/stories\/comunicacao\/noticias\/2018\/Mesoclemmys_hogei_site.jpg\" alt=\"Mesoclemmys hogei site\" width=\"400\" height=\"268\" \/>Entre elas, h\u00e1 esp\u00e9cies com efeito \u201cguarda-chuva\u201d como a on\u00e7a-pintada, o mico-le\u00e3o-da-cara-dourada e o pato-mergulh\u00e3o, cuja conserva\u00e7\u00e3o na natureza propiciar\u00e1 a prote\u00e7\u00e3o do ambiente e de outros animais. H\u00e1, tamb\u00e9m, os casos priorit\u00e1rios para conserva\u00e7\u00e3o representado pelas esp\u00e9cies end\u00eamicas e de ocorr\u00eancia territorial muito restrita. Nestas situa\u00e7\u00f5es, estabelecer um programa de conserva\u00e7\u00e3o ex situ ser\u00e1 imprescind\u00edvel para compor uma popula\u00e7\u00e3o de reserva que possa, futuramente, contribuir para a reintrodu\u00e7\u00e3o em \u00e1reas adequadas. S\u00e3o exemplos destas esp\u00e9cies o c\u00e1gado-de-hogei, acari-zebra e uma esp\u00e9cie de peixe ornamental que vive em pequenas po\u00e7as Ophthalmolebias constanciae.<\/p>\n<\/div>\n<div>Com os grupos de trabalho levantados durante o evento, as 37 institui\u00e7\u00f5es brasileiras presentes e os Centros de Pesquisa e Conserva\u00e7\u00e3o do ICMBio (Cemave, Cenap, Cepam, Cepsul, CEPTA, CPB e RAN)\u00a0 ir\u00e3o elaborar recomenda\u00e7\u00f5es t\u00e9cnicas para o aperfei\u00e7oamento do manejo de cada esp\u00e9cie com base no censo gen\u00e9tico da popula\u00e7\u00e3o. A AZAB tamb\u00e9m divulgar\u00e1 a\u00e7\u00f5es educativas e pesquisas relacionados \u00e0 manuten\u00e7\u00e3o dessas esp\u00e9cies-alvo em cativeiro, refor\u00e7ando, assim, a relev\u00e2ncia da contribui\u00e7\u00e3o feita nos zool\u00f3gicos e aqu\u00e1rios \u00e0 conserva\u00e7\u00e3o da biodiversidade brasileira.<\/div>\n","protected":false},"excerpt":{"rendered":"<p>Coopera\u00e7\u00e3o t\u00e9cnica tem o objetivo \u00e9 melhorar a organiza\u00e7\u00e3o das popula\u00e7\u00f5es cativas das esp\u00e9cies. No<\/p>\n","protected":false},"author":2,"featured_media":90384,"comment_status":"open","ping_status":"open","sticky":false,"template":"","format":"standard","meta":[],"categories":[],"tags":[],"uagb_featured_image_src":{"full":["https:\/\/espacoecologico.com.br\/arquivo\/wp-content\/uploads\/2018\/08\/acordo.jpg",415,265,false],"thumbnail":["https:\/\/espacoecologico.com.br\/arquivo\/wp-content\/uploads\/2018\/08\/acordo-150x150.jpg",150,150,true],"medium":["https:\/\/espacoecologico.com.br\/arquivo\/wp-content\/uploads\/2018\/08\/acordo-300x192.jpg",300,192,true],"medium_large":["https:\/\/espacoecologico.com.br\/arquivo\/wp-content\/uploads\/2018\/08\/acordo.jpg",415,265,false],"large":["https:\/\/espacoecologico.com.br\/arquivo\/wp-content\/uploads\/2018\/08\/acordo.jpg",415,265,false],"1536x1536":["https:\/\/espacoecologico.com.br\/arquivo\/wp-content\/uploads\/2018\/08\/acordo.jpg",415,265,false],"2048x2048":["https:\/\/espacoecologico.com.br\/arquivo\/wp-content\/uploads\/2018\/08\/acordo.jpg",415,265,false],"cream-magazine-thumbnail-2":["https:\/\/espacoecologico.com.br\/arquivo\/wp-content\/uploads\/2018\/08\/acordo.jpg",415,265,false],"cream-magazine-thumbnail-3":["https:\/\/espacoecologico.com.br\/arquivo\/wp-content\/uploads\/2018\/08\/acordo.jpg",415,265,false],"cream-magazine-thumbnail-4":["https:\/\/espacoecologico.com.br\/arquivo\/wp-content\/uploads\/2018\/08\/acordo.jpg",415,265,false]},"uagb_author_info":{"display_name":"","author_link":"https:\/\/espacoecologico.com.br\/arquivo\/author\/"},"uagb_comment_info":0,"uagb_excerpt":"Coopera\u00e7\u00e3o t\u00e9cnica tem o objetivo \u00e9 melhorar a organiza\u00e7\u00e3o das popula\u00e7\u00f5es cativas das esp\u00e9cies. No","_links":{"self":[{"href":"https:\/\/espacoecologico.com.br\/arquivo\/wp-json\/wp\/v2\/posts\/90383"}],"collection":[{"href":"https:\/\/espacoecologico.com.br\/arquivo\/wp-json\/wp\/v2\/posts"}],"about":[{"href":"https:\/\/espacoecologico.com.br\/arquivo\/wp-json\/wp\/v2\/types\/post"}],"author":[{"embeddable":true,"href":"https:\/\/espacoecologico.com.br\/arquivo\/wp-json\/wp\/v2\/users\/2"}],"replies":[{"embeddable":true,"href":"https:\/\/espacoecologico.com.br\/arquivo\/wp-json\/wp\/v2\/comments?post=90383"}],"version-history":[{"count":0,"href":"https:\/\/espacoecologico.com.br\/arquivo\/wp-json\/wp\/v2\/posts\/90383\/revisions"}],"wp:featuredmedia":[{"embeddable":true,"href":"https:\/\/espacoecologico.com.br\/arquivo\/wp-json\/wp\/v2\/media\/90384"}],"wp:attachment":[{"href":"https:\/\/espacoecologico.com.br\/arquivo\/wp-json\/wp\/v2\/media?parent=90383"}],"wp:term":[{"taxonomy":"category","embeddable":true,"href":"https:\/\/espacoecologico.com.br\/arquivo\/wp-json\/wp\/v2\/categories?post=90383"},{"taxonomy":"post_tag","embeddable":true,"href":"https:\/\/espacoecologico.com.br\/arquivo\/wp-json\/wp\/v2\/tags?post=90383"}],"curies":[{"name":"wp","href":"https:\/\/api.w.org\/{rel}","templated":true}]}}