{"id":90368,"date":"2018-08-17T07:00:54","date_gmt":"2018-08-17T10:00:54","guid":{"rendered":"https:\/\/espacoecologico.com.br\/arquivo\/?p=90368"},"modified":"2018-08-16T19:54:56","modified_gmt":"2018-08-16T22:54:56","slug":"zika-que-chegou-ao-brasil-veio-provavelmente-do-haiti-diz-fiocruz","status":"publish","type":"post","link":"https:\/\/espacoecologico.com.br\/arquivo\/zika-que-chegou-ao-brasil-veio-provavelmente-do-haiti-diz-fiocruz\/","title":{"rendered":"Zika que chegou ao Brasil veio provavelmente do Haiti, diz Fiocruz"},"content":{"rendered":"<div class=\"mc-column content-text active-extra-styles active-capital-letter\" data-block-type=\"unstyled\" data-block-weight=\"46\" data-block-id=\"2\">\n<p class=\"content-text__container theme-color-primary-first-letter\" data-track-category=\"Link no Texto\" data-track-links=\"\"><a href=\"https:\/\/espacoecologico.com.br\/arquivo\/wp-content\/uploads\/2018\/08\/zika-2.jpg\"><img loading=\"lazy\" class=\"alignleft size-medium wp-image-90369\" src=\"https:\/\/espacoecologico.com.br\/arquivo\/wp-content\/uploads\/2018\/08\/zika-2-300x192.jpg\" alt=\"\" width=\"300\" height=\"192\" srcset=\"https:\/\/espacoecologico.com.br\/arquivo\/wp-content\/uploads\/2018\/08\/zika-2-300x192.jpg 300w, https:\/\/espacoecologico.com.br\/arquivo\/wp-content\/uploads\/2018\/08\/zika-2.jpg 415w\" sizes=\"(max-width: 300px) 100vw, 300px\" \/><\/a>O v\u00edrus da zika, associado a um aumento de nascimentos de crian\u00e7as com microcefalia no Brasil em 2015, chegou muito provavelmente ao pa\u00eds vindo do Haiti no fim de 2013 e n\u00e3o durante a Copa do Mundo de 2014, segundo um estudo da Funda\u00e7\u00e3o Oswaldo Cruz.<\/p>\n<\/div>\n<div class=\"wall\">\n<div class=\"mc-column content-text active-extra-styles\" data-block-type=\"raw\" data-block-weight=\"27\" data-block-id=\"3\">\n<blockquote class=\"content-blockquote theme-border-color-primary-before\"><p>&#8220;Imigrantes ilegais vindos do Haiti e militares brasileiros em miss\u00e3o de paz naquele pa\u00eds podem ter trazido o v\u00edrus da zika para o Brasil&#8221;, revela a Fiocruz.<\/p><\/blockquote>\n<\/div>\n<div class=\"mc-column content-text active-extra-styles \" data-block-type=\"unstyled\" data-block-weight=\"52\" data-block-id=\"4\">\n<p class=\"content-text__container \" data-track-category=\"Link no Texto\" data-track-links=\"\">At\u00e9 agora se acreditava que o v\u00edrus havia chegado ao pa\u00eds durante a Copa do Mundo de 2014, trazido por turistas africanos, ou durante o campeonato mundial de canoagem no Rio de Janeiro, em agosto do mesmo ano, do qual participaram esportistas de pa\u00edses do Pac\u00edfico afetados pelo v\u00edrus, recorda a institui\u00e7\u00e3o.<\/p>\n<\/div>\n<div class=\"mc-column content-text active-extra-styles \" data-block-type=\"unstyled\" data-block-weight=\"54\" data-block-id=\"6\">\n<p class=\"content-text__container \" data-track-category=\"Link no Texto\" data-track-links=\"\">Mas o estudo conclui que o v\u00edrus n\u00e3o veio diretamente da Polin\u00e9sia Francesa, onde uma d\u00e9cada atr\u00e1s foram registrados surtos \u2013 segundo a\u00a0<a href=\"http:\/\/g1.globo.com\/tudo-sobre\/organizacao-mundial-de-saude\">Organiza\u00e7\u00e3o Mundial da Sa\u00fade (OMS)<\/a>\u00a0\u2013, mas migrou dali para a Oceania, seguindo at\u00e9 a Ilha de P\u00e1scoa e \u00e0 Am\u00e9rica Central e Caribe, chegando ao Brasil no final de 2013.<\/p>\n<\/div>\n<div class=\"mc-column content-text active-extra-styles \" data-block-type=\"unstyled\" data-block-weight=\"24\" data-block-id=\"7\">\n<p class=\"content-text__container \" data-track-category=\"Link no Texto\" data-track-links=\"\">&#8220;Isso coincide com o caminho percorrido pelos v\u00edrus dengue e chikungunya&#8221;, explica Lindomar Pena, um dos pesquisadores, citado pela ag\u00eancia de not\u00edcias da funda\u00e7\u00e3o.<\/p>\n<\/div>\n<div class=\"mc-column content-text active-extra-styles\" data-block-type=\"raw\" data-block-weight=\"29\" data-block-id=\"8\">\n<blockquote class=\"content-blockquote theme-border-color-primary-before\"><p>&#8220;Em todos os casos brasileiros estudados, o ancestral em comum dos v\u00edrus \u00e9 uma cepa do Haiti, pa\u00eds sabidamente afetado pela tripla epidemia de zika, dengue e chikungunya&#8221;, acrescenta.<\/p><\/blockquote>\n<\/div>\n<div class=\"mc-column content-text active-extra-styles\" data-block-type=\"raw\" data-block-weight=\"8\" data-block-id=\"9\">\n<div class=\"content-intertitle\">\n<h2>Introduzido por v\u00e1rias pessoas e n\u00e3o por uma<\/h2>\n<\/div>\n<\/div>\n<div class=\"mc-column content-text active-extra-styles \" data-block-type=\"unstyled\" data-block-weight=\"41\" data-block-id=\"10\">\n<p class=\"content-text__container \" data-track-category=\"Link no Texto\" data-track-links=\"\">O estudo tamb\u00e9m conclui que, ao contr\u00e1rio do que se acreditava, o v\u00edrus foi introduzido no Brasil por diversas pessoas sem liga\u00e7\u00e3o entre si. Antes se especulava que um \u00fanico paciente teria trazido a doen\u00e7a que logo se disseminou no pa\u00eds.<\/p>\n<\/div>\n<div class=\"mc-column content-text active-extra-styles \" data-block-type=\"unstyled\" data-block-weight=\"56\" data-block-id=\"11\">\n<p class=\"content-text__container \" data-track-category=\"Link no Texto\" data-track-links=\"\">A pesquisa foi realizada por Pena, T\u00falio Campos, Gabriel Wallau e Antonio Rezende, da Fiocruz de Pernambuco, em colabora\u00e7\u00e3o com o professor Alain Kohl, da Universidade de Glasgow. As an\u00e1lises se basearam em 4.035 amostras de genomas de tr\u00eas v\u00edrus dispon\u00edveis em bancos de dados p\u00fablicos e os resultados foram publicados no &#8220;International Journal of Genomics&#8221;.<\/p>\n<\/div>\n<div class=\"content-ads content-ads--reveal\" data-block-type=\"ads\" data-block-id=\"12\"><\/div>\n<div class=\"mc-column content-text active-extra-styles \" data-block-type=\"unstyled\" data-block-weight=\"41\" data-block-id=\"13\">\n<p class=\"content-text__container \" data-track-category=\"Link no Texto\" data-track-links=\"\">O zika foi diagnosticado pela primeira vez no Brasil em maio de 2015, quando se propagava pelo nordeste transformando-se em epidemia. Foi associado ao aumento de casos de microcefalia em rec\u00e9m-nascidos, com quase 3 mil pacientes relatados ao final deste ano.<\/p>\n<\/div>\n<div class=\"mc-column content-text active-extra-styles \" data-block-type=\"unstyled\" data-block-weight=\"19\" data-block-id=\"14\">\n<p class=\"content-text__container \" data-track-category=\"Link no Texto\" data-track-links=\"\">A OMS declarou emerg\u00eancia mundial pelo v\u00edrus em fevereiro de 2016 \u2013 \u00e0s v\u00e9speras dos Jogos Ol\u00edmpicos do Rio.<\/p>\n<\/div>\n<div class=\"mc-column content-text active-extra-styles \" data-block-type=\"unstyled\" data-block-weight=\"26\" data-block-id=\"15\">\n<p class=\"content-text__container \" data-track-category=\"Link no Texto\" data-track-links=\"\">O Brasil, que tamb\u00e9m tinha declarado emerg\u00eancia nacional,\u00a0<a href=\"https:\/\/g1.globo.com\/bemestar\/noticia\/ministerio-da-saude-declara-fim-da-emergencia-em-saude-publica-por-zika-e-microcefalia.ghtml\">p\u00f4s fim ao alerta em maio de 2017, ao observar uma queda<\/a>\u00a0de cerca de 95% dos casos.<\/p>\n<\/div>\n<div class=\"mc-column content-text active-extra-styles \" data-block-type=\"unstyled\" data-block-weight=\"31\" data-block-id=\"16\">\n<p class=\"content-text__container \" data-track-category=\"Link no Texto\" data-track-links=\"\">Este ano foram registrados 5.941 casos prov\u00e1veis do zika no Brasil (41% confirmados), segundo o Minist\u00e9rio da Sa\u00fade, uma diminui\u00e7\u00e3o de 60,9% em compara\u00e7\u00e3o com o mesmo per\u00edodo do ano passado.<\/p>\n<\/div>\n<div class=\"mc-column content-text active-extra-styles \" data-block-type=\"unstyled\" data-block-weight=\"60\" data-block-id=\"17\">\n<p class=\"content-text__container \" data-track-category=\"Link no Texto\" data-track-links=\"\">O v\u00edrus da zika foi identificado pela primeira vez em 1947 em macacos em uma floresta de Uganda, segundo a OMS. Seus sintomas \u2013 febre, dor nas articula\u00e7\u00f5es, erup\u00e7\u00f5es na pele, conjuntivite \u2013 s\u00e3o leves e em muitos casos a doen\u00e7a pode passar despercebida, mas adquirir a infec\u00e7\u00e3o durante a gravidez pode causar microcefalia e outros problemas cong\u00eanitos no feto.<\/p>\n<\/div>\n<\/div>\n<div data-track-category=\"fim do conteudo\" data-track-action=\"ultimo chunk conteudo\" data-track-noninteraction=\"false\" data-track-scroll=\"entrada completa viewport\">\n<div class=\"mc-column content-text active-extra-styles \" data-block-type=\"unstyled\" data-block-weight=\"17\" data-block-id=\"18\">\n<p class=\"content-text__container \" data-track-category=\"Link no Texto\" data-track-links=\"\">N\u00e3o h\u00e1 uma vacina contra o v\u00edrus, nem tratamento espec\u00edfico para a infec\u00e7\u00e3o, apenas para os sintomas.<\/p>\n<\/div>\n<\/div>\n","protected":false},"excerpt":{"rendered":"<p>O v\u00edrus da zika, associado a um aumento de nascimentos de crian\u00e7as com microcefalia no<\/p>\n","protected":false},"author":2,"featured_media":90369,"comment_status":"open","ping_status":"open","sticky":false,"template":"","format":"standard","meta":[],"categories":[],"tags":[],"uagb_featured_image_src":{"full":["https:\/\/espacoecologico.com.br\/arquivo\/wp-content\/uploads\/2018\/08\/zika-2.jpg",415,265,false],"thumbnail":["https:\/\/espacoecologico.com.br\/arquivo\/wp-content\/uploads\/2018\/08\/zika-2-150x150.jpg",150,150,true],"medium":["https:\/\/espacoecologico.com.br\/arquivo\/wp-content\/uploads\/2018\/08\/zika-2-300x192.jpg",300,192,true],"medium_large":["https:\/\/espacoecologico.com.br\/arquivo\/wp-content\/uploads\/2018\/08\/zika-2.jpg",415,265,false],"large":["https:\/\/espacoecologico.com.br\/arquivo\/wp-content\/uploads\/2018\/08\/zika-2.jpg",415,265,false],"1536x1536":["https:\/\/espacoecologico.com.br\/arquivo\/wp-content\/uploads\/2018\/08\/zika-2.jpg",415,265,false],"2048x2048":["https:\/\/espacoecologico.com.br\/arquivo\/wp-content\/uploads\/2018\/08\/zika-2.jpg",415,265,false],"cream-magazine-thumbnail-2":["https:\/\/espacoecologico.com.br\/arquivo\/wp-content\/uploads\/2018\/08\/zika-2.jpg",415,265,false],"cream-magazine-thumbnail-3":["https:\/\/espacoecologico.com.br\/arquivo\/wp-content\/uploads\/2018\/08\/zika-2.jpg",415,265,false],"cream-magazine-thumbnail-4":["https:\/\/espacoecologico.com.br\/arquivo\/wp-content\/uploads\/2018\/08\/zika-2.jpg",415,265,false]},"uagb_author_info":{"display_name":"","author_link":"https:\/\/espacoecologico.com.br\/arquivo\/author\/"},"uagb_comment_info":0,"uagb_excerpt":"O v\u00edrus da zika, associado a um aumento de nascimentos de crian\u00e7as com microcefalia no","_links":{"self":[{"href":"https:\/\/espacoecologico.com.br\/arquivo\/wp-json\/wp\/v2\/posts\/90368"}],"collection":[{"href":"https:\/\/espacoecologico.com.br\/arquivo\/wp-json\/wp\/v2\/posts"}],"about":[{"href":"https:\/\/espacoecologico.com.br\/arquivo\/wp-json\/wp\/v2\/types\/post"}],"author":[{"embeddable":true,"href":"https:\/\/espacoecologico.com.br\/arquivo\/wp-json\/wp\/v2\/users\/2"}],"replies":[{"embeddable":true,"href":"https:\/\/espacoecologico.com.br\/arquivo\/wp-json\/wp\/v2\/comments?post=90368"}],"version-history":[{"count":0,"href":"https:\/\/espacoecologico.com.br\/arquivo\/wp-json\/wp\/v2\/posts\/90368\/revisions"}],"wp:featuredmedia":[{"embeddable":true,"href":"https:\/\/espacoecologico.com.br\/arquivo\/wp-json\/wp\/v2\/media\/90369"}],"wp:attachment":[{"href":"https:\/\/espacoecologico.com.br\/arquivo\/wp-json\/wp\/v2\/media?parent=90368"}],"wp:term":[{"taxonomy":"category","embeddable":true,"href":"https:\/\/espacoecologico.com.br\/arquivo\/wp-json\/wp\/v2\/categories?post=90368"},{"taxonomy":"post_tag","embeddable":true,"href":"https:\/\/espacoecologico.com.br\/arquivo\/wp-json\/wp\/v2\/tags?post=90368"}],"curies":[{"name":"wp","href":"https:\/\/api.w.org\/{rel}","templated":true}]}}