{"id":90358,"date":"2018-08-16T14:00:24","date_gmt":"2018-08-16T17:00:24","guid":{"rendered":"https:\/\/espacoecologico.com.br\/arquivo\/?p=90358"},"modified":"2018-08-16T12:31:39","modified_gmt":"2018-08-16T15:31:39","slug":"macaco-e-encontrado-em-casa-da-zona-rural-do-municipio-de-esperanca","status":"publish","type":"post","link":"https:\/\/espacoecologico.com.br\/arquivo\/macaco-e-encontrado-em-casa-da-zona-rural-do-municipio-de-esperanca\/","title":{"rendered":"Macaco \u00e9 encontrado em casa da zona rural do munic\u00edpio de Esperan\u00e7a"},"content":{"rendered":"<p><a href=\"https:\/\/espacoecologico.com.br\/arquivo\/wp-content\/uploads\/2018\/08\/bugio.jpg\"><img loading=\"lazy\" class=\"alignleft size-medium wp-image-90359\" src=\"https:\/\/espacoecologico.com.br\/arquivo\/wp-content\/uploads\/2018\/08\/bugio-300x192.jpg\" alt=\"\" width=\"300\" height=\"192\" srcset=\"https:\/\/espacoecologico.com.br\/arquivo\/wp-content\/uploads\/2018\/08\/bugio-300x192.jpg 300w, https:\/\/espacoecologico.com.br\/arquivo\/wp-content\/uploads\/2018\/08\/bugio.jpg 415w\" sizes=\"(max-width: 300px) 100vw, 300px\" \/><\/a>Um macaco da esp\u00e9cie bugio foi encontrado em uma casa na zona rural do munic\u00edpio de Esperan\u00e7a, no estado da Para\u00edba. A resid\u00eancia, localizada no S\u00edtio Boa Vista, \u00e9 cercada por uma grande \u00e1rea de mata.<\/p>\n<p>Ao perceber a presen\u00e7a do animal silvestre, o propriet\u00e1rio da casa acionou a Pol\u00edcia Ambiental de Campina Grande.<\/p>\n<p>Os policiais acreditam que o macaco estava sendo mantido em cativeiro ou que a esp\u00e9cie esteja migrando para a regi\u00e3o. As informa\u00e7\u00f5es s\u00e3o do portal G1.<\/p>\n<p>\u201c\u00c9 a primeira vez que n\u00f3s fazemos esse tipo de ocorr\u00eancia com um macaco na regi\u00e3o. Os moradores entraram em contato com a gente muito assustados, por causa do tamanho do animal\u201d, contou o tenente da Pol\u00edcia Ambiental de Campina Grande, Rodrigues Soares, que participou da ocorr\u00eancia.<\/p>\n<p>Ap\u00f3s ser resgatado, o bugio, que n\u00e3o apresentava ferimentos, foi levado para a sede da Pol\u00edcia Ambiental, na cidade de Campina Grande.<\/p>\n<p>O macaco deve ser encaminhado para o Centro de Triagem de Animais Silvestres (Cetas), em Jo\u00e3o Pessoa, capital da Para\u00edba, nesta quarta-feira (15), para a realiza\u00e7\u00e3o de exames que indicar\u00e3o a idade e o estado de sa\u00fade do animal.<\/p>\n","protected":false},"excerpt":{"rendered":"<p>Um macaco da esp\u00e9cie bugio foi encontrado em uma casa na zona rural do munic\u00edpio<\/p>\n","protected":false},"author":2,"featured_media":90359,"comment_status":"open","ping_status":"open","sticky":false,"template":"","format":"standard","meta":[],"categories":[],"tags":[],"uagb_featured_image_src":{"full":["https:\/\/espacoecologico.com.br\/arquivo\/wp-content\/uploads\/2018\/08\/bugio.jpg",415,265,false],"thumbnail":["https:\/\/espacoecologico.com.br\/arquivo\/wp-content\/uploads\/2018\/08\/bugio-150x150.jpg",150,150,true],"medium":["https:\/\/espacoecologico.com.br\/arquivo\/wp-content\/uploads\/2018\/08\/bugio-300x192.jpg",300,192,true],"medium_large":["https:\/\/espacoecologico.com.br\/arquivo\/wp-content\/uploads\/2018\/08\/bugio.jpg",415,265,false],"large":["https:\/\/espacoecologico.com.br\/arquivo\/wp-content\/uploads\/2018\/08\/bugio.jpg",415,265,false],"1536x1536":["https:\/\/espacoecologico.com.br\/arquivo\/wp-content\/uploads\/2018\/08\/bugio.jpg",415,265,false],"2048x2048":["https:\/\/espacoecologico.com.br\/arquivo\/wp-content\/uploads\/2018\/08\/bugio.jpg",415,265,false],"cream-magazine-thumbnail-2":["https:\/\/espacoecologico.com.br\/arquivo\/wp-content\/uploads\/2018\/08\/bugio.jpg",415,265,false],"cream-magazine-thumbnail-3":["https:\/\/espacoecologico.com.br\/arquivo\/wp-content\/uploads\/2018\/08\/bugio.jpg",415,265,false],"cream-magazine-thumbnail-4":["https:\/\/espacoecologico.com.br\/arquivo\/wp-content\/uploads\/2018\/08\/bugio.jpg",415,265,false]},"uagb_author_info":{"display_name":"","author_link":"https:\/\/espacoecologico.com.br\/arquivo\/author\/"},"uagb_comment_info":0,"uagb_excerpt":"Um macaco da esp\u00e9cie bugio foi encontrado em uma casa na zona rural do munic\u00edpio","_links":{"self":[{"href":"https:\/\/espacoecologico.com.br\/arquivo\/wp-json\/wp\/v2\/posts\/90358"}],"collection":[{"href":"https:\/\/espacoecologico.com.br\/arquivo\/wp-json\/wp\/v2\/posts"}],"about":[{"href":"https:\/\/espacoecologico.com.br\/arquivo\/wp-json\/wp\/v2\/types\/post"}],"author":[{"embeddable":true,"href":"https:\/\/espacoecologico.com.br\/arquivo\/wp-json\/wp\/v2\/users\/2"}],"replies":[{"embeddable":true,"href":"https:\/\/espacoecologico.com.br\/arquivo\/wp-json\/wp\/v2\/comments?post=90358"}],"version-history":[{"count":0,"href":"https:\/\/espacoecologico.com.br\/arquivo\/wp-json\/wp\/v2\/posts\/90358\/revisions"}],"wp:featuredmedia":[{"embeddable":true,"href":"https:\/\/espacoecologico.com.br\/arquivo\/wp-json\/wp\/v2\/media\/90359"}],"wp:attachment":[{"href":"https:\/\/espacoecologico.com.br\/arquivo\/wp-json\/wp\/v2\/media?parent=90358"}],"wp:term":[{"taxonomy":"category","embeddable":true,"href":"https:\/\/espacoecologico.com.br\/arquivo\/wp-json\/wp\/v2\/categories?post=90358"},{"taxonomy":"post_tag","embeddable":true,"href":"https:\/\/espacoecologico.com.br\/arquivo\/wp-json\/wp\/v2\/tags?post=90358"}],"curies":[{"name":"wp","href":"https:\/\/api.w.org\/{rel}","templated":true}]}}