{"id":90354,"date":"2018-08-16T13:00:22","date_gmt":"2018-08-16T16:00:22","guid":{"rendered":"https:\/\/espacoecologico.com.br\/arquivo\/?p=90354"},"modified":"2018-08-16T12:22:14","modified_gmt":"2018-08-16T15:22:14","slug":"vapores-de-metais-sao-descobertos-em-exoplaneta-gigante-de-gas","status":"publish","type":"post","link":"https:\/\/espacoecologico.com.br\/arquivo\/vapores-de-metais-sao-descobertos-em-exoplaneta-gigante-de-gas\/","title":{"rendered":"Vapores de metais s\u00e3o descobertos em exoplaneta gigante de g\u00e1s"},"content":{"rendered":"<p><span class=\"intro\"><a href=\"https:\/\/espacoecologico.com.br\/arquivo\/wp-content\/uploads\/2018\/08\/vapores.jpg\"><img loading=\"lazy\" class=\"alignleft size-medium wp-image-90355\" src=\"https:\/\/espacoecologico.com.br\/arquivo\/wp-content\/uploads\/2018\/08\/vapores-300x192.jpg\" alt=\"\" width=\"300\" height=\"192\" srcset=\"https:\/\/espacoecologico.com.br\/arquivo\/wp-content\/uploads\/2018\/08\/vapores-300x192.jpg 300w, https:\/\/espacoecologico.com.br\/arquivo\/wp-content\/uploads\/2018\/08\/vapores.jpg 415w\" sizes=\"(max-width: 300px) 100vw, 300px\" \/><\/a>N<\/span>ovas observa\u00e7\u00f5es astron\u00f4micas demonstraram que o exoplaneta Kelt-9b \u00e9 t\u00e3o quente que seu ar\u00a0cont\u00e9m metais vaporizados, como ferro e tit\u00e2nio. Ele \u00e9 o gigante de g\u00e1s mais escaldante do universo, com uma temperatura de quatro mil graus.<\/p>\n<p>De acordo com especialistas, o calor \u00e9 semelhante ao visto na superf\u00edcie de algumas estrelas. &#8220;As temperaturas s\u00e3o t\u00e3o insanas que, embora seja um planeta, tem a atmosfera de uma estrela&#8221;, disse Kevin Heng, professor da Universidade de Berna, na Su\u00ed\u00e7a.\u00a0&#8220;A principal li\u00e7\u00e3o que os exoplanetas nos ensinam \u00e9 que n\u00e3o podemos estudar s\u00f3 o Sistema Solar. H\u00e1 coisas estranhas fora dele.&#8221;<\/p>\n<p>O Kelt-9b foi descoberto em 2017 por uma equipe norte-americana. O objeto est\u00e1 em \u00f3rbita sobre Kelt-9, estrela \u00e0 650 anos-luz da Terra, na constela\u00e7\u00e3o de Cygnus (ou Cisne). Ele est\u00e1 aproximadamente 30 vezes mais pr\u00f3ximo de sua estrela do que a Terra est\u00e1 do Sol \u2013 e sua Kelt-9 tamb\u00e9m \u00e9 2 vezes mais quente que o Sol. Como resultado, as temperaturas no exoplaneta chegam a quatro mil graus no lado voltado para a estrela.<\/p>\n<p>Devido \u00e0 essa proximidade, o planeta orbita Kelt-9 a cada 36 horas, com o mesmo lado sempre voltado para dentro. Isso significa que h\u00e1 um dia constante de um lado e uma noite constante no outro, criando varia\u00e7\u00f5es extremas de temperatura em toda sua atmosfera. A temperatura no lado noturno provavelmente \u00e9 de dois mil graus, estimou Heng.<\/p>\n<p>Medi\u00e7\u00f5es da \u00f3rbita sugerem que o Kelt-9b \u00e9 gasoso, provavelmente composto de hidrog\u00eanio e com um pequeno n\u00facleo s\u00f3lido. As \u00faltimas observa\u00e7\u00f5es, publicadas na revista\u00a0<a href=\"https:\/\/www.nature.com\/articles\/s41586-018-0401-y\" target=\"_blank\"><em>Nature<\/em><\/a>, s\u00e3o as primeiras a revelar a composi\u00e7\u00e3o da atmosfera do exoplaneta.<\/p>\n<p>Astr\u00f4nomos usaram o Telesc\u00f3pio Nacional Galileo em La Palma, nas Ilhas Can\u00e1rias, para observar o exoplaneta: ao detectarem uma pequena fra\u00e7\u00e3o de luz da estrela que filtra a atmosfera do Kelt-9b, eles identificaram componentes na atmosfera e mostraram que estes inclu\u00edam vapor de ferro e tit\u00e2nio. Essa \u00e9 a primeira vez que metais foram descobertos em planetas do tipo al\u00e9m do Sistema Solar.<\/p>\n<p>Para os cientistas, no futuro, a mesma t\u00e9cnica poderia ser usadas para detectar ind\u00edcios de vida em outras partes do universo. &#8220;N\u00e3o importa se estamos tentando detectar tit\u00e2nio, oxig\u00eanio ou alguma mol\u00e9cula que seja indicativa de vida&#8221;, comentou Heng. \u201cEsses planetas quentes s\u00e3o um campo de testes para t\u00e9cnicas que usaremos quando outros planetas interessantes come\u00e7arem a aparecer nos pr\u00f3ximos anos.\u201d<\/p>\n","protected":false},"excerpt":{"rendered":"<p>Novas observa\u00e7\u00f5es astron\u00f4micas demonstraram que o exoplaneta Kelt-9b \u00e9 t\u00e3o quente que seu ar\u00a0cont\u00e9m metais<\/p>\n","protected":false},"author":2,"featured_media":90355,"comment_status":"open","ping_status":"open","sticky":false,"template":"","format":"standard","meta":[],"categories":[],"tags":[],"uagb_featured_image_src":{"full":["https:\/\/espacoecologico.com.br\/arquivo\/wp-content\/uploads\/2018\/08\/vapores.jpg",415,265,false],"thumbnail":["https:\/\/espacoecologico.com.br\/arquivo\/wp-content\/uploads\/2018\/08\/vapores-150x150.jpg",150,150,true],"medium":["https:\/\/espacoecologico.com.br\/arquivo\/wp-content\/uploads\/2018\/08\/vapores-300x192.jpg",300,192,true],"medium_large":["https:\/\/espacoecologico.com.br\/arquivo\/wp-content\/uploads\/2018\/08\/vapores.jpg",415,265,false],"large":["https:\/\/espacoecologico.com.br\/arquivo\/wp-content\/uploads\/2018\/08\/vapores.jpg",415,265,false],"1536x1536":["https:\/\/espacoecologico.com.br\/arquivo\/wp-content\/uploads\/2018\/08\/vapores.jpg",415,265,false],"2048x2048":["https:\/\/espacoecologico.com.br\/arquivo\/wp-content\/uploads\/2018\/08\/vapores.jpg",415,265,false],"cream-magazine-thumbnail-2":["https:\/\/espacoecologico.com.br\/arquivo\/wp-content\/uploads\/2018\/08\/vapores.jpg",415,265,false],"cream-magazine-thumbnail-3":["https:\/\/espacoecologico.com.br\/arquivo\/wp-content\/uploads\/2018\/08\/vapores.jpg",415,265,false],"cream-magazine-thumbnail-4":["https:\/\/espacoecologico.com.br\/arquivo\/wp-content\/uploads\/2018\/08\/vapores.jpg",415,265,false]},"uagb_author_info":{"display_name":"","author_link":"https:\/\/espacoecologico.com.br\/arquivo\/author\/"},"uagb_comment_info":0,"uagb_excerpt":"Novas observa\u00e7\u00f5es astron\u00f4micas demonstraram que o exoplaneta Kelt-9b \u00e9 t\u00e3o quente que seu ar\u00a0cont\u00e9m metais","_links":{"self":[{"href":"https:\/\/espacoecologico.com.br\/arquivo\/wp-json\/wp\/v2\/posts\/90354"}],"collection":[{"href":"https:\/\/espacoecologico.com.br\/arquivo\/wp-json\/wp\/v2\/posts"}],"about":[{"href":"https:\/\/espacoecologico.com.br\/arquivo\/wp-json\/wp\/v2\/types\/post"}],"author":[{"embeddable":true,"href":"https:\/\/espacoecologico.com.br\/arquivo\/wp-json\/wp\/v2\/users\/2"}],"replies":[{"embeddable":true,"href":"https:\/\/espacoecologico.com.br\/arquivo\/wp-json\/wp\/v2\/comments?post=90354"}],"version-history":[{"count":0,"href":"https:\/\/espacoecologico.com.br\/arquivo\/wp-json\/wp\/v2\/posts\/90354\/revisions"}],"wp:featuredmedia":[{"embeddable":true,"href":"https:\/\/espacoecologico.com.br\/arquivo\/wp-json\/wp\/v2\/media\/90355"}],"wp:attachment":[{"href":"https:\/\/espacoecologico.com.br\/arquivo\/wp-json\/wp\/v2\/media?parent=90354"}],"wp:term":[{"taxonomy":"category","embeddable":true,"href":"https:\/\/espacoecologico.com.br\/arquivo\/wp-json\/wp\/v2\/categories?post=90354"},{"taxonomy":"post_tag","embeddable":true,"href":"https:\/\/espacoecologico.com.br\/arquivo\/wp-json\/wp\/v2\/tags?post=90354"}],"curies":[{"name":"wp","href":"https:\/\/api.w.org\/{rel}","templated":true}]}}