{"id":90338,"date":"2018-08-16T15:50:25","date_gmt":"2018-08-16T18:50:25","guid":{"rendered":"https:\/\/espacoecologico.com.br\/arquivo\/?p=90338"},"modified":"2018-08-16T19:27:27","modified_gmt":"2018-08-16T22:27:27","slug":"o-escultor-jurandi-maciel-fala-sobre-sua-arte-em-entrevista-no-espaco-ecologico","status":"publish","type":"post","link":"https:\/\/espacoecologico.com.br\/arquivo\/o-escultor-jurandi-maciel-fala-sobre-sua-arte-em-entrevista-no-espaco-ecologico\/","title":{"rendered":"O escultor Jurandi Maciel fala sobre sua arte em entrevista no Espa\u00e7o Ecol\u00f3gico"},"content":{"rendered":"<p><a href=\"https:\/\/espacoecologico.com.br\/arquivo\/wp-content\/uploads\/2018\/08\/j_maciel.jpg\"><img loading=\"lazy\" class=\"alignleft size-medium wp-image-90339\" src=\"https:\/\/espacoecologico.com.br\/arquivo\/wp-content\/uploads\/2018\/08\/j_maciel-300x192.jpg\" alt=\"\" width=\"300\" height=\"192\" srcset=\"https:\/\/espacoecologico.com.br\/arquivo\/wp-content\/uploads\/2018\/08\/j_maciel-300x192.jpg 300w, https:\/\/espacoecologico.com.br\/arquivo\/wp-content\/uploads\/2018\/08\/j_maciel.jpg 415w\" sizes=\"(max-width: 300px) 100vw, 300px\" \/><\/a>A entrevista do Programa Espa\u00e7o Ecol\u00f3gico, neste s\u00e1bado (18), ser\u00e1 com o escultor e artista pl\u00e1stico, Jurandi Maciel.<\/p>\n<p>Ele vai falar sobre o Museu J. Maciel e o que motivou sua cria\u00e7\u00e3o em Jo\u00e3o Pessoa com importantes personalidades.<\/p>\n<p>O escultor ainda vai comentar onde est\u00e3o instaladas essas esculturas na Para\u00edba e de que \u00e9 feito as esculturas e gravuras dessas personalidades.<\/p>\n<p>O ouvinte que desejar conhecer o museu deve ficar atento a essa entrevista para saber qual o hor\u00e1rio de visita e se deslumbrar com tantas hist\u00f3rias e, ap\u00f3s a visita, apreciar o p\u00f4r do sol na \u00e1rea do Hotel Globo.<\/p>\n<p>Confira galeria de fotos do museu e de esculturas de J. Maciel:<\/p>\n<div id='gallery-1' class='gallery galleryid-90338 gallery-columns-1 gallery-size-full'><figure class='gallery-item'>\n\t\t\t<div class='gallery-icon landscape'>\n\t\t\t\t<img width=\"640\" height=\"352\" src=\"https:\/\/espacoecologico.com.br\/arquivo\/wp-content\/uploads\/2018\/08\/museu_j_maciel.jpg\" class=\"attachment-full size-full\" alt=\"\" loading=\"lazy\" srcset=\"https:\/\/espacoecologico.com.br\/arquivo\/wp-content\/uploads\/2018\/08\/museu_j_maciel.jpg 640w, https:\/\/espacoecologico.com.br\/arquivo\/wp-content\/uploads\/2018\/08\/museu_j_maciel-300x165.jpg 300w\" sizes=\"(max-width: 640px) 100vw, 640px\" \/>\n\t\t\t<\/div><\/figure><figure class='gallery-item'>\n\t\t\t<div class='gallery-icon portrait'>\n\t\t\t\t<img width=\"640\" height=\"645\" src=\"https:\/\/espacoecologico.com.br\/arquivo\/wp-content\/uploads\/2018\/08\/museu_j_maciel6.jpg\" class=\"attachment-full size-full\" alt=\"\" loading=\"lazy\" srcset=\"https:\/\/espacoecologico.com.br\/arquivo\/wp-content\/uploads\/2018\/08\/museu_j_maciel6.jpg 640w, https:\/\/espacoecologico.com.br\/arquivo\/wp-content\/uploads\/2018\/08\/museu_j_maciel6-150x150.jpg 150w, https:\/\/espacoecologico.com.br\/arquivo\/wp-content\/uploads\/2018\/08\/museu_j_maciel6-298x300.jpg 298w\" sizes=\"(max-width: 640px) 100vw, 640px\" \/>\n\t\t\t<\/div><\/figure><figure class='gallery-item'>\n\t\t\t<div class='gallery-icon landscape'>\n\t\t\t\t<img width=\"640\" height=\"616\" src=\"https:\/\/espacoecologico.com.br\/arquivo\/wp-content\/uploads\/2018\/08\/livardo.jpg\" class=\"attachment-full size-full\" alt=\"\" loading=\"lazy\" srcset=\"https:\/\/espacoecologico.com.br\/arquivo\/wp-content\/uploads\/2018\/08\/livardo.jpg 640w, https:\/\/espacoecologico.com.br\/arquivo\/wp-content\/uploads\/2018\/08\/livardo-300x289.jpg 300w\" sizes=\"(max-width: 640px) 100vw, 640px\" \/>\n\t\t\t<\/div><\/figure><figure class='gallery-item'>\n\t\t\t<div class='gallery-icon landscape'>\n\t\t\t\t<img width=\"640\" height=\"462\" src=\"https:\/\/espacoecologico.com.br\/arquivo\/wp-content\/uploads\/2018\/08\/museu_j_maciel5.jpg\" class=\"attachment-full size-full\" alt=\"\" loading=\"lazy\" srcset=\"https:\/\/espacoecologico.com.br\/arquivo\/wp-content\/uploads\/2018\/08\/museu_j_maciel5.jpg 640w, https:\/\/espacoecologico.com.br\/arquivo\/wp-content\/uploads\/2018\/08\/museu_j_maciel5-300x217.jpg 300w\" sizes=\"(max-width: 640px) 100vw, 640px\" \/>\n\t\t\t<\/div><\/figure><figure class='gallery-item'>\n\t\t\t<div class='gallery-icon landscape'>\n\t\t\t\t<img width=\"640\" height=\"480\" src=\"https:\/\/espacoecologico.com.br\/arquivo\/wp-content\/uploads\/2018\/08\/museu_j_maciel3.jpg\" class=\"attachment-full size-full\" alt=\"\" loading=\"lazy\" srcset=\"https:\/\/espacoecologico.com.br\/arquivo\/wp-content\/uploads\/2018\/08\/museu_j_maciel3.jpg 640w, https:\/\/espacoecologico.com.br\/arquivo\/wp-content\/uploads\/2018\/08\/museu_j_maciel3-300x225.jpg 300w\" sizes=\"(max-width: 640px) 100vw, 640px\" \/>\n\t\t\t<\/div><\/figure><figure class='gallery-item'>\n\t\t\t<div class='gallery-icon landscape'>\n\t\t\t\t<img width=\"640\" height=\"458\" src=\"https:\/\/espacoecologico.com.br\/arquivo\/wp-content\/uploads\/2018\/08\/museu_j_maciel4.jpg\" class=\"attachment-full size-full\" alt=\"\" loading=\"lazy\" srcset=\"https:\/\/espacoecologico.com.br\/arquivo\/wp-content\/uploads\/2018\/08\/museu_j_maciel4.jpg 640w, https:\/\/espacoecologico.com.br\/arquivo\/wp-content\/uploads\/2018\/08\/museu_j_maciel4-300x215.jpg 300w\" sizes=\"(max-width: 640px) 100vw, 640px\" \/>\n\t\t\t<\/div><\/figure>\n\t\t<\/div>\n\n<p>\u201cSeja a mudan\u00e7a que voc\u00ea quer ver no mundo\u201d &#8211; Mahatma Gandhi.<\/p>\n<p>Pense nisso, contemple a natureza sem modera\u00e7\u00e3o e preserve o meio ambiente.<\/p>\n<p>Com 14 anos de atividades, o Programa Espa\u00e7o Ecol\u00f3gico continua levando ao ar mensagens educativas, presta\u00e7\u00e3o de servi\u00e7o, dicas ecol\u00f3gicas, poesias ecol\u00f3gicas, cr\u00f4nicas e entrevistas com pessoas ligadas ao meio ambiente.<\/p>\n<div class=\"ads\"><a href=\"http:\/\/radiotabajara.pb.gov.br\/\" target=\"_blank\"><img class=\"alignleft\" src=\"https:\/\/espacoecologico.com.br\/arquivo\/wp-content\/themes\/2014\/temp\/logo_tabajara.jpg\" \/><\/a><\/div>\n<section id=\"revista\">\n<header>O Programa Espa\u00e7o Ecol\u00f3gico, passa a ser veiculado todo s\u00e1bado das 8h00 \u00e0s 9h00 na r\u00e1dio Tabajara FM 105.5 e pode ser escutado ao vivo. \u00c9 s\u00f3 clicar no \u00edcone ao lado.<\/header>\n<\/section>\n<p>&nbsp;<\/p>\n<p>&nbsp;<\/p>\n<p><strong>Principais not\u00edcias do programa<\/strong><\/p>\n<p>Mudan\u00e7as clim\u00e1ticas poder\u00e3o extinguir 10% dos anf\u00edbios da Mata Atl\u00e2ntica<\/p>\n<p>Crises h\u00eddricas no Brasil est\u00e3o ligadas as condi\u00e7\u00f5es de suas florestas<\/p>\n<p>Seca hist\u00f3rica j\u00e1 dura seis anos e amea\u00e7a tornar-se regra no semi\u00e1rido<\/p>\n<p>Empres\u00e1rios querem que presidenci\u00e1veis se comprometam com desenvolvimento sustent\u00e1vel<\/p>\n<p>Dezhou, na China, a primeira cidade solar do mundo<\/p>\n","protected":false},"excerpt":{"rendered":"<p>A entrevista do Programa Espa\u00e7o Ecol\u00f3gico, neste s\u00e1bado (18), ser\u00e1 com o escultor e artista<\/p>\n","protected":false},"author":2,"featured_media":90339,"comment_status":"open","ping_status":"open","sticky":false,"template":"","format":"standard","meta":[],"categories":[],"tags":[],"uagb_featured_image_src":{"full":["https:\/\/espacoecologico.com.br\/arquivo\/wp-content\/uploads\/2018\/08\/j_maciel.jpg",415,265,false],"thumbnail":["https:\/\/espacoecologico.com.br\/arquivo\/wp-content\/uploads\/2018\/08\/j_maciel-150x150.jpg",150,150,true],"medium":["https:\/\/espacoecologico.com.br\/arquivo\/wp-content\/uploads\/2018\/08\/j_maciel-300x192.jpg",300,192,true],"medium_large":["https:\/\/espacoecologico.com.br\/arquivo\/wp-content\/uploads\/2018\/08\/j_maciel.jpg",415,265,false],"large":["https:\/\/espacoecologico.com.br\/arquivo\/wp-content\/uploads\/2018\/08\/j_maciel.jpg",415,265,false],"1536x1536":["https:\/\/espacoecologico.com.br\/arquivo\/wp-content\/uploads\/2018\/08\/j_maciel.jpg",415,265,false],"2048x2048":["https:\/\/espacoecologico.com.br\/arquivo\/wp-content\/uploads\/2018\/08\/j_maciel.jpg",415,265,false],"cream-magazine-thumbnail-2":["https:\/\/espacoecologico.com.br\/arquivo\/wp-content\/uploads\/2018\/08\/j_maciel.jpg",415,265,false],"cream-magazine-thumbnail-3":["https:\/\/espacoecologico.com.br\/arquivo\/wp-content\/uploads\/2018\/08\/j_maciel.jpg",415,265,false],"cream-magazine-thumbnail-4":["https:\/\/espacoecologico.com.br\/arquivo\/wp-content\/uploads\/2018\/08\/j_maciel.jpg",415,265,false]},"uagb_author_info":{"display_name":"","author_link":"https:\/\/espacoecologico.com.br\/arquivo\/author\/"},"uagb_comment_info":0,"uagb_excerpt":"A entrevista do Programa Espa\u00e7o Ecol\u00f3gico, neste s\u00e1bado (18), ser\u00e1 com o escultor e artista","_links":{"self":[{"href":"https:\/\/espacoecologico.com.br\/arquivo\/wp-json\/wp\/v2\/posts\/90338"}],"collection":[{"href":"https:\/\/espacoecologico.com.br\/arquivo\/wp-json\/wp\/v2\/posts"}],"about":[{"href":"https:\/\/espacoecologico.com.br\/arquivo\/wp-json\/wp\/v2\/types\/post"}],"author":[{"embeddable":true,"href":"https:\/\/espacoecologico.com.br\/arquivo\/wp-json\/wp\/v2\/users\/2"}],"replies":[{"embeddable":true,"href":"https:\/\/espacoecologico.com.br\/arquivo\/wp-json\/wp\/v2\/comments?post=90338"}],"version-history":[{"count":0,"href":"https:\/\/espacoecologico.com.br\/arquivo\/wp-json\/wp\/v2\/posts\/90338\/revisions"}],"wp:featuredmedia":[{"embeddable":true,"href":"https:\/\/espacoecologico.com.br\/arquivo\/wp-json\/wp\/v2\/media\/90339"}],"wp:attachment":[{"href":"https:\/\/espacoecologico.com.br\/arquivo\/wp-json\/wp\/v2\/media?parent=90338"}],"wp:term":[{"taxonomy":"category","embeddable":true,"href":"https:\/\/espacoecologico.com.br\/arquivo\/wp-json\/wp\/v2\/categories?post=90338"},{"taxonomy":"post_tag","embeddable":true,"href":"https:\/\/espacoecologico.com.br\/arquivo\/wp-json\/wp\/v2\/tags?post=90338"}],"curies":[{"name":"wp","href":"https:\/\/api.w.org\/{rel}","templated":true}]}}