{"id":90330,"date":"2018-08-16T11:00:33","date_gmt":"2018-08-16T14:00:33","guid":{"rendered":"https:\/\/espacoecologico.com.br\/arquivo\/?p=90330"},"modified":"2018-08-15T22:02:05","modified_gmt":"2018-08-16T01:02:05","slug":"degradacao-dos-solos-pode-agravar-flutuacao-dos-precos-de-alimentos-alerta-fao","status":"publish","type":"post","link":"https:\/\/espacoecologico.com.br\/arquivo\/degradacao-dos-solos-pode-agravar-flutuacao-dos-precos-de-alimentos-alerta-fao\/","title":{"rendered":"Degrada\u00e7\u00e3o dos solos pode agravar flutua\u00e7\u00e3o dos pre\u00e7os de alimentos, alerta FAO"},"content":{"rendered":"<h4><a href=\"https:\/\/espacoecologico.com.br\/arquivo\/wp-content\/uploads\/2018\/08\/degradacao.jpg\"><img loading=\"lazy\" class=\"alignleft size-medium wp-image-90331\" src=\"https:\/\/espacoecologico.com.br\/arquivo\/wp-content\/uploads\/2018\/08\/degradacao-300x192.jpg\" alt=\"\" width=\"300\" height=\"192\" srcset=\"https:\/\/espacoecologico.com.br\/arquivo\/wp-content\/uploads\/2018\/08\/degradacao-300x192.jpg 300w, https:\/\/espacoecologico.com.br\/arquivo\/wp-content\/uploads\/2018\/08\/degradacao.jpg 415w\" sizes=\"(max-width: 300px) 100vw, 300px\" \/><\/a>Chefe da FAO\/ONU chama aten\u00e7\u00e3o para o empobrecimento do solo, que causa migra\u00e7\u00f5es involunt\u00e1rias de agricultores, muitas vezes empurrados para a mis\u00e9ria<\/h4>\n<p>Em pronunciamento para a abertura do Congresso Mundial de Ci\u00eancias do Solo, o chefe da FAO, Jos\u00e9 Graziano da Silva, alertou na \u00faltima segunda-feira (13) que a\u00a0degrada\u00e7\u00e3o das terras\u00a0produtivas pode agravar no futuro a volatilidade dos\u00a0pre\u00e7os dos alimentos. O\u00a0empobrecimento do solo\u00a0tamb\u00e9m causa migra\u00e7\u00f5es involunt\u00e1rias de agricultores, que ficam em maior risco de viver na mis\u00e9ria, acrescentou o dirigente.<\/p>\n<ul>\n<li>O que \u00e9 uso do solo?<\/li>\n<\/ul>\n<p>De acordo com a Organiza\u00e7\u00e3o das Na\u00e7\u00f5es Unidas para a Alimenta\u00e7\u00e3o e a Agricultura (FAO), os\u00a0solos do planeta\u00a0est\u00e3o amea\u00e7ados pela eros\u00e3o, desequil\u00edbrio de nutrientes, acidifica\u00e7\u00e3o, saliniza\u00e7\u00e3o e outras formas de\u00a0<a href=\"https:\/\/www.ecycle.com.br\/component\/content\/article\/63\/2753-contaminacao-poluicao-solo-como-ocorre-quais-tipos-forma-afeta-meio-ambiente-humanos-fertilizantes-pesticidas-herbicidas-inseticidas-despejo-incorreto-residuos-solidos-desmatamento-agua-poluida-industrias-vazamento-petroleo-perfuracao-cemiterios-queimadas.html\" target=\"_blank\" data-id=\"81\" data-m=\"{&quot;i&quot;:81,&quot;p&quot;:78,&quot;n&quot;:&quot;partnerLink&quot;,&quot;y&quot;:24,&quot;o&quot;:3}\">polui\u00e7\u00e3o<\/a>. Perigos \u00e0 sa\u00fade das terras incluem ainda a perda de carbono e de biodiversidade, bem como o fen\u00f4meno da compacta\u00e7\u00e3o quando a terra \u00e9 comprimida, reduzindo os poros que permitem a entrada de ar e \u00e1gua no solo.<\/p>\n<p>Atualmente, um ter\u00e7o de todas as terras do planeta s\u00e3o consideradas degradadas. \u0093Embora os solos estejam escondidos e, frequentemente, esquecidos, contamos com eles para nossas atividades di\u00e1rias e para o futuro do planeta\u0094, afirmou Graziano em mensagem de v\u00eddeo para o congresso, que re\u00fane mais de 2 mil cientistas no Rio de Janeiro at\u00e9 a pr\u00f3xima sexta-feira (17).<\/p>\n<p>A\u00a0degrada\u00e7\u00e3o do solo\u00a0afeta a produ\u00e7\u00e3o de alimentos, causando fome e desnutri\u00e7\u00e3o, amplificando a volatilidade dos pre\u00e7os dos alimentos, for\u00e7ando o abandono da terra e levando milh\u00f5es de migrantes involunt\u00e1rios \u00e0 pobreza, acrescentou o chefe da FAO.<\/p>\n<p>O diretor do organismo internacional defendeu ainda que a\u00a0gest\u00e3o sustent\u00e1vel\u00a0desse recurso natural deve ser parte essencial da equa\u00e7\u00e3o do Fome Zero.<\/p>\n<p>Os solos, lembrou Graziano, funcionam tamb\u00e9m como importantes ferramentas para a mitiga\u00e7\u00e3o e a adapta\u00e7\u00e3o \u00e0s mudan\u00e7as clim\u00e1ticas. Isso porque as terras t\u00eam a\u00a0<a href=\"https:\/\/www.ecycle.com.br\/component\/content\/article\/63\/5058-neutralizacao-de-co2-por-estoque-de-carbono-no-solo-possui-tecnicas-promissora-vegetacao-aumentar-emissao-gases-efeito-estufa-atmosfera-co2-sequestro-gas-carbonico-planta-potencial-conservacao-ecossitema-fixacao-impacto-mudanca-uso-captacao-estocado.html\" target=\"_blank\" data-id=\"82\" data-m=\"{&quot;i&quot;:82,&quot;p&quot;:78,&quot;n&quot;:&quot;partnerLink&quot;,&quot;y&quot;:24,&quot;o&quot;:4}\">capacidade de armazenar carbono<\/a>. Manter e aumentar o\u00a0<a href=\"https:\/\/www.ecycle.com.br\/component\/content\/article\/63\/5058-neutralizacao-de-co2-por-estoque-de-carbono-no-solo-possui-tecnicas-promissora-vegetacao-aumentar-emissao-gases-efeito-estufa-atmosfera-co2-sequestro-gas-carbonico-planta-potencial-conservacao-ecossitema-fixacao-impacto-mudanca-uso-captacao-estocado.html\" target=\"_blank\" data-id=\"83\" data-m=\"{&quot;i&quot;:83,&quot;p&quot;:78,&quot;n&quot;:&quot;partnerLink&quot;,&quot;y&quot;:24,&quot;o&quot;:5}\">estoque de carbono no solo<\/a>\u00a0deve se tornar uma prioridade, afirmou o dirigente.<\/p>\n<p>A FAO desenvolve o projeto\u00a0<i>Global Soil Partnership<\/i>\u00a0(Parceria Global dos Solos), mobilizando governos e outros parceiros para melhorar capacidades t\u00e9cnicas e trocar conhecimentos sobre a sa\u00fade do solo. Fa\u00e7amos do solo um ve\u00edculo de prosperidade e paz e mostremos a contribui\u00e7\u00e3o dos solos para alcan\u00e7ar os Objetivos de Desenvolvimento Sustent\u00e1vel, completou Graziano.<\/p>\n","protected":false},"excerpt":{"rendered":"<p>Chefe da FAO\/ONU chama aten\u00e7\u00e3o para o empobrecimento do solo, que causa migra\u00e7\u00f5es involunt\u00e1rias de<\/p>\n","protected":false},"author":2,"featured_media":90331,"comment_status":"open","ping_status":"open","sticky":false,"template":"","format":"standard","meta":[],"categories":[],"tags":[],"uagb_featured_image_src":{"full":["https:\/\/espacoecologico.com.br\/arquivo\/wp-content\/uploads\/2018\/08\/degradacao.jpg",415,265,false],"thumbnail":["https:\/\/espacoecologico.com.br\/arquivo\/wp-content\/uploads\/2018\/08\/degradacao-150x150.jpg",150,150,true],"medium":["https:\/\/espacoecologico.com.br\/arquivo\/wp-content\/uploads\/2018\/08\/degradacao-300x192.jpg",300,192,true],"medium_large":["https:\/\/espacoecologico.com.br\/arquivo\/wp-content\/uploads\/2018\/08\/degradacao.jpg",415,265,false],"large":["https:\/\/espacoecologico.com.br\/arquivo\/wp-content\/uploads\/2018\/08\/degradacao.jpg",415,265,false],"1536x1536":["https:\/\/espacoecologico.com.br\/arquivo\/wp-content\/uploads\/2018\/08\/degradacao.jpg",415,265,false],"2048x2048":["https:\/\/espacoecologico.com.br\/arquivo\/wp-content\/uploads\/2018\/08\/degradacao.jpg",415,265,false],"cream-magazine-thumbnail-2":["https:\/\/espacoecologico.com.br\/arquivo\/wp-content\/uploads\/2018\/08\/degradacao.jpg",415,265,false],"cream-magazine-thumbnail-3":["https:\/\/espacoecologico.com.br\/arquivo\/wp-content\/uploads\/2018\/08\/degradacao.jpg",415,265,false],"cream-magazine-thumbnail-4":["https:\/\/espacoecologico.com.br\/arquivo\/wp-content\/uploads\/2018\/08\/degradacao.jpg",415,265,false]},"uagb_author_info":{"display_name":"","author_link":"https:\/\/espacoecologico.com.br\/arquivo\/author\/"},"uagb_comment_info":0,"uagb_excerpt":"Chefe da FAO\/ONU chama aten\u00e7\u00e3o para o empobrecimento do solo, que causa migra\u00e7\u00f5es involunt\u00e1rias de","_links":{"self":[{"href":"https:\/\/espacoecologico.com.br\/arquivo\/wp-json\/wp\/v2\/posts\/90330"}],"collection":[{"href":"https:\/\/espacoecologico.com.br\/arquivo\/wp-json\/wp\/v2\/posts"}],"about":[{"href":"https:\/\/espacoecologico.com.br\/arquivo\/wp-json\/wp\/v2\/types\/post"}],"author":[{"embeddable":true,"href":"https:\/\/espacoecologico.com.br\/arquivo\/wp-json\/wp\/v2\/users\/2"}],"replies":[{"embeddable":true,"href":"https:\/\/espacoecologico.com.br\/arquivo\/wp-json\/wp\/v2\/comments?post=90330"}],"version-history":[{"count":0,"href":"https:\/\/espacoecologico.com.br\/arquivo\/wp-json\/wp\/v2\/posts\/90330\/revisions"}],"wp:featuredmedia":[{"embeddable":true,"href":"https:\/\/espacoecologico.com.br\/arquivo\/wp-json\/wp\/v2\/media\/90331"}],"wp:attachment":[{"href":"https:\/\/espacoecologico.com.br\/arquivo\/wp-json\/wp\/v2\/media?parent=90330"}],"wp:term":[{"taxonomy":"category","embeddable":true,"href":"https:\/\/espacoecologico.com.br\/arquivo\/wp-json\/wp\/v2\/categories?post=90330"},{"taxonomy":"post_tag","embeddable":true,"href":"https:\/\/espacoecologico.com.br\/arquivo\/wp-json\/wp\/v2\/tags?post=90330"}],"curies":[{"name":"wp","href":"https:\/\/api.w.org\/{rel}","templated":true}]}}