{"id":90324,"date":"2018-08-16T14:30:37","date_gmt":"2018-08-16T17:30:37","guid":{"rendered":"https:\/\/espacoecologico.com.br\/arquivo\/?p=90324"},"modified":"2018-08-15T21:52:44","modified_gmt":"2018-08-16T00:52:44","slug":"nova-zelandia-pretende-proibir-o-uso-de-sacolas-plasticas-no-pais","status":"publish","type":"post","link":"https:\/\/espacoecologico.com.br\/arquivo\/nova-zelandia-pretende-proibir-o-uso-de-sacolas-plasticas-no-pais\/","title":{"rendered":"Nova Zel\u00e2ndia pretende proibir o uso de sacolas pl\u00e1sticas no pa\u00eds"},"content":{"rendered":"<h2 class=\"resumo-conteudo\"><a href=\"https:\/\/espacoecologico.com.br\/arquivo\/wp-content\/uploads\/2018\/08\/lixo-3.jpg\"><img loading=\"lazy\" class=\"alignleft size-medium wp-image-90325\" src=\"https:\/\/espacoecologico.com.br\/arquivo\/wp-content\/uploads\/2018\/08\/lixo-3-300x192.jpg\" alt=\"\" width=\"300\" height=\"192\" srcset=\"https:\/\/espacoecologico.com.br\/arquivo\/wp-content\/uploads\/2018\/08\/lixo-3-300x192.jpg 300w, https:\/\/espacoecologico.com.br\/arquivo\/wp-content\/uploads\/2018\/08\/lixo-3.jpg 415w\" sizes=\"(max-width: 300px) 100vw, 300px\" \/><\/a>De acordo com a primeira-ministra do pa\u00eds, que fez refer\u00eancia a uma peti\u00e7\u00e3o pela causa que acumulou 65.000 assinaturas, este \u00e9 tamb\u00e9m o maior assunto sobre o qual as crian\u00e7as em idade escolar escrevem cartas endere\u00e7adas a ela<\/h2>\n<p>O governo da Nova Zel\u00e2ndia implementar\u00e1 em breve uma proibi\u00e7\u00e3o de sacolas pl\u00e1sticas descart\u00e1veis em uma tentativa de diminuir o impacto do pa\u00eds sobre o meio ambiente. A notifica\u00e7\u00e3o \u00e9 s\u00e9rie e j\u00e1 est\u00e1 em curso: varejistas ter\u00e3o seis meses para se enquadrar nas regras e as empresas que n\u00e3o cumprirem podem enfrentar multas de at\u00e9 R$ 386 mil. Os moradores do pa\u00eds est\u00e3o de acordo e mais do que prontos para essa mudan\u00e7a, em benef\u00edcio do meio ambiente.<\/p>\n<p><img loading=\"lazy\" class=\"\" src=\"https:\/\/www.anda.jor.br\/wp-content\/uploads\/2018\/08\/nova-zelandia-proibi%C3%A7%C3%A3o-sacolas-pl%C3%A1sticas3.jpg\" width=\"640\" height=\"853\" \/><\/p>\n<p>\u201cEstamos eliminando gradualmente as sacolas pl\u00e1sticas de uso \u00fanico para que possamos cuidar melhor do meio ambiente e preservar a reputa\u00e7\u00e3o limpa e verde da Nova Zel\u00e2ndia\u201d, disse a primeira-ministra Jacinda Ardern em um comunicado \u00e0 imprensa. \u201cTodos os anos, na Nova Zel\u00e2ndia, usamos centenas de milh\u00f5es de sacolas pl\u00e1sticas descart\u00e1veis. Uma montanha de sacos, muitos dos quais acabam poluindo nossos preciosos ambientes costeiros e marinhos e causam s\u00e9rios danos a todos os tipos de vida marinha, e tudo isso quando existem alternativas vi\u00e1veis para consumidores e empresas \u201d, explica. De acordo com a primeira-ministra, que fez refer\u00eancia a uma peti\u00e7\u00e3o pela causa que acumulou 65.000 assinaturas, este \u00e9 tamb\u00e9m o maior assunto sobre o qual as crian\u00e7as em idade escolar escrevem cartas endere\u00e7adas a ela.<\/p>\n<p><img loading=\"lazy\" class=\"\" src=\"https:\/\/www.anda.jor.br\/wp-content\/uploads\/2018\/08\/nova-zelandia-proibi%C3%A7%C3%A3o-sacolas-pl%C3%A1sticas2.jpg\" width=\"638\" height=\"425\" \/><\/p>\n<div id=\"attachment_722957\" class=\"wp-caption aligncenter\" style=\"width: 649px;\">\n<p>Reprodu\u00e7\u00e3o | LiveKindly<\/p>\n<\/div>\n<p>A mudan\u00e7a ter\u00e1 grandes impactos no pa\u00eds, que hoje conta com um dos piores n\u00edveis de produ\u00e7\u00e3o de res\u00edduos urbanos no mundo desenvolvido, com 750 milh\u00f5es \u2013 154 por pessoa \u2013 sacolas pl\u00e1sticas usadas todos os anos. Estes altos n\u00fameros da Nova Zel\u00e2ndia foram recentemente relacionados ao decl\u00ednio das aves marinhas, nativas da terra, conhecida como a \u201cCapital das Aves Marinhas do Mundo\u201d, abrigando cerca de 36 esp\u00e9cies \u2013 mais do que qualquer outro pa\u00eds do mundo. No entanto, os res\u00edduos no oceano est\u00e3o afetando essas popula\u00e7\u00f5es, bem como outras esp\u00e9cies marinhas.<\/p>\n<p><img loading=\"lazy\" class=\"\" src=\"https:\/\/www.anda.jor.br\/wp-content\/uploads\/2018\/08\/nova-zelandia-proibi%C3%A7%C3%A3o-sacolas-pl%C3%A1sticas.jpg\" width=\"638\" height=\"359\" \/><\/p>\n<div id=\"attachment_722956\" class=\"wp-caption aligncenter\" style=\"width: 650px;\">\n<p>Reprodu\u00e7\u00e3o | LiveKindly<\/p>\n<\/div>\n<p>Ardern encorajou os cidad\u00e3os a falar sobre este assunto t\u00e3o importante como o governo. A transpar\u00eancia pode ajudar a tornar a transi\u00e7\u00e3o o mais f\u00e1cil poss\u00edvel. O l\u00edder da oposi\u00e7\u00e3o, Simon Bridges, atacou o governo por se concentrar em \u201cquest\u00f5es menores que n\u00e3o far\u00e3o qualquer diferen\u00e7a real\u201d. No entanto, a proibi\u00e7\u00e3o teve sucesso em outras partes do mundo. No Reino Unido, os pesquisadores descobriram um decl\u00ednio de 30% na quantidade de pl\u00e1stico no mar, onde as regi\u00f5es haviam implementado uma taxa de sacolas pl\u00e1sticas. Isso sugere que os esfor\u00e7os pol\u00edticos e as mudan\u00e7as legislativas fazem diferen\u00e7a nos n\u00edveis de polui\u00e7\u00e3o. Mais de 40 pa\u00edses ao redor do mundo proibiram o uso de sacolas pl\u00e1sticas, e as preocupa\u00e7\u00f5es com o meio ambiente continuam sendo uma grande motiva\u00e7\u00e3o para in\u00fameros governos ao redor do globo.<\/p>\n","protected":false},"excerpt":{"rendered":"<p>De acordo com a primeira-ministra do pa\u00eds, que fez refer\u00eancia a uma peti\u00e7\u00e3o pela causa<\/p>\n","protected":false},"author":2,"featured_media":90325,"comment_status":"open","ping_status":"open","sticky":false,"template":"","format":"standard","meta":[],"categories":[],"tags":[],"uagb_featured_image_src":{"full":["https:\/\/espacoecologico.com.br\/arquivo\/wp-content\/uploads\/2018\/08\/lixo-3.jpg",415,265,false],"thumbnail":["https:\/\/espacoecologico.com.br\/arquivo\/wp-content\/uploads\/2018\/08\/lixo-3-150x150.jpg",150,150,true],"medium":["https:\/\/espacoecologico.com.br\/arquivo\/wp-content\/uploads\/2018\/08\/lixo-3-300x192.jpg",300,192,true],"medium_large":["https:\/\/espacoecologico.com.br\/arquivo\/wp-content\/uploads\/2018\/08\/lixo-3.jpg",415,265,false],"large":["https:\/\/espacoecologico.com.br\/arquivo\/wp-content\/uploads\/2018\/08\/lixo-3.jpg",415,265,false],"1536x1536":["https:\/\/espacoecologico.com.br\/arquivo\/wp-content\/uploads\/2018\/08\/lixo-3.jpg",415,265,false],"2048x2048":["https:\/\/espacoecologico.com.br\/arquivo\/wp-content\/uploads\/2018\/08\/lixo-3.jpg",415,265,false],"cream-magazine-thumbnail-2":["https:\/\/espacoecologico.com.br\/arquivo\/wp-content\/uploads\/2018\/08\/lixo-3.jpg",415,265,false],"cream-magazine-thumbnail-3":["https:\/\/espacoecologico.com.br\/arquivo\/wp-content\/uploads\/2018\/08\/lixo-3.jpg",415,265,false],"cream-magazine-thumbnail-4":["https:\/\/espacoecologico.com.br\/arquivo\/wp-content\/uploads\/2018\/08\/lixo-3.jpg",415,265,false]},"uagb_author_info":{"display_name":"","author_link":"https:\/\/espacoecologico.com.br\/arquivo\/author\/"},"uagb_comment_info":0,"uagb_excerpt":"De acordo com a primeira-ministra do pa\u00eds, que fez refer\u00eancia a uma peti\u00e7\u00e3o pela causa","_links":{"self":[{"href":"https:\/\/espacoecologico.com.br\/arquivo\/wp-json\/wp\/v2\/posts\/90324"}],"collection":[{"href":"https:\/\/espacoecologico.com.br\/arquivo\/wp-json\/wp\/v2\/posts"}],"about":[{"href":"https:\/\/espacoecologico.com.br\/arquivo\/wp-json\/wp\/v2\/types\/post"}],"author":[{"embeddable":true,"href":"https:\/\/espacoecologico.com.br\/arquivo\/wp-json\/wp\/v2\/users\/2"}],"replies":[{"embeddable":true,"href":"https:\/\/espacoecologico.com.br\/arquivo\/wp-json\/wp\/v2\/comments?post=90324"}],"version-history":[{"count":0,"href":"https:\/\/espacoecologico.com.br\/arquivo\/wp-json\/wp\/v2\/posts\/90324\/revisions"}],"wp:featuredmedia":[{"embeddable":true,"href":"https:\/\/espacoecologico.com.br\/arquivo\/wp-json\/wp\/v2\/media\/90325"}],"wp:attachment":[{"href":"https:\/\/espacoecologico.com.br\/arquivo\/wp-json\/wp\/v2\/media?parent=90324"}],"wp:term":[{"taxonomy":"category","embeddable":true,"href":"https:\/\/espacoecologico.com.br\/arquivo\/wp-json\/wp\/v2\/categories?post=90324"},{"taxonomy":"post_tag","embeddable":true,"href":"https:\/\/espacoecologico.com.br\/arquivo\/wp-json\/wp\/v2\/tags?post=90324"}],"curies":[{"name":"wp","href":"https:\/\/api.w.org\/{rel}","templated":true}]}}