{"id":90310,"date":"2018-08-16T15:00:42","date_gmt":"2018-08-16T18:00:42","guid":{"rendered":"https:\/\/espacoecologico.com.br\/arquivo\/?p=90310"},"modified":"2018-08-15T21:28:51","modified_gmt":"2018-08-16T00:28:51","slug":"carrinhos-de-bebe-aumentam-exposicao-a-poluicao-diz-estudo","status":"publish","type":"post","link":"https:\/\/espacoecologico.com.br\/arquivo\/carrinhos-de-bebe-aumentam-exposicao-a-poluicao-diz-estudo\/","title":{"rendered":"Carrinhos de beb\u00ea aumentam exposi\u00e7\u00e3o \u00e0 polui\u00e7\u00e3o, diz estudo"},"content":{"rendered":"<p><a href=\"https:\/\/espacoecologico.com.br\/arquivo\/wp-content\/uploads\/2018\/08\/carrinho_bebe.jpg\"><img loading=\"lazy\" class=\"alignleft size-medium wp-image-90311\" src=\"https:\/\/espacoecologico.com.br\/arquivo\/wp-content\/uploads\/2018\/08\/carrinho_bebe-300x192.jpg\" alt=\"\" width=\"300\" height=\"192\" srcset=\"https:\/\/espacoecologico.com.br\/arquivo\/wp-content\/uploads\/2018\/08\/carrinho_bebe-300x192.jpg 300w, https:\/\/espacoecologico.com.br\/arquivo\/wp-content\/uploads\/2018\/08\/carrinho_bebe.jpg 415w\" sizes=\"(max-width: 300px) 100vw, 300px\" \/><\/a>De acordo com dados divulgados no ano passado pela Organiza\u00e7\u00e3o Mundial de Sa\u00fade (OMS), mais de 1,7 milh\u00e3o de crian\u00e7as menores de cinco anos morrem anualmente devido \u00e0\u00a0<strong>polui\u00e7\u00e3o ambiental.<\/strong>\u00a0Uma das causas, segundo novo\u00a0<a href=\"https:\/\/www.sciencedirect.com\/science\/article\/pii\/S0160412018306585\">estudo<\/a>, pode ter rela\u00e7\u00e3o com o uso de carrinhos de beb\u00ea em vias onde o tr\u00e1fego de ve\u00edculos \u00e9 intenso. Um simples passeio pode expor\u00a0as crian\u00e7as a cerca de 60% a mais de polui\u00e7\u00e3o quando comparadas aos adultos. A polui\u00e7\u00e3o j\u00e1 foi relacionada ao aumento de problemas neurol\u00f3gicos.<\/p>\n<p>A pesquisa, publicada na revista\u00a0<em>Environment International<\/em>, explica que o n\u00edvel de exposi\u00e7\u00e3o \u00e9 maior, pois o equipamento \u00e9 baixo e, portanto, mais pr\u00f3ximo do ch\u00e3o e mais perto dos\u00a0<strong>gases poluentes<\/strong>\u00a0liberados pelos canos de escapamento dos ve\u00edculos.\u00a0Al\u00e9m disso, os riscos para a sa\u00fade s\u00e3o maiores porque as crian\u00e7as s\u00e3o pequenas e mais fr\u00e1geis por ainda estarem em fase de desenvolvimento.<\/p>\n<p>Por causa disso, os pesquisadores recomendam aos pais que evitem usar carrinhos de beb\u00ea muito baixos em ruas e avenidas movimentadas. Eles tamb\u00e9m\u00a0indicam o uso de uma cobertura protetora para reduzir a exposi\u00e7\u00e3o aos poluentes.<\/p>\n<h3>Part\u00edculas poluentes<\/h3>\n<p>De acordo com especialistas, a polui\u00e7\u00e3o do tr\u00e2nsito \u2013 proveniente de carros, \u00f4nibus e caminh\u00f5es \u2013 cont\u00e9m altos n\u00edveis de metais t\u00f3xicos que podem prejudicar o desenvolvimento cerebral dos beb\u00eas, danificando o lobo frontal e afetando a capacidade cognitiva e neurol\u00f3gica, principalmente quando o tempo de exposi\u00e7\u00e3o \u00e9 prolongado.\u00a0Ap\u00f3s a revis\u00e3o de pesquisas anteriores, os cientistas da\u00a0Universidade de Surrey, na Inglaterra, descobriram que, dentro do carrinho de beb\u00ea tradicional (geralmente mais baixos), a cabe\u00e7a das crian\u00e7as fica a uma altura de 0,55 a 0,85 metro acima do solo.<\/p>\n<p>Como a quantidade de part\u00edculas finas poluentes \u00e9 mais elevada no primeiro metro acima do n\u00edvel do solo, as crian\u00e7as acabam sendo expostas a at\u00e9 60% a mais de polui\u00e7\u00e3o do que os adultos. Isso representa uma amea\u00e7a, especialmente porque as part\u00edculas t\u00f3xicas emitidas pelo escapamentos dos ve\u00edculos s\u00e3o consideravelmente maiores para os pulm\u00f5es e vasos sangu\u00edneos das crian\u00e7as em compara\u00e7\u00e3o aos dos adultos.<\/p>\n<p>\u201cQuando voc\u00ea considera como eles<em>\u00a0[beb\u00eas]<\/em>\u00a0s\u00e3o vulner\u00e1veis nesta fase inicial da vida, \u00e9 extremamente preocupante que eles estejam sendo expostos a esses n\u00edveis perigosos de polui\u00e7\u00e3o\u201d, comentou\u00a0 Prashant Kumar, um dos autores do estudo, ao\u00a0<em>The Telegraph<\/em>.<\/p>\n<h3>Como diminuir os riscos<\/h3>\n<p>Os pesquisadores aconselham que os adultos procurem utilizar carrinhos de beb\u00ea mais altos \u2013 como o modelo usado por\u00a0<strong>Kate Middleton<\/strong>\u00a0durante o batizado da princesa Charlotte, que ocorreu no m\u00eas passado. Por serem mais altos, essa vers\u00e3o reduz o n\u00edvel de exposi\u00e7\u00e3o. Al\u00e9m disso, usar carrinho de beb\u00ea em \u00e1reas com menor tr\u00e1fego pode ajudar a contornar os riscos \u00e0 sa\u00fade, assim como usar a cobertura protetora e evitar\u00a0pontos cr\u00edticos de polui\u00e7\u00e3o, como sem\u00e1foros e paradas de \u00f4nibus.<\/p>\n<div class=\"content-image aligncenter wp-caption\">\n<div class=\"image\">Pensando globalmente, a equipe recomendou a governos e setores industriais a diminui\u00e7\u00e3o das emiss\u00f5es de poluentes de ve\u00edculos grandes, como caminh\u00f5es, e o incentivo ao uso do transporte p\u00fablico.\u00a0\u201cPara ajudar a proteger a sa\u00fade das crian\u00e7as, precisamos promover alternativas aos carros movidos a gasolina e diesel\u201d, acrescentou\u00a0Jonathan Grigg, do Royal College of Pediatrics and Child Health, no Reino Unido, \u00e0\u00a0<em>BBC<\/em>.<\/div>\n<\/div>\n<p>J\u00e1 Stefan Reis, do Centro de Ecologia e Hidrologia, comentou a import\u00e2ncia do estudo para estimular projetos que solucionem o problema da polui\u00e7\u00e3o. \u201cA pesquisa \u00e9 convincente e importante para a avalia\u00e7\u00e3o tanto das fontes de emiss\u00f5es de poluentes do ar como os fatores locais, individuais e comportamentais que contribuem para a exposi\u00e7\u00e3o.\u00a0Com isso, pode ser poss\u00edvel a cria\u00e7\u00e3o de projetos de interven\u00e7\u00f5es\u201d, concluiu.<\/p>\n","protected":false},"excerpt":{"rendered":"<p>De acordo com dados divulgados no ano passado pela Organiza\u00e7\u00e3o Mundial de Sa\u00fade (OMS), mais<\/p>\n","protected":false},"author":2,"featured_media":90311,"comment_status":"open","ping_status":"open","sticky":false,"template":"","format":"standard","meta":[],"categories":[],"tags":[],"uagb_featured_image_src":{"full":["https:\/\/espacoecologico.com.br\/arquivo\/wp-content\/uploads\/2018\/08\/carrinho_bebe.jpg",415,265,false],"thumbnail":["https:\/\/espacoecologico.com.br\/arquivo\/wp-content\/uploads\/2018\/08\/carrinho_bebe-150x150.jpg",150,150,true],"medium":["https:\/\/espacoecologico.com.br\/arquivo\/wp-content\/uploads\/2018\/08\/carrinho_bebe-300x192.jpg",300,192,true],"medium_large":["https:\/\/espacoecologico.com.br\/arquivo\/wp-content\/uploads\/2018\/08\/carrinho_bebe.jpg",415,265,false],"large":["https:\/\/espacoecologico.com.br\/arquivo\/wp-content\/uploads\/2018\/08\/carrinho_bebe.jpg",415,265,false],"1536x1536":["https:\/\/espacoecologico.com.br\/arquivo\/wp-content\/uploads\/2018\/08\/carrinho_bebe.jpg",415,265,false],"2048x2048":["https:\/\/espacoecologico.com.br\/arquivo\/wp-content\/uploads\/2018\/08\/carrinho_bebe.jpg",415,265,false],"cream-magazine-thumbnail-2":["https:\/\/espacoecologico.com.br\/arquivo\/wp-content\/uploads\/2018\/08\/carrinho_bebe.jpg",415,265,false],"cream-magazine-thumbnail-3":["https:\/\/espacoecologico.com.br\/arquivo\/wp-content\/uploads\/2018\/08\/carrinho_bebe.jpg",415,265,false],"cream-magazine-thumbnail-4":["https:\/\/espacoecologico.com.br\/arquivo\/wp-content\/uploads\/2018\/08\/carrinho_bebe.jpg",415,265,false]},"uagb_author_info":{"display_name":"","author_link":"https:\/\/espacoecologico.com.br\/arquivo\/author\/"},"uagb_comment_info":0,"uagb_excerpt":"De acordo com dados divulgados no ano passado pela Organiza\u00e7\u00e3o Mundial de Sa\u00fade (OMS), mais","_links":{"self":[{"href":"https:\/\/espacoecologico.com.br\/arquivo\/wp-json\/wp\/v2\/posts\/90310"}],"collection":[{"href":"https:\/\/espacoecologico.com.br\/arquivo\/wp-json\/wp\/v2\/posts"}],"about":[{"href":"https:\/\/espacoecologico.com.br\/arquivo\/wp-json\/wp\/v2\/types\/post"}],"author":[{"embeddable":true,"href":"https:\/\/espacoecologico.com.br\/arquivo\/wp-json\/wp\/v2\/users\/2"}],"replies":[{"embeddable":true,"href":"https:\/\/espacoecologico.com.br\/arquivo\/wp-json\/wp\/v2\/comments?post=90310"}],"version-history":[{"count":0,"href":"https:\/\/espacoecologico.com.br\/arquivo\/wp-json\/wp\/v2\/posts\/90310\/revisions"}],"wp:featuredmedia":[{"embeddable":true,"href":"https:\/\/espacoecologico.com.br\/arquivo\/wp-json\/wp\/v2\/media\/90311"}],"wp:attachment":[{"href":"https:\/\/espacoecologico.com.br\/arquivo\/wp-json\/wp\/v2\/media?parent=90310"}],"wp:term":[{"taxonomy":"category","embeddable":true,"href":"https:\/\/espacoecologico.com.br\/arquivo\/wp-json\/wp\/v2\/categories?post=90310"},{"taxonomy":"post_tag","embeddable":true,"href":"https:\/\/espacoecologico.com.br\/arquivo\/wp-json\/wp\/v2\/tags?post=90310"}],"curies":[{"name":"wp","href":"https:\/\/api.w.org\/{rel}","templated":true}]}}