{"id":90305,"date":"2018-08-16T08:00:15","date_gmt":"2018-08-16T11:00:15","guid":{"rendered":"https:\/\/espacoecologico.com.br\/arquivo\/?p=90305"},"modified":"2018-08-15T21:20:55","modified_gmt":"2018-08-16T00:20:55","slug":"chuva-de-meteoritos-pode-ter-criado-as-rochas-mais-antigas-da-terra","status":"publish","type":"post","link":"https:\/\/espacoecologico.com.br\/arquivo\/chuva-de-meteoritos-pode-ter-criado-as-rochas-mais-antigas-da-terra\/","title":{"rendered":"Chuva de meteoritos pode ter criado as rochas mais antigas da Terra"},"content":{"rendered":"<p><a href=\"https:\/\/espacoecologico.com.br\/arquivo\/wp-content\/uploads\/2018\/08\/meteorito-1.jpg\"><img loading=\"lazy\" class=\"alignleft size-medium wp-image-90306\" src=\"https:\/\/espacoecologico.com.br\/arquivo\/wp-content\/uploads\/2018\/08\/meteorito-1-300x192.jpg\" alt=\"\" width=\"300\" height=\"192\" srcset=\"https:\/\/espacoecologico.com.br\/arquivo\/wp-content\/uploads\/2018\/08\/meteorito-1-300x192.jpg 300w, https:\/\/espacoecologico.com.br\/arquivo\/wp-content\/uploads\/2018\/08\/meteorito-1.jpg 415w\" sizes=\"(max-width: 300px) 100vw, 300px\" \/><\/a>A origem das\u00a0<strong>rochas<\/strong>\u00a0mais antigas do mundo, forma\u00e7\u00f5es cheias de s\u00edlica que ficam em um rio canadense chamado Acasta, sempre gerou curiosidade. Com 4 bilh\u00f5es de anos, essas composi\u00e7\u00f5es podem ter tido seus princ\u00edpios descobertos s\u00f3 agora.<\/p>\n<p>De acordo com um estudo publicado na revista\u00a0<i>Nature Geoscience<\/i>, essas rochas provavelmente se organizaram a temperaturas muito altas e em uma profundidade rasa, nas camadas exteriores do planeta. O calor necess\u00e1rio para esse processo provavelmente teria sido gerado por um bombardeio de\u00a0<strong>meteoritos<\/strong>\u00a0cerca de meio bilh\u00e3o de anos depois da forma\u00e7\u00e3o da\u00a0<strong>Terra<\/strong>, o que derreteu a \u2018casca\u2019 rica em ferro do globo e gerou as composi\u00e7\u00f5es observadas atualmente. Assim, com o derretimento do estrato externo, compuseram-se as estruturas encontradas no Acasta.<\/p>\n<div class=\"content-image aligncenter wp-caption\">\n<div class=\"image\"><img loading=\"lazy\" class=\"wp-image-2688320\" title=\"rocha\" src=\"https:\/\/abrilveja.files.wordpress.com\/2018\/08\/rocha.jpg?quality=70&amp;strip=info&amp;w=300&amp;strip=info\" sizes=\"(max-width: 419px) 100vw, 419px\" srcset=\"https:\/\/abrilveja.files.wordpress.com\/2018\/08\/rocha.jpg?quality=70&amp;strip=info&amp;w=419 419w, https:\/\/abrilveja.files.wordpress.com\/2018\/08\/rocha.jpg?quality=70&amp;strip=info&amp;w=838 838w, https:\/\/abrilveja.files.wordpress.com\/2018\/08\/rocha.jpg?quality=70&amp;strip=info&amp;w=150 150w, https:\/\/abrilveja.files.wordpress.com\/2018\/08\/rocha.jpg?quality=70&amp;strip=info&amp;w=300 300w, https:\/\/abrilveja.files.wordpress.com\/2018\/08\/rocha.jpg?quality=70&amp;strip=info&amp;w=768 768w, https:\/\/abrilveja.files.wordpress.com\/2018\/08\/rocha.jpg?quality=70&amp;strip=info&amp;w=650 650w\" alt=\"\" width=\"640\" height=\"514\" border=\"0\" data-image-title=\"rocha\" data-restrict=\"false\" data-portal-copyright=\"Annie Bauer\" data-image-caption=\"\" \/>\u00a0As estruturas rochosas perto do rio Acasta.<\/div>\n<p class=\"caption\">As estruturas rochosas perto do rio Acasta.\u00a0(Annie Bauer\/Arquivo pessoal)<\/p>\n<\/div>\n<p>Os cientistas acreditam que a temperatura necess\u00e1ria para que todo esse procedimento fosse poss\u00edvel seria de 900\u00b0C, o que indica a ocorr\u00eancia de um evento dr\u00e1stico. A maior probabilidade, afirmam, seria a de uma alta incid\u00eancia de meteoritos.<\/p>\n<p>Embora existam minerais mais antigos do que essas forma\u00e7\u00f5es, elas det\u00eam o t\u00edtulo de primeiras rochas do mundo. Os pesquisadores acreditam que, apesar de escassas hoje, essas estruturas fossem comuns antigamente. No entanto, com o passar de 4 bilh\u00f5es de anos e todas as altera\u00e7\u00f5es geomorfol\u00f3gicas que eles trouxeram (como o advento de placas tect\u00f4nicas), s\u00f3 essa pequena parcela encontrada no Canad\u00e1 permaneceu. Desse modo, essas composi\u00e7\u00f5es podem ser as \u00fanicas sobreviventes de um passado muito (muito!) distante da Terra.<\/p>\n","protected":false},"excerpt":{"rendered":"<p>A origem das\u00a0rochas\u00a0mais antigas do mundo, forma\u00e7\u00f5es cheias de s\u00edlica que ficam em um rio<\/p>\n","protected":false},"author":2,"featured_media":90306,"comment_status":"open","ping_status":"open","sticky":false,"template":"","format":"standard","meta":[],"categories":[],"tags":[],"uagb_featured_image_src":{"full":["https:\/\/espacoecologico.com.br\/arquivo\/wp-content\/uploads\/2018\/08\/meteorito-1.jpg",415,265,false],"thumbnail":["https:\/\/espacoecologico.com.br\/arquivo\/wp-content\/uploads\/2018\/08\/meteorito-1-150x150.jpg",150,150,true],"medium":["https:\/\/espacoecologico.com.br\/arquivo\/wp-content\/uploads\/2018\/08\/meteorito-1-300x192.jpg",300,192,true],"medium_large":["https:\/\/espacoecologico.com.br\/arquivo\/wp-content\/uploads\/2018\/08\/meteorito-1.jpg",415,265,false],"large":["https:\/\/espacoecologico.com.br\/arquivo\/wp-content\/uploads\/2018\/08\/meteorito-1.jpg",415,265,false],"1536x1536":["https:\/\/espacoecologico.com.br\/arquivo\/wp-content\/uploads\/2018\/08\/meteorito-1.jpg",415,265,false],"2048x2048":["https:\/\/espacoecologico.com.br\/arquivo\/wp-content\/uploads\/2018\/08\/meteorito-1.jpg",415,265,false],"cream-magazine-thumbnail-2":["https:\/\/espacoecologico.com.br\/arquivo\/wp-content\/uploads\/2018\/08\/meteorito-1.jpg",415,265,false],"cream-magazine-thumbnail-3":["https:\/\/espacoecologico.com.br\/arquivo\/wp-content\/uploads\/2018\/08\/meteorito-1.jpg",415,265,false],"cream-magazine-thumbnail-4":["https:\/\/espacoecologico.com.br\/arquivo\/wp-content\/uploads\/2018\/08\/meteorito-1.jpg",415,265,false]},"uagb_author_info":{"display_name":"","author_link":"https:\/\/espacoecologico.com.br\/arquivo\/author\/"},"uagb_comment_info":0,"uagb_excerpt":"A origem das\u00a0rochas\u00a0mais antigas do mundo, forma\u00e7\u00f5es cheias de s\u00edlica que ficam em um rio","_links":{"self":[{"href":"https:\/\/espacoecologico.com.br\/arquivo\/wp-json\/wp\/v2\/posts\/90305"}],"collection":[{"href":"https:\/\/espacoecologico.com.br\/arquivo\/wp-json\/wp\/v2\/posts"}],"about":[{"href":"https:\/\/espacoecologico.com.br\/arquivo\/wp-json\/wp\/v2\/types\/post"}],"author":[{"embeddable":true,"href":"https:\/\/espacoecologico.com.br\/arquivo\/wp-json\/wp\/v2\/users\/2"}],"replies":[{"embeddable":true,"href":"https:\/\/espacoecologico.com.br\/arquivo\/wp-json\/wp\/v2\/comments?post=90305"}],"version-history":[{"count":0,"href":"https:\/\/espacoecologico.com.br\/arquivo\/wp-json\/wp\/v2\/posts\/90305\/revisions"}],"wp:featuredmedia":[{"embeddable":true,"href":"https:\/\/espacoecologico.com.br\/arquivo\/wp-json\/wp\/v2\/media\/90306"}],"wp:attachment":[{"href":"https:\/\/espacoecologico.com.br\/arquivo\/wp-json\/wp\/v2\/media?parent=90305"}],"wp:term":[{"taxonomy":"category","embeddable":true,"href":"https:\/\/espacoecologico.com.br\/arquivo\/wp-json\/wp\/v2\/categories?post=90305"},{"taxonomy":"post_tag","embeddable":true,"href":"https:\/\/espacoecologico.com.br\/arquivo\/wp-json\/wp\/v2\/tags?post=90305"}],"curies":[{"name":"wp","href":"https:\/\/api.w.org\/{rel}","templated":true}]}}