{"id":90287,"date":"2018-08-15T14:00:53","date_gmt":"2018-08-15T17:00:53","guid":{"rendered":"https:\/\/espacoecologico.com.br\/arquivo\/?p=90287"},"modified":"2018-08-14T21:35:55","modified_gmt":"2018-08-15T00:35:55","slug":"ofensiva-contra-o-lixo-pais-se-engaja-em-debate-sobre-a-coleta-seletiva","status":"publish","type":"post","link":"https:\/\/espacoecologico.com.br\/arquivo\/ofensiva-contra-o-lixo-pais-se-engaja-em-debate-sobre-a-coleta-seletiva\/","title":{"rendered":"Ofensiva contra o lixo: pa\u00eds se engaja em debate sobre a coleta seletiva"},"content":{"rendered":"<p><a href=\"https:\/\/espacoecologico.com.br\/arquivo\/wp-content\/uploads\/2018\/08\/reciclagem.jpg\"><img loading=\"lazy\" class=\"alignleft size-medium wp-image-90288\" src=\"https:\/\/espacoecologico.com.br\/arquivo\/wp-content\/uploads\/2018\/08\/reciclagem-300x192.jpg\" alt=\"\" width=\"300\" height=\"192\" srcset=\"https:\/\/espacoecologico.com.br\/arquivo\/wp-content\/uploads\/2018\/08\/reciclagem-300x192.jpg 300w, https:\/\/espacoecologico.com.br\/arquivo\/wp-content\/uploads\/2018\/08\/reciclagem.jpg 415w\" sizes=\"(max-width: 300px) 100vw, 300px\" \/><\/a>Em 2018 come\u00e7am a se esgotar os primeiros prazos estipulados para algumas das medidas da Pol\u00edtica Nacional de Res\u00edduos S\u00f3lidos, como o fim dos lix\u00f5es. Em junho deste ano, a quest\u00e3o do tratamento de lixo ganhou evid\u00eancia nas discuss\u00f5es da sociedade civil com dois eventos realizados em Bras\u00edlia. Primeiro, o Congresso Cidades Lixo Zero reuniu exemplos de todo o mundo para debater a gest\u00e3o de res\u00edduos em centros urbanos. No fim do m\u00eas, a Virada do Cerrado 2018 focou as atividades na promo\u00e7\u00e3o da coleta seletiva.<\/p>\n<p>A pol\u00edtica sobre res\u00edduos s\u00f3lidos brasileira (<a class=\"external-link\" href=\"http:\/\/www.planalto.gov.br\/ccivil_03\/_Ato2007-2010\/2010\/Lei\/L12305.htm\">Lei 12.305, de 2010<\/a>) \u00e9 considerada uma das melhores do mundo no seu setor. A coleta seletiva, um dos seus objetivos, otimiza manejo do lixo, traz benef\u00edcios ambientais e pode tamb\u00e9m ter fins econ\u00f4micos e sociais. A separa\u00e7\u00e3o correta dos materiais descartados aumenta o potencial de reciclagem.<\/p>\n<p>Segundo a Associa\u00e7\u00e3o Brasileira de Empresas de Limpeza P\u00fablica e Res\u00edduos Especiais (Abrelpe), o Brasil produziu 78,3 milh\u00f5es de toneladas de lixo em 2016. Em pouco mais de dois ter\u00e7os dos munic\u00edpios brasileiros, ele passou por alguma forma de coleta seletiva, para que cada subst\u00e2ncia fosse reaproveitada ou descartada apropriadamente.<\/p>\n<p>Esse processo emprega entre 800 mil e 1 milh\u00e3o de catadores no pa\u00eds, estima o Movimento Nacional de Catadores de Materiais Recicl\u00e1veis (MNCR). A maioria desses profissionais trabalha na informalidade, e se organiza em cooperativas que fazem parcerias com os servi\u00e7os municipais de coleta.<\/p>\n<p>\u2014 O lixo tem valor. Quanto melhor a separa\u00e7\u00e3o do res\u00edduo, mais ele rende. Quando ele se mistura, deixa de ser recicl\u00e1vel e deixa de criar renda. Vai para um lix\u00e3o, que prejudica a natureza, ou um aterro, que gasta dinheiro \u2014 resume a professora Tereza Cristina Carvalho, do Laborat\u00f3rio de Sustentabilidade da Universidade de S\u00e3o Paulo (USP).<\/p>\n<p>Segundo a Abrelpe, 91% do lixo produzido no Brasil em 2016 foi coletado, n\u00e3o necessariamente de forma seletiva, e 7 milh\u00f5es de toneladas de res\u00edduos s\u00f3lidos foram simplesmente despejadas no meio ambiente.<\/p>\n<p><img loading=\"lazy\" class=\"image-inline\" src=\"https:\/\/www12.senado.leg.br\/noticias\/resolveuid\/97c2e86d-6c7f-4cb8-94d3-61cc72ccef9a\" width=\"640\" height=\"294\" \/><\/p>\n<h3><strong>Iniciativas<\/strong><\/h3>\n<p>A legisla\u00e7\u00e3o prev\u00ea destina\u00e7\u00e3o preferencial de recursos federais aos estados e munic\u00edpios que implantarem sistematicamente a pr\u00e1tica. A implementa\u00e7\u00e3o \u00e9 considerada uma obriga\u00e7\u00e3o das administra\u00e7\u00f5es locais, mas sem prazo definido. Segundo a Abrelpe, 3.878 dos 5.570 munic\u00edpios brasileiros possu\u00edam, ao fim de 2016, alguma iniciativa oficial de coleta seletiva de lixo. Isso n\u00e3o significa que todos eles tenham pol\u00edticas bem estruturadas e com ampla cobertura \u2014 a contabilidade inclui, por exemplo, cidades cuja a\u00e7\u00e3o se resume a um \u00fanico ponto p\u00fablico de coleta.<\/p>\n<p>O diretor-presidente da Abrelpe, Carlos Silva Filho, diz que estruturar um sistema municipal amplo de coleta seletiva n\u00e3o \u00e9 tarefa simples.<\/p>\n<p>\u2014 Servi\u00e7os de coleta seletiva t\u00eam custos mais elevados. A restri\u00e7\u00e3o or\u00e7ament\u00e1ria \u00e9 um problema que precisa ser considerado. O que se v\u00ea comumente s\u00e3o iniciativas de entrega volunt\u00e1ria. Estamos h\u00e1 mais de uma d\u00e9cada em torno de 3% a 4% de reciclagem, quando temos um potencial de 20% a 25% \u2014 calcula.<\/p>\n<p>Esse aprimoramento deve vir acompanhado de medidas que removam entraves \u00e0 cadeia de reutiliza\u00e7\u00e3o produtiva de materiais descartados.<\/p>\n<p>\u2014 Hoje a tributa\u00e7\u00e3o de materiais recicl\u00e1veis \u00e9 superior \u00e0 da mat\u00e9ria-prima virgem, o que \u00e9 um contrassenso. Precisamos de uma legisla\u00e7\u00e3o de \u00e2mbito nacional que d\u00ea incentivo ao processo de reutiliza\u00e7\u00e3o.<\/p>\n<p>A coleta seletiva facilita e otimiza o trabalho de reaproveitamento dos res\u00edduos. O lixo org\u00e2nico pode passar por compostagem e ser transformado em fertilizante. O lixo seco pode ser reciclado e transformado em novos materiais.<\/p>\n<h3><strong>Catadores<\/strong><\/h3>\n<p>Esse \u00e9 o trabalho dos catadores, que se especializam em dar a destina\u00e7\u00e3o correta para cada tipo de res\u00edduo. Eles atuam em instala\u00e7\u00f5es de triagem, que recebem o lixo coletado e ampliam a separa\u00e7\u00e3o.<\/p>\n<p>Os res\u00edduos secos s\u00e3o divididos inicialmente de acordo com a composi\u00e7\u00e3o \u2014 papel, pl\u00e1stico, vidro, metal. Depois \u00e9 feita uma separa\u00e7\u00e3o mais refinada, pelo valor potencial. Por exemplo, recipientes pl\u00e1sticos s\u00e3o divididos de acordo com o produto que continham e os v\u00e1rios tipos de papel (jornal, sulfite, papel\u00e3o) s\u00e3o diferenciados. Por fim, os materiais s\u00e3o prensados ou ensacados e transportados para as ind\u00fastrias que os compram.<\/p>\n<p>Em muitos casos, os catadores n\u00e3o contam com instala\u00e7\u00f5es apropriadas para trabalhar, e fazem a triagem diretamente nos lix\u00f5es. A determina\u00e7\u00e3o do fim desses locais (<i>ver box<\/i>) diminuiu a margem de atua\u00e7\u00e3o da categoria. Representante do MNCR no Distrito Federal, Ronei Alves, considera que a lei no Brasil age \u201cde tr\u00e1s para frente\u201d.<\/p>\n<p>\u2014 Os lix\u00f5es s\u00f3 podem ser fechados depois que as cidades estiverem tratando adequadamente seus res\u00edduos. Hoje a vida \u00fatil dos aterros especializados acaba reduzida, pois eles precisam lidar com uma quantidade muito maior de lixo. Se todas as unidades de triagem e compostagem estivessem prontas, apenas o que sobra do tratamento, que \u00e9 muito pouco, seria aterrado.<\/p>\n<p>Segundo Ronei, em muitos casos, a coleta convencional continua existindo.<\/p>\n<p>\u2014 Para o cidad\u00e3o, \u00e9 desestimulante saber que tudo que ele separa acaba indo para um aterro. Se ele sabe que o lixo est\u00e1 indo para uma cooperativa, gerando empregos, renda e dividendos para o munic\u00edpio, a\u00ed sim a coleta seletiva d\u00e1 certo.<\/p>\n<p>O diretor-adjunto do Servi\u00e7o de Limpeza Urbana (SLU) do DF, Paulo Celso Reis, diz que a ades\u00e3o de empresas menores e de condom\u00ednios residenciais \u00e0 coleta seletiva pode desonerar a estrutura p\u00fablica.<\/p>\n<p>Os condom\u00ednios podem tamb\u00e9m ampliar a consci\u00eancia ecol\u00f3gica no tocante ao descarte de materiais e subst\u00e2ncias.<\/p>\n<h2><strong>Projeto amplia o prazo para os munic\u00edpios fecharem lix\u00f5es<\/strong><\/h2>\n<p>Em 2016, 58,4% do lixo coletado no Brasil foi para aterros sanit\u00e1rios. Neles, o solo \u00e9 impermeabilizado e selado, o chorume \u00e9 drenado para tratamento e os gases resultantes s\u00e3o captados. Para aterros controlados, sem tratamentos espec\u00edficos, foram 24,2%. Por fim, 17,4% foram para lix\u00f5es, que s\u00e3o dep\u00f3sitos de res\u00edduos a c\u00e9u aberto.<\/p>\n<p>A\u00a0<a class=\"external-link\" href=\"http:\/\/www.planalto.gov.br\/ccivil_03\/_Ato2007-2010\/2010\/Lei\/L12305.htm\">Lei 12.305<\/a>\u00a0estabeleceu quatro anos para o fechamento dos lix\u00f5es. A previs\u00e3o n\u00e3o foi cumprida, e o Congresso analisa um projeto (<a class=\"external-link\" href=\"http:\/\/www25.senado.leg.br\/web\/atividade\/materias\/-\/materia\/131993\">PLC 169\/2017<\/a>) com novas datas, que variam segundo o tamanho do munic\u00edpio.<\/p>\n<p>O projeto j\u00e1 passou pelos deputados e pelos senadores, mas devido a mudan\u00e7as feitas no Senado, voltou \u00e0 C\u00e2mara, onde vai para uma comiss\u00e3o especial ainda n\u00e3o criada.<\/p>\n","protected":false},"excerpt":{"rendered":"<p>Em 2018 come\u00e7am a se esgotar os primeiros prazos estipulados para algumas das medidas da<\/p>\n","protected":false},"author":2,"featured_media":90288,"comment_status":"open","ping_status":"open","sticky":false,"template":"","format":"standard","meta":[],"categories":[],"tags":[],"uagb_featured_image_src":{"full":["https:\/\/espacoecologico.com.br\/arquivo\/wp-content\/uploads\/2018\/08\/reciclagem.jpg",415,265,false],"thumbnail":["https:\/\/espacoecologico.com.br\/arquivo\/wp-content\/uploads\/2018\/08\/reciclagem-150x150.jpg",150,150,true],"medium":["https:\/\/espacoecologico.com.br\/arquivo\/wp-content\/uploads\/2018\/08\/reciclagem-300x192.jpg",300,192,true],"medium_large":["https:\/\/espacoecologico.com.br\/arquivo\/wp-content\/uploads\/2018\/08\/reciclagem.jpg",415,265,false],"large":["https:\/\/espacoecologico.com.br\/arquivo\/wp-content\/uploads\/2018\/08\/reciclagem.jpg",415,265,false],"1536x1536":["https:\/\/espacoecologico.com.br\/arquivo\/wp-content\/uploads\/2018\/08\/reciclagem.jpg",415,265,false],"2048x2048":["https:\/\/espacoecologico.com.br\/arquivo\/wp-content\/uploads\/2018\/08\/reciclagem.jpg",415,265,false],"cream-magazine-thumbnail-2":["https:\/\/espacoecologico.com.br\/arquivo\/wp-content\/uploads\/2018\/08\/reciclagem.jpg",415,265,false],"cream-magazine-thumbnail-3":["https:\/\/espacoecologico.com.br\/arquivo\/wp-content\/uploads\/2018\/08\/reciclagem.jpg",415,265,false],"cream-magazine-thumbnail-4":["https:\/\/espacoecologico.com.br\/arquivo\/wp-content\/uploads\/2018\/08\/reciclagem.jpg",415,265,false]},"uagb_author_info":{"display_name":"","author_link":"https:\/\/espacoecologico.com.br\/arquivo\/author\/"},"uagb_comment_info":0,"uagb_excerpt":"Em 2018 come\u00e7am a se esgotar os primeiros prazos estipulados para algumas das medidas da","_links":{"self":[{"href":"https:\/\/espacoecologico.com.br\/arquivo\/wp-json\/wp\/v2\/posts\/90287"}],"collection":[{"href":"https:\/\/espacoecologico.com.br\/arquivo\/wp-json\/wp\/v2\/posts"}],"about":[{"href":"https:\/\/espacoecologico.com.br\/arquivo\/wp-json\/wp\/v2\/types\/post"}],"author":[{"embeddable":true,"href":"https:\/\/espacoecologico.com.br\/arquivo\/wp-json\/wp\/v2\/users\/2"}],"replies":[{"embeddable":true,"href":"https:\/\/espacoecologico.com.br\/arquivo\/wp-json\/wp\/v2\/comments?post=90287"}],"version-history":[{"count":0,"href":"https:\/\/espacoecologico.com.br\/arquivo\/wp-json\/wp\/v2\/posts\/90287\/revisions"}],"wp:featuredmedia":[{"embeddable":true,"href":"https:\/\/espacoecologico.com.br\/arquivo\/wp-json\/wp\/v2\/media\/90288"}],"wp:attachment":[{"href":"https:\/\/espacoecologico.com.br\/arquivo\/wp-json\/wp\/v2\/media?parent=90287"}],"wp:term":[{"taxonomy":"category","embeddable":true,"href":"https:\/\/espacoecologico.com.br\/arquivo\/wp-json\/wp\/v2\/categories?post=90287"},{"taxonomy":"post_tag","embeddable":true,"href":"https:\/\/espacoecologico.com.br\/arquivo\/wp-json\/wp\/v2\/tags?post=90287"}],"curies":[{"name":"wp","href":"https:\/\/api.w.org\/{rel}","templated":true}]}}