{"id":90275,"date":"2018-08-15T12:30:58","date_gmt":"2018-08-15T15:30:58","guid":{"rendered":"https:\/\/espacoecologico.com.br\/arquivo\/?p=90275"},"modified":"2018-08-14T21:05:26","modified_gmt":"2018-08-15T00:05:26","slug":"tres-coisas-que-podemos-fazer-para-evitar-que-a-temperatura-da-terra-suba-alem-do-limite","status":"publish","type":"post","link":"https:\/\/espacoecologico.com.br\/arquivo\/tres-coisas-que-podemos-fazer-para-evitar-que-a-temperatura-da-terra-suba-alem-do-limite\/","title":{"rendered":"Tr\u00eas coisas que podemos fazer para evitar que a temperatura da Terra suba al\u00e9m do limite"},"content":{"rendered":"<div class=\"mc-column content-text active-extra-styles active-capital-letter\" data-block-type=\"unstyled\" data-block-weight=\"19\" data-block-id=\"1\">\n<p class=\"content-text__container theme-color-primary-first-letter\" data-track-category=\"Link no Texto\" data-track-links=\"\"><a href=\"https:\/\/espacoecologico.com.br\/arquivo\/wp-content\/uploads\/2018\/08\/energia.jpg\"><img loading=\"lazy\" class=\"alignleft size-medium wp-image-90276\" src=\"https:\/\/espacoecologico.com.br\/arquivo\/wp-content\/uploads\/2018\/08\/energia-300x192.jpg\" alt=\"\" width=\"300\" height=\"192\" srcset=\"https:\/\/espacoecologico.com.br\/arquivo\/wp-content\/uploads\/2018\/08\/energia-300x192.jpg 300w, https:\/\/espacoecologico.com.br\/arquivo\/wp-content\/uploads\/2018\/08\/energia.jpg 415w\" sizes=\"(max-width: 300px) 100vw, 300px\" \/><\/a>Este ano, milh\u00f5es de pessoas em todo o mundo est\u00e3o sentindo de forma extrema os efeitos da mudan\u00e7a clim\u00e1tica.<\/p>\n<\/div>\n<div class=\"wall\">\n<div class=\"mc-column content-text active-extra-styles \" data-block-type=\"unstyled\" data-block-weight=\"39\" data-block-id=\"2\">\n<p class=\"content-text__container \" data-track-category=\"Link no Texto\" data-track-links=\"\">Ondas de calor fizeram a temperatura subir a n\u00edveis alarmantes do Jap\u00e3o ao c\u00edrculo polar \u00e1rtico. Inc\u00eandios florestais varreram a Calif\u00f3rnia e a Gr\u00e9cia. E o Estado mais populoso da Austr\u00e1lia, Nova Gales do Sul, est\u00e1 agora completamente seco.<\/p>\n<\/div>\n<div class=\"mc-column content-text active-extra-styles \" data-block-type=\"unstyled\" data-block-weight=\"34\" data-block-id=\"3\">\n<p class=\"content-text__container \" data-track-category=\"Link no Texto\" data-track-links=\"\">Para cientistas que estudam o clima, estes acontecimentos s\u00e3o um sinal de alerta da amea\u00e7a representada pela mudan\u00e7a clim\u00e1tica antropog\u00eanica, isto \u00e9, produzida pelo homem a partir da libera\u00e7\u00e3o massiva de carbono na atmosfera.<\/p>\n<\/div>\n<div class=\"mc-column content-text active-extra-styles \" data-block-type=\"unstyled\" data-block-weight=\"31\" data-block-id=\"4\">\n<p class=\"content-text__container \" data-track-category=\"Link no Texto\" data-track-links=\"\">&#8220;Eu acredito que as pessoas estejam associando, de forma correta, sua experi\u00eancia cotidiana com o aquecimento do planeta&#8221;, diz Bill Hare, cientista do clima e cofundador do cons\u00f3rcio cient\u00edfico Climate Analytics.<\/p>\n<\/div>\n<div class=\"mc-column content-text active-extra-styles \" data-block-type=\"unstyled\" data-block-weight=\"34\" data-block-id=\"5\">\n<p class=\"content-text__container \" data-track-category=\"Link no Texto\" data-track-links=\"\">Um aumento de 2\u00baC na temperatura global \u00e9 considerado o m\u00e1ximo que o planeta pode tolerar sem o risco iminente de cat\u00e1strofes em nossa alimenta\u00e7\u00e3o, abastecimento de \u00e1gua, biodiversidade ou no n\u00edvel dos mares.<\/p>\n<\/div>\n<div class=\"mc-column content-text active-extra-styles \" data-block-type=\"unstyled\" data-block-weight=\"52\" data-block-id=\"6\">\n<p class=\"content-text__container \" data-track-category=\"Link no Texto\" data-track-links=\"\">Na C\u00fapula do Clima de Paris, realizada no fim do ano passado, l\u00edderes de v\u00e1rios pa\u00edses do mundo concordaram em tentar manter o aquecimento global &#8220;bem abaixo&#8221; deste limite crucial &#8211; abaixo de 1,5\u00baC &#8211; o que pode fazer uma grande diferen\u00e7a para popula\u00e7\u00f5es vivendo em pequenas ilhas ou outras \u00e1reas vulner\u00e1veis.<\/p>\n<\/div>\n<div class=\"mc-column content-text active-extra-styles \" data-block-type=\"unstyled\" data-block-weight=\"20\" data-block-id=\"7\">\n<p class=\"content-text__container \" data-track-category=\"Link no Texto\" data-track-links=\"\">Mas o mundo conseguir\u00e1 manter essa promessa? Eis o que os especialistas dizem ser preciso fazer para cumprir o objetivo.<\/p>\n<\/div>\n<div class=\"mc-column content-text active-extra-styles\" data-block-type=\"raw\" data-block-weight=\"5\" data-block-id=\"8\">\n<div class=\"content-intertitle\">\n<h2>Substituir combust\u00edveis f\u00f3sseis por renov\u00e1veis<\/h2>\n<\/div>\n<\/div>\n<div class=\"mc-column content-text active-extra-styles \" data-block-type=\"unstyled\" data-block-weight=\"40\" data-block-id=\"9\">\n<p class=\"content-text__container \" data-track-category=\"Link no Texto\" data-track-links=\"\">Para limitar o aquecimento do planeta a 1, 5 C\u00b0 ou menos, cientistas concordam que as emiss\u00f5es de carbono devem chegar a um pico em 2020, e ent\u00e3o declinar rapidamente at\u00e9 zero pela metade do s\u00e9culo, ou um pouco depois.<\/p>\n<\/div>\n<div class=\"mc-column content-text active-extra-styles \" data-block-type=\"unstyled\" data-block-weight=\"45\" data-block-id=\"10\">\n<p class=\"content-text__container \" data-track-category=\"Link no Texto\" data-track-links=\"\">&#8220;Se conseguiremos fazer isto, se \u00e9 vi\u00e1vel econ\u00f4mica e tecnicamente, s\u00e3o quest\u00f5es leg\u00edtimas de se perguntar. Mas a comunidade cient\u00edfica tem mostrado que \u00e9 poss\u00edvel sim, e na maioria dos casos, economicamente vi\u00e1vel, com grandes benef\u00edcios para o desenvolvimento sustent\u00e1vel&#8221;, disse Bill Hare \u00e0 BBC.<\/p>\n<\/div>\n<div class=\"content-ads content-ads--reveal\" data-block-type=\"ads\" data-block-id=\"11\"><\/div>\n<div class=\"mc-column content-media content-media--normal  content-photo\" data-block-type=\"backstage-photo\" data-block-id=\"12\">\n<div class=\"content-media__container\">\n<div class=\"content-media__image-centered\">\n<div class=\"progressive-img can-open-lightbox\" data-min-size=\"1008x567\" data-min-size-url=\"https:\/\/s2.glbimg.com\/o1I-SDgM6blqjt15uJo7OcrZ4yA=\/0x0:640x360\/1008x0\/smart\/filters:strip_icc()\/s.glbimg.com\/jo\/g1\/f\/original\/2018\/08\/08\/eolica.jpg\" data-max-size=\"1600x900\" data-max-size-url=\"https:\/\/s2.glbimg.com\/GFcN7S-081aEZkKNr2jTVIVFK-Y=\/0x0:640x360\/1600x0\/smart\/filters:strip_icc()\/s.glbimg.com\/jo\/g1\/f\/original\/2018\/08\/08\/eolica.jpg\" data-media-index=\"0\">\n<div class=\"placeholder-container\"><\/div>\n<picture><img loading=\"lazy\" class=\"image content-media__image progressive-loaded\" title=\"O uso da energia e\u00f3lica est\u00e1 avan\u00e7ando - inclusive nos pa\u00edses em desenvolvimento (Foto: Reprodu\u00e7\u00e3o\/JN)\" src=\"https:\/\/s2.glbimg.com\/LSys0tizxVlsXGncNlMSgZmy22E=\/0x0:640x360\/984x0\/smart\/filters:strip_icc()\/s.glbimg.com\/jo\/g1\/f\/original\/2018\/08\/08\/eolica.jpg\" alt=\"O uso da energia e\u00f3lica est\u00e1 avan\u00e7ando - inclusive nos pa\u00edses em desenvolvimento (Foto: Reprodu\u00e7\u00e3o\/JN)\" width=\"639\" height=\"360\" data-src=\"https:\/\/s2.glbimg.com\/LSys0tizxVlsXGncNlMSgZmy22E=\/0x0:640x360\/984x0\/smart\/filters:strip_icc()\/s.glbimg.com\/jo\/g1\/f\/original\/2018\/08\/08\/eolica.jpg\" \/><\/picture><\/div>\n<\/div>\n<div class=\"content-media__description-centered \">\n<p class=\"content-media__description\"><i class=\"content-media__description__icon theme-color-primary\"><\/i><span class=\"content-media__description__caption\">O uso da energia e\u00f3lica est\u00e1 avan\u00e7ando &#8211; inclusive nos pa\u00edses em desenvolvimento (Foto: Reprodu\u00e7\u00e3o\/JN)<\/span><\/p>\n<\/div>\n<\/div>\n<\/div>\n<div class=\"mc-column content-text active-extra-styles \" data-block-type=\"unstyled\" data-block-weight=\"40\" data-block-id=\"13\">\n<p class=\"content-text__container \" data-track-category=\"Link no Texto\" data-track-links=\"\">Um relat\u00f3rio da Ag\u00eancia Internacional de Energia (IEA) afirma que, se a\u00e7\u00f5es neste sentido forem tomadas cedo o suficiente, 70% das emiss\u00f5es de carbono podem ser cortadas at\u00e9 2050. E, at\u00e9 2060, a economia mundial pode tornar-se livre de carbono.<\/p>\n<\/div>\n<div class=\"mc-column content-text active-extra-styles \" data-block-type=\"unstyled\" data-block-weight=\"30\" data-block-id=\"14\">\n<p class=\"content-text__container \" data-track-category=\"Link no Texto\" data-track-links=\"\">Uma transi\u00e7\u00e3o t\u00e3o grande nas fontes de energia necessitaria de uma &#8220;escalada sem precedentes no uso de tecnologias de baixo carbono, em todos os pa\u00edses&#8221;, diz o relat\u00f3rio da IEA.<\/p>\n<\/div>\n<div class=\"mc-column content-text active-extra-styles \" data-block-type=\"unstyled\" data-block-weight=\"45\" data-block-id=\"15\">\n<p class=\"content-text__container \" data-track-category=\"Link no Texto\" data-track-links=\"\">A boa not\u00edcia \u00e9 que n\u00e3o s\u00f3 na Europa, mas tamb\u00e9m na China e na \u00cdndia, o carv\u00e3o est\u00e1 sendo rapidamente substitu\u00eddo na fun\u00e7\u00e3o de combust\u00edvel para a gera\u00e7\u00e3o de energia. O uso de energia e\u00f3lica (do vento) e solar est\u00e1 se tornando mais comum.<\/p>\n<\/div>\n<div class=\"mc-column content-text active-extra-styles \" data-block-type=\"unstyled\" data-block-weight=\"52\" data-block-id=\"16\">\n<p class=\"content-text__container \" data-track-category=\"Link no Texto\" data-track-links=\"\">De acordo com um artigo de Bill Hare, outra medida importante para diminuir as emiss\u00f5es seria eletrificar o sistema de transporte. O \u00faltimo carro movido a gasolina precisa sair da concession\u00e1ria antes de 2035 se quisermos cumprir a meta de limitar o aquecimento global a 1,5 C\u00b0, diz o texto de Hare.<\/p>\n<\/div>\n<div class=\"mc-column content-text active-extra-styles \" data-block-type=\"unstyled\" data-block-weight=\"20\" data-block-id=\"17\">\n<p class=\"content-text__container \" data-track-category=\"Link no Texto\" data-track-links=\"\">Outra contribui\u00e7\u00e3o pode vir de casas e escrit\u00f3rios que gerem eletricidade renov\u00e1vel em quantidade suficiente para atender \u00e0s pr\u00f3prias necessidades.<\/p>\n<\/div>\n<div class=\"mc-column content-text active-extra-styles \" data-block-type=\"unstyled\" data-block-weight=\"19\" data-block-id=\"18\">\n<p class=\"content-text__container \" data-track-category=\"Link no Texto\" data-track-links=\"\">Mas ser\u00e1 que o mundo est\u00e1 caminhando para come\u00e7ar a reduzir suas emiss\u00f5es de g\u00e1s carb\u00f4nico depois de 2020?<\/p>\n<\/div>\n<div class=\"content-ads content-ads--reveal\" data-block-type=\"ads\" data-block-id=\"19\"><\/div>\n<div class=\"mc-column content-text active-extra-styles \" data-block-type=\"unstyled\" data-block-weight=\"53\" data-block-id=\"20\">\n<p class=\"content-text__container \" data-track-category=\"Link no Texto\" data-track-links=\"\">&#8220;N\u00e3o est\u00e1 claro ainda&#8221;, diz Hare. &#8220;Parece que as emiss\u00f5es de CO2 come\u00e7aram a crescer novamente e, se isto se confirmar, s\u00f3 v\u00e3o come\u00e7ar a cair novamente bem depois de 2020. At\u00e9 o momento, n\u00e3o parece que ser\u00e1 poss\u00edvel (cumprir a meta), a n\u00e3o ser que pa\u00edses relevantes comecem a agir&#8221;, diz ele.<\/p>\n<\/div>\n<div class=\"mc-column content-text active-extra-styles\" data-block-type=\"raw\" data-block-weight=\"5\" data-block-id=\"21\">\n<div class=\"content-intertitle\">\n<h2>Proteger e regenerar as florestas<\/h2>\n<\/div>\n<\/div>\n<div class=\"mc-column content-text active-extra-styles \" data-block-type=\"unstyled\" data-block-weight=\"36\" data-block-id=\"22\">\n<p class=\"content-text__container \" data-track-category=\"Link no Texto\" data-track-links=\"\">A derrubada das florestas tropicais \u00e9 respons\u00e1vel por cerca de 20% das emiss\u00f5es anuais de gases causadores do efeito estufa. Portanto, deter a derrubada de florestas \u00e9 algo muito relevante para conter as emiss\u00f5es de carbono.<\/p>\n<\/div>\n<div class=\"mc-column content-text active-extra-styles \" data-block-type=\"unstyled\" data-block-weight=\"36\" data-block-id=\"23\">\n<p class=\"content-text__container \" data-track-category=\"Link no Texto\" data-track-links=\"\">Um estudo da Universidade de Exeter, no Reino Unido, sugere que regenerar estas florestas \u00e9 tamb\u00e9m a melhor forma de recapturar carbono que foi lan\u00e7ado na atmosfera &#8211; ajudando, portanto, a segurar o aumento da temperatura.<\/p>\n<\/div>\n<div class=\"mc-column content-media content-media--normal  content-photo\" data-block-type=\"backstage-photo\" data-block-id=\"24\">\n<div class=\"content-media__container\">\n<div class=\"content-media__image-centered\">\n<div class=\"progressive-img can-open-lightbox\" data-min-size=\"1008x756\" data-min-size-url=\"https:\/\/s2.glbimg.com\/hYIYw27lxMGpxnVB22vB-oSu8wM=\/0x0:4320x3240\/1008x0\/smart\/filters:strip_icc()\/i.s3.glbimg.com\/v1\/AUTH_59edd422c0c84a879bd37670ae4f538a\/internal_photos\/bs\/2018\/P\/L\/UE5MUsRpWoc3Rf8cxisQ\/dscn6445.jpg\" data-max-size=\"1600x1200\" data-max-size-url=\"https:\/\/s2.glbimg.com\/c06M2RUZI5D_ywXugYIl5kOjkn8=\/0x0:4320x3240\/1600x0\/smart\/filters:strip_icc()\/i.s3.glbimg.com\/v1\/AUTH_59edd422c0c84a879bd37670ae4f538a\/internal_photos\/bs\/2018\/P\/L\/UE5MUsRpWoc3Rf8cxisQ\/dscn6445.jpg\" data-media-index=\"1\">\n<div class=\"placeholder-container\"><\/div>\n<picture><img loading=\"lazy\" class=\"image content-media__image progressive-loaded\" title=\"Segundo o estudo da Universidade de Exeter, a natureza j\u00e1 criou a forma mais eficiente de retirar carbono da atmosfera (Foto: Arquivo TG)\" src=\"https:\/\/s2.glbimg.com\/9ORiilG3ObEEtNHjCrqAKORq4nY=\/0x0:4320x3240\/984x0\/smart\/filters:strip_icc()\/i.s3.glbimg.com\/v1\/AUTH_59edd422c0c84a879bd37670ae4f538a\/internal_photos\/bs\/2018\/P\/L\/UE5MUsRpWoc3Rf8cxisQ\/dscn6445.jpg\" alt=\"Segundo o estudo da Universidade de Exeter, a natureza j\u00e1 criou a forma mais eficiente de retirar carbono da atmosfera (Foto: Arquivo TG)\" width=\"639\" height=\"479\" data-src=\"https:\/\/s2.glbimg.com\/9ORiilG3ObEEtNHjCrqAKORq4nY=\/0x0:4320x3240\/984x0\/smart\/filters:strip_icc()\/i.s3.glbimg.com\/v1\/AUTH_59edd422c0c84a879bd37670ae4f538a\/internal_photos\/bs\/2018\/P\/L\/UE5MUsRpWoc3Rf8cxisQ\/dscn6445.jpg\" \/><\/picture><\/div>\n<\/div>\n<div class=\"content-media__description-centered \">\n<p class=\"content-media__description\"><i class=\"content-media__description__icon theme-color-primary\"><\/i><span class=\"content-media__description__caption\">Segundo o estudo da Universidade de Exeter, a natureza j\u00e1 criou a forma mais eficiente de retirar carbono da atmosfera (Foto: Arquivo TG)<\/span><\/p>\n<\/div>\n<\/div>\n<\/div>\n<div class=\"mc-column content-text active-extra-styles \" data-block-type=\"unstyled\" data-block-weight=\"57\" data-block-id=\"25\">\n<p class=\"content-text__container \" data-track-category=\"Link no Texto\" data-track-links=\"\">A l\u00edder do estudo \u00e9 a especialista em ci\u00eancia do clima Anna Harper. Segundo ela, levantamentos anteriores sugerem que a recupera\u00e7\u00e3o das \u00e1reas de floresta tropical poderia remover uma ou duas gigatoneladas de carbono da atmosfera por ano. Um n\u00famero significativo, se levarmos em conta que o total de emiss\u00f5es atuais \u00e9 de 10 gigatoneladas por ano.<\/p>\n<\/div>\n<div class=\"mc-column content-text active-extra-styles \" data-block-type=\"unstyled\" data-block-weight=\"37\" data-block-id=\"26\">\n<p class=\"content-text__container \" data-track-category=\"Link no Texto\" data-track-links=\"\">Cientistas dizem que, mesmo que o mundo zere as emiss\u00f5es de carbono at\u00e9 a metade deste s\u00e9culo, ainda \u00e9 poss\u00edvel ampliar os esfor\u00e7os com &#8220;emiss\u00f5es negativas&#8221;, de forma a atingir os objetivos globais contra o efeito estufa.<\/p>\n<\/div>\n<div class=\"content-ads content-ads--reveal\" data-block-type=\"ads\" data-block-id=\"27\"><\/div>\n<div class=\"mc-column content-text active-extra-styles \" data-block-type=\"unstyled\" data-block-weight=\"17\" data-block-id=\"28\">\n<p class=\"content-text__container \" data-track-category=\"Link no Texto\" data-track-links=\"\">T\u00e9cnicas est\u00e3o em desenvolvimento para capturar e armazenar carbono em \u00e1rvores, no subsolo e no leito marinho.<\/p>\n<\/div>\n<div class=\"mc-column content-text active-extra-styles \" data-block-type=\"unstyled\" data-block-weight=\"46\" data-block-id=\"29\">\n<p class=\"content-text__container \" data-track-category=\"Link no Texto\" data-track-links=\"\">Um artigo publicado por Anna Harper no peri\u00f3dico cient\u00edfico Nature Communications analisou uma destas solu\u00e7\u00f5es &#8211; usinas de bioenergia que capturam e armazenam CO2 &#8211; e concluiu que plantar ou reflorestar regi\u00f5es de mata ainda \u00e9 a melhor forma de mitigar os efeitos da mudan\u00e7a clim\u00e1tica.<\/p>\n<\/div>\n<div class=\"mc-column content-text active-extra-styles \" data-block-type=\"unstyled\" data-block-weight=\"29\" data-block-id=\"30\">\n<p class=\"content-text__container \" data-track-category=\"Link no Texto\" data-track-links=\"\">&#8220;Para atingir os objetivos do acordo de Paris, precisamos tanto reduzir drasticamente as novas emiss\u00f5es quanto usar um mix de diferentes t\u00e9cnicas para remover carbono da atmosfera&#8221;, diz Harper.<\/p>\n<\/div>\n<div class=\"mc-column content-text active-extra-styles \" data-block-type=\"unstyled\" data-block-weight=\"14\" data-block-id=\"31\">\n<p class=\"content-text__container \" data-track-category=\"Link no Texto\" data-track-links=\"\">&#8220;N\u00e3o existe uma &#8216;cartada m\u00e1gica&#8217; que v\u00e1 resolver todos os problemas&#8221;, diz a pesquisadora.<\/p>\n<\/div>\n<div class=\"mc-column content-text active-extra-styles\" data-block-type=\"raw\" data-block-weight=\"5\" data-block-id=\"32\">\n<div class=\"content-intertitle\">\n<h2>Manter os pol\u00edticos na linha<\/h2>\n<\/div>\n<\/div>\n<div class=\"mc-column content-text active-extra-styles \" data-block-type=\"unstyled\" data-block-weight=\"30\" data-block-id=\"33\">\n<p class=\"content-text__container \" data-track-category=\"Link no Texto\" data-track-links=\"\">A ci\u00eancia continuar\u00e1 monitorando a trajet\u00f3ria das emiss\u00f5es de carbono, de modo a saber se o mundo est\u00e1 ou n\u00e3o no caminho para atingir as metas de controle de temperatura.<\/p>\n<\/div>\n<div class=\"mc-column content-text active-extra-styles \" data-block-type=\"unstyled\" data-block-weight=\"27\" data-block-id=\"34\">\n<p class=\"content-text__container \" data-track-category=\"Link no Texto\" data-track-links=\"\">Mas uma an\u00e1lise mais cuidadosa das promessas feitas por cada pa\u00eds ap\u00f3s o acordo de Paris em 2015 mostra que os esfor\u00e7os ainda est\u00e3o aqu\u00e9m do necess\u00e1rio.<\/p>\n<\/div>\n<div class=\"mc-column content-text active-extra-styles \" data-block-type=\"unstyled\" data-block-weight=\"35\" data-block-id=\"35\">\n<p class=\"content-text__container \" data-track-category=\"Link no Texto\" data-track-links=\"\">Em seus relat\u00f3rios, a IEA estima que as emiss\u00f5es de carbono feitas pelo setor de energia precisam ficar abaixo de 790 gigatoneladas, de 2015 at\u00e9 2100, para que a meta de 1,5 C\u00b0 seja atingida.<\/p>\n<\/div>\n<div class=\"mc-column content-text active-extra-styles \" data-block-type=\"unstyled\" data-block-weight=\"20\" data-block-id=\"36\">\n<p class=\"content-text__container \" data-track-category=\"Link no Texto\" data-track-links=\"\">Apesar disso, os compromissos atuais dos pa\u00edses permitiriam que este setor, sozinho, lan\u00e7asse na atmosfera 1,260 gigatoneladas s\u00f3 at\u00e9 2050.<\/p>\n<\/div>\n<div class=\"mc-column content-text active-extra-styles \" data-block-type=\"unstyled\" data-block-weight=\"30\" data-block-id=\"37\">\n<p class=\"content-text__container \" data-track-category=\"Link no Texto\" data-track-links=\"\">Isto significa que o eventual sucesso em conter o aumento das temperaturas depender\u00e1 de &#8220;emiss\u00f5es negativas&#8221; &#8211; captura de carbono &#8211; e de novas tecnologias e esfor\u00e7os. Ou n\u00e3o acontecer\u00e1.<\/p>\n<\/div>\n<div class=\"mc-column content-media content-media--normal  content-photo\" data-block-type=\"backstage-photo\" data-block-id=\"38\">\n<div class=\"content-media__container\">\n<div class=\"content-media__image-centered\">\n<div class=\"progressive-img can-open-lightbox\" data-min-size=\"1008x631\" data-min-size-url=\"https:\/\/s2.glbimg.com\/r9A1rIZXCVa24AYccHzd3kjlHCA=\/0x0:1700x1065\/1008x0\/smart\/filters:strip_icc()\/s.glbimg.com\/jo\/g1\/f\/original\/2015\/03\/07\/000_dv1984030.jpg\" data-max-size=\"1600x1002\" data-max-size-url=\"https:\/\/s2.glbimg.com\/qWmPPIL68uJUGAYNRh_GqFTVWEk=\/0x0:1700x1065\/1600x0\/smart\/filters:strip_icc()\/s.glbimg.com\/jo\/g1\/f\/original\/2015\/03\/07\/000_dv1984030.jpg\" data-media-index=\"2\">\n<div class=\"placeholder-container\"><\/div>\n<picture><img loading=\"lazy\" class=\"image content-media__image progressive-loaded\" title=\"Uma placa com os dizeres 'Eu sou o planeta Terra' \u00e9 vista durante a marcha pelo clima em Londres, na Inglaterra. A mensagem faz refer\u00eancia ao slogan 'Je suis Charlie' (Eu sou Charlie) usado ap\u00f3s os ataques \u00e0 revista francesa Charlie Hebdo (Foto: Niklas Hallen\/AFP)\" src=\"https:\/\/s2.glbimg.com\/pFhVMReGOXlWSKWnB16EFrgVXlc=\/0x0:1700x1065\/984x0\/smart\/filters:strip_icc()\/s.glbimg.com\/jo\/g1\/f\/original\/2015\/03\/07\/000_dv1984030.jpg\" alt=\"Uma placa com os dizeres 'Eu sou o planeta Terra' \u00e9 vista durante a marcha pelo clima em Londres, na Inglaterra. A mensagem faz refer\u00eancia ao slogan 'Je suis Charlie' (Eu sou Charlie) usado ap\u00f3s os ataques \u00e0 revista francesa Charlie Hebdo (Foto: Niklas Hallen\/AFP)\" width=\"640\" height=\"401\" data-src=\"https:\/\/s2.glbimg.com\/pFhVMReGOXlWSKWnB16EFrgVXlc=\/0x0:1700x1065\/984x0\/smart\/filters:strip_icc()\/s.glbimg.com\/jo\/g1\/f\/original\/2015\/03\/07\/000_dv1984030.jpg\" \/><\/picture><\/div>\n<\/div>\n<div class=\"content-media__description-centered \">\n<p class=\"content-media__description\"><i class=\"content-media__description__icon theme-color-primary\"><\/i><span class=\"content-media__description__caption\">Uma placa com os dizeres &#8216;Eu sou o planeta Terra&#8217; \u00e9 vista durante a marcha pelo clima em Londres, na Inglaterra. A mensagem faz refer\u00eancia ao slogan &#8216;Je suis Charlie&#8217; (Eu sou Charlie) usado ap\u00f3s os ataques \u00e0 revista francesa Charlie Hebdo (Foto: Niklas Hallen\/AFP)<\/span><\/p>\n<\/div>\n<\/div>\n<\/div>\n<div class=\"mc-column content-text active-extra-styles \" data-block-type=\"unstyled\" data-block-weight=\"37\" data-block-id=\"40\">\n<p class=\"content-text__container \" data-track-category=\"Link no Texto\" data-track-links=\"\">Os dirigentes dos principais pa\u00edses emissores do mundo se encontram nos eventos do G20 &#8211; a reuni\u00e3o das vinte maiores economias do mundo. Os pa\u00edses deste grupo somam 63% da popula\u00e7\u00e3o do mundo e 83% das emiss\u00f5es.<\/p>\n<\/div>\n<div class=\"mc-column content-text active-extra-styles \" data-block-type=\"unstyled\" data-block-weight=\"28\" data-block-id=\"41\">\n<p class=\"content-text__container \" data-track-category=\"Link no Texto\" data-track-links=\"\">Estes pa\u00edses &#8211; cujas popula\u00e7\u00f5es s\u00e3o provavelmente mais atentas \u00e0s quest\u00f5es ambientais e mais aptas a se manifestar por seus direitos &#8211; estabeleceram metas de controle de emiss\u00f5es.<\/p>\n<\/div>\n<div class=\"mc-column content-text active-extra-styles \" data-block-type=\"unstyled\" data-block-weight=\"42\" data-block-id=\"42\">\n<p class=\"content-text__container \" data-track-category=\"Link no Texto\" data-track-links=\"\">&#8220;Em termos do p\u00fablico em geral, as pessoas est\u00e3o agora mais atentas \u00e0 quest\u00e3o da mudan\u00e7a clim\u00e1tica. E eu acho que isto est\u00e1 levando a mais press\u00e3o sobre os pol\u00edticos, seus partidos e a ind\u00fastria, para reduzir as emiss\u00f5es&#8221;, diz Bill Hare.<\/p>\n<\/div>\n<div class=\"mc-column content-text active-extra-styles \" data-block-type=\"unstyled\" data-block-weight=\"29\" data-block-id=\"43\">\n<p class=\"content-text__container \" data-track-category=\"Link no Texto\" data-track-links=\"\">Mesmo assim, o presidente dos Estados Unidos, Donald Trump, retirou os EUA do acordo de Paris. E prometeu trazer de volta \u00e0 vida o setor de carv\u00e3o do pa\u00eds.<\/p>\n<\/div>\n<\/div>\n<div data-track-category=\"fim do conteudo\" data-track-action=\"ultimo chunk conteudo\" data-track-noninteraction=\"false\" data-track-scroll=\"entrada completa viewport\">\n<div class=\"mc-column content-text active-extra-styles \" data-block-type=\"unstyled\" data-block-weight=\"24\" data-block-id=\"44\">\n<p class=\"content-text__container \" data-track-category=\"Link no Texto\" data-track-links=\"\">&#8220;A hist\u00f3ria vai julg\u00e1-lo. Todos concordamos, penso eu, que n\u00e3o h\u00e1 cat\u00e1strofe clim\u00e1tica capaz de fazer Donald Trump rever sua posi\u00e7\u00e3o&#8221;, diz o cientista.<\/p>\n<\/div>\n<\/div>\n","protected":false},"excerpt":{"rendered":"<p>Este ano, milh\u00f5es de pessoas em todo o mundo est\u00e3o sentindo de forma extrema os<\/p>\n","protected":false},"author":2,"featured_media":90276,"comment_status":"open","ping_status":"open","sticky":false,"template":"","format":"standard","meta":[],"categories":[],"tags":[],"uagb_featured_image_src":{"full":["https:\/\/espacoecologico.com.br\/arquivo\/wp-content\/uploads\/2018\/08\/energia.jpg",415,265,false],"thumbnail":["https:\/\/espacoecologico.com.br\/arquivo\/wp-content\/uploads\/2018\/08\/energia-150x150.jpg",150,150,true],"medium":["https:\/\/espacoecologico.com.br\/arquivo\/wp-content\/uploads\/2018\/08\/energia-300x192.jpg",300,192,true],"medium_large":["https:\/\/espacoecologico.com.br\/arquivo\/wp-content\/uploads\/2018\/08\/energia.jpg",415,265,false],"large":["https:\/\/espacoecologico.com.br\/arquivo\/wp-content\/uploads\/2018\/08\/energia.jpg",415,265,false],"1536x1536":["https:\/\/espacoecologico.com.br\/arquivo\/wp-content\/uploads\/2018\/08\/energia.jpg",415,265,false],"2048x2048":["https:\/\/espacoecologico.com.br\/arquivo\/wp-content\/uploads\/2018\/08\/energia.jpg",415,265,false],"cream-magazine-thumbnail-2":["https:\/\/espacoecologico.com.br\/arquivo\/wp-content\/uploads\/2018\/08\/energia.jpg",415,265,false],"cream-magazine-thumbnail-3":["https:\/\/espacoecologico.com.br\/arquivo\/wp-content\/uploads\/2018\/08\/energia.jpg",415,265,false],"cream-magazine-thumbnail-4":["https:\/\/espacoecologico.com.br\/arquivo\/wp-content\/uploads\/2018\/08\/energia.jpg",415,265,false]},"uagb_author_info":{"display_name":"","author_link":"https:\/\/espacoecologico.com.br\/arquivo\/author\/"},"uagb_comment_info":0,"uagb_excerpt":"Este ano, milh\u00f5es de pessoas em todo o mundo est\u00e3o sentindo de forma extrema os","_links":{"self":[{"href":"https:\/\/espacoecologico.com.br\/arquivo\/wp-json\/wp\/v2\/posts\/90275"}],"collection":[{"href":"https:\/\/espacoecologico.com.br\/arquivo\/wp-json\/wp\/v2\/posts"}],"about":[{"href":"https:\/\/espacoecologico.com.br\/arquivo\/wp-json\/wp\/v2\/types\/post"}],"author":[{"embeddable":true,"href":"https:\/\/espacoecologico.com.br\/arquivo\/wp-json\/wp\/v2\/users\/2"}],"replies":[{"embeddable":true,"href":"https:\/\/espacoecologico.com.br\/arquivo\/wp-json\/wp\/v2\/comments?post=90275"}],"version-history":[{"count":0,"href":"https:\/\/espacoecologico.com.br\/arquivo\/wp-json\/wp\/v2\/posts\/90275\/revisions"}],"wp:featuredmedia":[{"embeddable":true,"href":"https:\/\/espacoecologico.com.br\/arquivo\/wp-json\/wp\/v2\/media\/90276"}],"wp:attachment":[{"href":"https:\/\/espacoecologico.com.br\/arquivo\/wp-json\/wp\/v2\/media?parent=90275"}],"wp:term":[{"taxonomy":"category","embeddable":true,"href":"https:\/\/espacoecologico.com.br\/arquivo\/wp-json\/wp\/v2\/categories?post=90275"},{"taxonomy":"post_tag","embeddable":true,"href":"https:\/\/espacoecologico.com.br\/arquivo\/wp-json\/wp\/v2\/tags?post=90275"}],"curies":[{"name":"wp","href":"https:\/\/api.w.org\/{rel}","templated":true}]}}