{"id":90263,"date":"2018-08-15T11:00:41","date_gmt":"2018-08-15T14:00:41","guid":{"rendered":"https:\/\/espacoecologico.com.br\/arquivo\/?p=90263"},"modified":"2018-08-14T20:40:08","modified_gmt":"2018-08-14T23:40:08","slug":"sustentabilidade-no-cardapio-voluntariado-em-cozinhas-conscientes","status":"publish","type":"post","link":"https:\/\/espacoecologico.com.br\/arquivo\/sustentabilidade-no-cardapio-voluntariado-em-cozinhas-conscientes\/","title":{"rendered":"Sustentabilidade no card\u00e1pio? Voluntariado em cozinhas conscientes!"},"content":{"rendered":"<p><a href=\"https:\/\/espacoecologico.com.br\/arquivo\/wp-content\/uploads\/2018\/08\/cozinha_.jpg\"><img loading=\"lazy\" class=\"alignleft size-medium wp-image-90265\" src=\"https:\/\/espacoecologico.com.br\/arquivo\/wp-content\/uploads\/2018\/08\/cozinha_-300x192.jpg\" alt=\"\" width=\"300\" height=\"192\" srcset=\"https:\/\/espacoecologico.com.br\/arquivo\/wp-content\/uploads\/2018\/08\/cozinha_-300x192.jpg 300w, https:\/\/espacoecologico.com.br\/arquivo\/wp-content\/uploads\/2018\/08\/cozinha_.jpg 415w\" sizes=\"(max-width: 300px) 100vw, 300px\" \/><\/a>A participa\u00e7\u00e3o na cozinha n\u00e3o \u201censina\u201d apenas a cozinhar, mas cria o \u201cgostar de cozinhar\u201d e de cuidar. H\u00e1 uma conex\u00e3o com comida de verdade por meio de atividades culin\u00e1rias. Al\u00e9m disso, todo o sustento da ecologia externa e da sustentabilidade que muito se busca, depende tamb\u00e9m do despertar de nosso lado cuidador e da pr\u00e1tica efetiva da coopera\u00e7\u00e3o.<\/p>\n<figure id=\"attachment_3107\" class=\"wp-caption aligncenter\" style=\"width: 649px;\"><img loading=\"lazy\" class=\" wp-image-3107\" src=\"http:\/\/autossustentavel.com\/wp-content\/uploads\/2018\/07\/Flores.png\" sizes=\"(max-width: 600px) 100vw, 600px\" srcset=\"http:\/\/autossustentavel.com\/wp-content\/uploads\/2018\/07\/Flores.png 600w, http:\/\/autossustentavel.com\/wp-content\/uploads\/2018\/07\/Flores-150x150.png 150w, http:\/\/autossustentavel.com\/wp-content\/uploads\/2018\/07\/Flores-300x300.png 300w, http:\/\/autossustentavel.com\/wp-content\/uploads\/2018\/07\/Flores-480x480.png 480w\" alt=\"Flores\" width=\"639\" height=\"639\" \/><figcaption class=\"wp-caption-text\">Imagem: Val\u00e9ria Amores<\/figcaption><\/figure>\n<h3>A \u201c\u00e1gua certa\u201d pode ser um servi\u00e7o volunt\u00e1rio em uma cozinha!<\/h3>\n<p>Ir para a cozinha \u00e9 uma s\u00e1bia decis\u00e3o. Na cozinha, existe a experi\u00eancia de reeduca\u00e7\u00e3o do nosso ego e uma conex\u00e3o com nossa ecologia interna, que faz emergir nosso jeito mais \u201ceco\u201d de ser.<\/p>\n<p>Uma experi\u00eancia na cozinha pode despertar o potencial criativo, curativo e cuidar de todo esse cen\u00e1rio interno, de forma interessante: Ir para uma cozinha compartilhada ou uma cozinha ecol\u00f3gica com rotinas bem definidas, uma cozinha que atenda a sociedade gratuitamente ou a grupos espec\u00edficos, uma cozinha tempor\u00e1ria de eventos, de campanhas de ajuda, mostra exatamente que um movimento de restaura\u00e7\u00e3o do planeta e dos seres, \u00e9 poss\u00edvel e vem da humildade e da uni\u00e3o de a\u00e7\u00f5es.<\/p>\n<p><img loading=\"lazy\" class=\"\" src=\"http:\/\/autossustentavel.com\/wp-content\/uploads\/2018\/07\/Cozinha-volunt%C3%A1ria.png\" alt=\"Cozinha volunt\u00c3\u00a1ria\" width=\"639\" height=\"852\" \/>Voluntariado em cozinha de retiros culin\u00e1rios e na cozinha da Val. Imagem: Val\u00e9ria Amores<\/p>\n<h3>O que se experimenta no voluntariado em cozinhas<\/h3>\n<p><strong>1.\u00a0<\/strong><strong>H\u00e1 hor\u00e1rios interessantes estabelecidos<br \/>\n<\/strong>Esteja pronto para ver o sol nascer e a dormir cedo. Essa mudan\u00e7a para alguns pode parecer desconfort\u00e1vel, mas reconecta o ser com o ciclo natural do dia. Voc\u00ea amanhece junto, pouco a pouco e acaba apreciando uma bela paisagem. Exercita contempla\u00e7\u00e3o, disciplina e comprometimento com uma ideia de mudan\u00e7a real.<\/p>\n<figure id=\"attachment_3100\" class=\"wp-caption aligncenter\" style=\"width: 649px;\"><img loading=\"lazy\" class=\" wp-image-3100\" src=\"http:\/\/autossustentavel.com\/wp-content\/uploads\/2018\/07\/Nascer-do-sol.png\" sizes=\"(max-width: 690px) 100vw, 690px\" srcset=\"http:\/\/autossustentavel.com\/wp-content\/uploads\/2018\/07\/Nascer-do-sol.png 690w, http:\/\/autossustentavel.com\/wp-content\/uploads\/2018\/07\/Nascer-do-sol-300x225.png 300w, http:\/\/autossustentavel.com\/wp-content\/uploads\/2018\/07\/Nascer-do-sol-640x480.png 640w\" alt=\"Nascer do sol\" width=\"639\" height=\"479\" \/><figcaption class=\"wp-caption-text\">Imagem: Val\u00e9ria Amores<\/figcaption><\/figure>\n<p><strong>2. M\u00e3os na terra<br \/>\n<\/strong>Muitos lugares com cozinhas coletivas ou de suporte a retiros, eventos, ou ecovilas, que, por exemplo, possuem horta. Ent\u00e3o \u00e9 bem interessante a a\u00e7\u00e3o de ir coletar verduras, flores comest\u00edveis, ou mesmo frutas. Essa conex\u00e3o com o org\u00e2nico e a participa\u00e7\u00e3o na colheita do alimento d\u00e1 ainda mais entendimento de que culin\u00e1ria come\u00e7a l\u00e1, no semear. Tudo \u00e9 etapa, cuidado e coopera\u00e7\u00e3o. Nossa com outros, nossa com o meio e sim, do meio conosco, quando respeitado.<\/p>\n<figure id=\"attachment_3101\" class=\"wp-caption aligncenter\" style=\"width: 649px;\"><img loading=\"lazy\" class=\" wp-image-3101\" src=\"http:\/\/autossustentavel.com\/wp-content\/uploads\/2018\/07\/Plantar.png\" sizes=\"(max-width: 600px) 100vw, 600px\" srcset=\"http:\/\/autossustentavel.com\/wp-content\/uploads\/2018\/07\/Plantar.png 600w, http:\/\/autossustentavel.com\/wp-content\/uploads\/2018\/07\/Plantar-300x225.png 300w\" alt=\"Plantar\" width=\"639\" height=\"479\" \/><figcaption class=\"wp-caption-text\">Imagem: Val\u00e9ria Amores<\/figcaption><\/figure>\n<p><strong>3. Controle sustent\u00e1vel e inteligente do estoque<br \/>\n<\/strong>Prepare-se para aprender sobre medidas, quantidades, reabastecimento, uso de embalagens ecol\u00f3gicas, higiene. Esse entendimento traz a import\u00e2ncia do senso de medida para que de fato aja consumo consciente e zero desperd\u00edcio. Aprender a usar somente o necess\u00e1rio e se reeducar \u00e9 um presente. Aqui, est\u00e1 impl\u00edcita ainda, uma educa\u00e7\u00e3o financeira e o bom uso dos recursos. Voc\u00ea vai controlar e n\u00e3o esbanjar sem planejamento. Vai perceber que conserva\u00e7\u00e3o de itens, muitas vezes n\u00e3o exige luxo, mas criatividade, reuso e limpeza.<\/p>\n<p><strong>4. Manejo de res\u00edduos<br \/>\n<\/strong>Muitos destes locais possuem minhoc\u00e1rio, fazem compostagem, usam res\u00edduos em receitas, compartilham entre os volunt\u00e1rios para que nada se perca. Saber o que aproveitar e o que n\u00e3o, \u00e9 uma li\u00e7\u00e3o e tanto. Aqui entra, certamente, o separar correto do lixo. Estes locais possuem lixeiras ecol\u00f3gicas. O \u00eaxito do sistema instalado depende tamb\u00e9m da conscientiza\u00e7\u00e3o dos volunt\u00e1rios. Imagine absorver a ideia em dois ou tr\u00eas dias sem a mania de \u201cuma hora eu pratico\u201d? Vai al\u00e9m folheto de conscientiza\u00e7\u00e3o para a a\u00e7\u00e3o.<\/p>\n<p><strong>5. Consumo de itens da \u00e9poca mais consumo dos produtores locais<br \/>\n<\/strong>Quase tudo que \u00e9 usado nestas cozinhas especiais, vem de com\u00e9rcio local. Salvo o que existe na horta e \u00e9 suficiente. Isso fortalece economia das comunidades e cria bons v\u00ednculos cooperativos. Al\u00e9m disso, receitas com legumes, verduras e frutas da \u00e9poca mant\u00eam a conex\u00e3o com o ritmo da natureza.\u00a0 Aprende-se o que consumir sem desestabilizar o meio. Alimentos de \u00e9poca s\u00e3o mais baratos e at\u00e9 mais saborosos.<\/p>\n<figure id=\"attachment_3104\" class=\"wp-caption aligncenter\" style=\"width: 649px;\"><img loading=\"lazy\" class=\" wp-image-3104\" src=\"http:\/\/autossustentavel.com\/wp-content\/uploads\/2018\/07\/Produtores.jpg\" sizes=\"(max-width: 640px) 100vw, 640px\" srcset=\"http:\/\/autossustentavel.com\/wp-content\/uploads\/2018\/07\/Produtores.jpg 640w, http:\/\/autossustentavel.com\/wp-content\/uploads\/2018\/07\/Produtores-300x200.jpg 300w\" alt=\"Produtores\" width=\"639\" height=\"426\" \/><figcaption class=\"wp-caption-text\">Imagem: Creative Commons<\/figcaption><\/figure>\n<p><strong>6. Limpeza com produtos ecol\u00f3gicos e uso inteligente e respons\u00e1vel da \u00e1gua<br \/>\n<\/strong>Cozinhas como estas possuem prop\u00f3sitos bem especiais e certamente v\u00e3o optar por uma limpeza mais ecol\u00f3gica do espa\u00e7o. Nada que agrida o meio e os seres. A \u00e1gua da chuva bem usada nas cisternas e a \u00e1gua das torneiras usadas com o bom senso de medida.<\/p>\n<p><strong>7. Energia solar e luz natural<br \/>\n<\/strong>Muitas j\u00e1 fazem uso de placas solares e a maioria mant\u00e9m uma boa ilumina\u00e7\u00e3o para os afazeres culin\u00e1rios durante o dia. Mais uma forma de respeito ao meio. H\u00e1 luz de sobra l\u00e1 fora e, tamb\u00e9m, no sol dos cora\u00e7\u00f5es que se voluntariam.<\/p>\n<p><strong>8. Inspira\u00e7\u00e3o dos presentes<br \/>\n<\/strong>Os que recebem o alimento que vem destas cozinhas percebem a din\u00e2mica do cuidado que existe durante todo pr\u00e9-preparo e preparo. Percebem o carinho e se surpreendem com o sabor da simplicidade. Ficam encantados com a ideia de cuidar efetivamente do meio e carregam isso com eles. Certamente alguma coisa muda na cozinha da casa deles depois.\u00a0 Uma mudan\u00e7a \u00e9 fruto de uma experi\u00eancia, de um exemplo pr\u00e1tico. Acontece com todos.<\/p>\n<figure id=\"attachment_3106\" class=\"wp-caption aligncenter\" style=\"width: 649px;\"><img loading=\"lazy\" class=\" wp-image-3106\" src=\"http:\/\/autossustentavel.com\/wp-content\/uploads\/2018\/07\/Biscoitos-1.png\" sizes=\"(max-width: 600px) 100vw, 600px\" srcset=\"http:\/\/autossustentavel.com\/wp-content\/uploads\/2018\/07\/Biscoitos-1.png 600w, http:\/\/autossustentavel.com\/wp-content\/uploads\/2018\/07\/Biscoitos-1-150x150.png 150w, http:\/\/autossustentavel.com\/wp-content\/uploads\/2018\/07\/Biscoitos-1-300x300.png 300w, http:\/\/autossustentavel.com\/wp-content\/uploads\/2018\/07\/Biscoitos-1-480x480.png 480w\" alt=\"Biscoitos\" width=\"639\" height=\"639\" \/><figcaption class=\"wp-caption-text\">Imagem: Val\u00e9ria Amores<\/figcaption><\/figure>\n<p><strong>9. Pr\u00e1tica do respeito e n\u00e3o viol\u00eancia a todos os seres<br \/>\n<\/strong>Muitas destas cozinhas s\u00e3o vegetarianas ou veganas. Comida livre de crueldade e feita com amor. Al\u00e9m disso, conviver com pessoas diferentes tamb\u00e9m ensina a ouvir, silenciar, a deixar a ideia de ter sempre raz\u00e3o. \u00c9 o plantar de sementes da boa conviv\u00eancia. Afinal, um planeta preservado precisa ser tamb\u00e9m um planeta de gente que se entende.<\/p>\n<p><strong>10. Viv\u00eancia genu\u00edna sobre ser um tutor do planeta e n\u00e3o um possuidor<br \/>\n<\/strong>Ao lidar com rotinas de cuidado com os outros, com os recursos e consigo mesmo, h\u00e1 uma experi\u00eancia de integra\u00e7\u00e3o. Deixa-se a ilus\u00e3o de que somos donos de algo e essa percep\u00e7\u00e3o \u00e9 libertadora. Aprende-se muito sobre ser parte da teia da vida.<\/p>\n<figure id=\"attachment_3103\" class=\"wp-caption aligncenter\" style=\"width: 650px;\"><img loading=\"lazy\" class=\" wp-image-3103\" src=\"http:\/\/autossustentavel.com\/wp-content\/uploads\/2018\/07\/Amor-1.png\" sizes=\"(max-width: 600px) 100vw, 600px\" srcset=\"http:\/\/autossustentavel.com\/wp-content\/uploads\/2018\/07\/Amor-1.png 600w, http:\/\/autossustentavel.com\/wp-content\/uploads\/2018\/07\/Amor-1-150x150.png 150w, http:\/\/autossustentavel.com\/wp-content\/uploads\/2018\/07\/Amor-1-300x300.png 300w, http:\/\/autossustentavel.com\/wp-content\/uploads\/2018\/07\/Amor-1-480x480.png 480w\" alt=\"Amor\" width=\"640\" height=\"640\" \/><figcaption class=\"wp-caption-text\">Imagem: Val\u00e9ria Amores<\/figcaption><\/figure>\n<p>Bem, a receita desta vez \u00e9 diferente: proponho que voc\u00ea me envie uma e ent\u00e3o lhe envio outra. Mas que tal uma receita vegana de alguma cozinha em que voc\u00ea se voluntariou por a\u00ed? Se ainda n\u00e3o teve essa experi\u00eancia, busque em ecovilas ou ONGs. Vale \u00e0 pena semear o cuidado na pr\u00e1tica!<\/p>\n","protected":false},"excerpt":{"rendered":"<p>A participa\u00e7\u00e3o na cozinha n\u00e3o \u201censina\u201d apenas a cozinhar, mas cria o \u201cgostar de cozinhar\u201d<\/p>\n","protected":false},"author":2,"featured_media":90265,"comment_status":"open","ping_status":"open","sticky":false,"template":"","format":"standard","meta":[],"categories":[],"tags":[],"uagb_featured_image_src":{"full":["https:\/\/espacoecologico.com.br\/arquivo\/wp-content\/uploads\/2018\/08\/cozinha_.jpg",415,265,false],"thumbnail":["https:\/\/espacoecologico.com.br\/arquivo\/wp-content\/uploads\/2018\/08\/cozinha_-150x150.jpg",150,150,true],"medium":["https:\/\/espacoecologico.com.br\/arquivo\/wp-content\/uploads\/2018\/08\/cozinha_-300x192.jpg",300,192,true],"medium_large":["https:\/\/espacoecologico.com.br\/arquivo\/wp-content\/uploads\/2018\/08\/cozinha_.jpg",415,265,false],"large":["https:\/\/espacoecologico.com.br\/arquivo\/wp-content\/uploads\/2018\/08\/cozinha_.jpg",415,265,false],"1536x1536":["https:\/\/espacoecologico.com.br\/arquivo\/wp-content\/uploads\/2018\/08\/cozinha_.jpg",415,265,false],"2048x2048":["https:\/\/espacoecologico.com.br\/arquivo\/wp-content\/uploads\/2018\/08\/cozinha_.jpg",415,265,false],"cream-magazine-thumbnail-2":["https:\/\/espacoecologico.com.br\/arquivo\/wp-content\/uploads\/2018\/08\/cozinha_.jpg",415,265,false],"cream-magazine-thumbnail-3":["https:\/\/espacoecologico.com.br\/arquivo\/wp-content\/uploads\/2018\/08\/cozinha_.jpg",415,265,false],"cream-magazine-thumbnail-4":["https:\/\/espacoecologico.com.br\/arquivo\/wp-content\/uploads\/2018\/08\/cozinha_.jpg",415,265,false]},"uagb_author_info":{"display_name":"","author_link":"https:\/\/espacoecologico.com.br\/arquivo\/author\/"},"uagb_comment_info":0,"uagb_excerpt":"A participa\u00e7\u00e3o na cozinha n\u00e3o \u201censina\u201d apenas a cozinhar, mas cria o \u201cgostar de cozinhar\u201d","_links":{"self":[{"href":"https:\/\/espacoecologico.com.br\/arquivo\/wp-json\/wp\/v2\/posts\/90263"}],"collection":[{"href":"https:\/\/espacoecologico.com.br\/arquivo\/wp-json\/wp\/v2\/posts"}],"about":[{"href":"https:\/\/espacoecologico.com.br\/arquivo\/wp-json\/wp\/v2\/types\/post"}],"author":[{"embeddable":true,"href":"https:\/\/espacoecologico.com.br\/arquivo\/wp-json\/wp\/v2\/users\/2"}],"replies":[{"embeddable":true,"href":"https:\/\/espacoecologico.com.br\/arquivo\/wp-json\/wp\/v2\/comments?post=90263"}],"version-history":[{"count":0,"href":"https:\/\/espacoecologico.com.br\/arquivo\/wp-json\/wp\/v2\/posts\/90263\/revisions"}],"wp:featuredmedia":[{"embeddable":true,"href":"https:\/\/espacoecologico.com.br\/arquivo\/wp-json\/wp\/v2\/media\/90265"}],"wp:attachment":[{"href":"https:\/\/espacoecologico.com.br\/arquivo\/wp-json\/wp\/v2\/media?parent=90263"}],"wp:term":[{"taxonomy":"category","embeddable":true,"href":"https:\/\/espacoecologico.com.br\/arquivo\/wp-json\/wp\/v2\/categories?post=90263"},{"taxonomy":"post_tag","embeddable":true,"href":"https:\/\/espacoecologico.com.br\/arquivo\/wp-json\/wp\/v2\/tags?post=90263"}],"curies":[{"name":"wp","href":"https:\/\/api.w.org\/{rel}","templated":true}]}}