{"id":90259,"date":"2018-08-15T10:00:22","date_gmt":"2018-08-15T13:00:22","guid":{"rendered":"https:\/\/espacoecologico.com.br\/arquivo\/?p=90259"},"modified":"2018-08-14T19:25:07","modified_gmt":"2018-08-14T22:25:07","slug":"arvores-revelam-evolucao-da-poluicao-ambiental-em-sao-paulo","status":"publish","type":"post","link":"https:\/\/espacoecologico.com.br\/arquivo\/arvores-revelam-evolucao-da-poluicao-ambiental-em-sao-paulo\/","title":{"rendered":"\u00c1rvores revelam evolu\u00e7\u00e3o da polui\u00e7\u00e3o ambiental em S\u00e3o Paulo"},"content":{"rendered":"<p><a href=\"https:\/\/espacoecologico.com.br\/arquivo\/wp-content\/uploads\/2018\/08\/madeira.jpg\"><img loading=\"lazy\" class=\"alignleft size-medium wp-image-90260\" src=\"https:\/\/espacoecologico.com.br\/arquivo\/wp-content\/uploads\/2018\/08\/madeira-300x192.jpg\" alt=\"madeira\" width=\"300\" height=\"192\" srcset=\"https:\/\/espacoecologico.com.br\/arquivo\/wp-content\/uploads\/2018\/08\/madeira-300x192.jpg 300w, https:\/\/espacoecologico.com.br\/arquivo\/wp-content\/uploads\/2018\/08\/madeira.jpg 415w\" sizes=\"(max-width: 300px) 100vw, 300px\" \/><\/a>Ao caminhar ou trafegar pelas vias mais arborizadas de S\u00e3o Paulo h\u00e1 uma grande chance de avistar ou passar ao lado de uma tipuana (<i>Tipuana tipu<\/i>), \u00e1rvore de porte avantajado e com copa ampla e densa, a mais comum na cidade.<\/p>\n<p>Origin\u00e1ria da Bol\u00edvia, a tipuana come\u00e7ou a ser plantada em S\u00e3o Paulo na primeira metade do s\u00e9culo 20. Al\u00e9m de prover sombra e uma s\u00e9rie de outros benef\u00edcios ambientais, tamb\u00e9m pode revelar a evolu\u00e7\u00e3o da polui\u00e7\u00e3o na cidade.<\/p>\n<p>Pesquisadores do Instituto de Bioci\u00eancias e da Faculdade de Medicina da Universidade de S\u00e3o Paulo (USP), em colabora\u00e7\u00e3o com colegas da Universidade Estadual de Campinas (Unicamp), t\u00eam utilizado a tipuana como marcadora dos n\u00edveis de polui\u00e7\u00e3o da cidade por metais pesados e outros elementos qu\u00edmicos.<\/p>\n<p>Ao analisar a composi\u00e7\u00e3o qu\u00edmica dos an\u00e9is de crescimento \u2013 c\u00edrculos conc\u00eantricos na parte interna do tronco \u2013 e de cascas de exemplares da \u00e1rvore na capital paulista, os pesquisadores constataram redu\u00e7\u00e3o na polui\u00e7\u00e3o por c\u00e1dmio, cobre, n\u00edquel e chumbo na zona oeste de S\u00e3o Paulo nos \u00faltimos 30 anos.<\/p>\n<p>Com resultados publicados na revista\u00a0<i>Environmental Pollution<\/i>, a pesquisa teve apoio da FAPESP por meio de um\u00a0<a href=\"http:\/\/www.bv.fapesp.br\/pt\/auxilios\/87366\/\" target=\"_blank\"><b>Projeto Tem\u00e1tico<\/b><\/a>, um\u00a0<b><a href=\"http:\/\/www.bv.fapesp.br\/pt\/auxilios\/93530\/\" target=\"_blank\">Aux\u00edlio \u00e0 Pesquisa \u2013 Regular<\/a><\/b>\u00a0e uma\u00a0<b><a href=\"http:\/\/www.bv.fapesp.br\/pt\/bolsas\/162987\/\" target=\"_blank\">Bolsa de P\u00f3s-Doutorado<\/a><\/b>.<\/p>\n<p>Os pesquisadores do IB e da FMUSP come\u00e7aram a avaliar nos \u00faltimos anos a possibilidade de analisar a composi\u00e7\u00e3o qu\u00edmica das cascas e dos an\u00e9is de crescimento de \u00e1rvores a fim de reconstituir os n\u00edveis de polui\u00e7\u00e3o ambiental de S\u00e3o Paulo no longo prazo. Para isso, tr\u00eas esp\u00e9cies de \u00e1rvores mais comuns na cidade foram selecionadas: o alfeneiro (<i>Ligustrum sp<\/i>), a sibipiruna (<i>Caesalpinia pluviosa<\/i>) e a tipuana.<\/p>\n<p>Essa \u00faltima, que foi introduzida em S\u00e3o Paulo principalmente pela Companhia City \u2013 respons\u00e1vel pela cria\u00e7\u00e3o de bairros planejados e arborizados na cidade, como o Jardim Europa, Pacaembu e Alto de Pinheiros \u2013, revelou-se a melhor para realizar estudos nessa \u00e1rea, denominada dendroqu\u00edmica.<\/p>\n<p>\u201cA tipuana se mostrou a melhor esp\u00e9cie de \u00e1rvore para fazermos an\u00e1lises qu\u00edmicas tanto de seus an\u00e9is de crescimento anual como das cascas para avaliar a polui\u00e7\u00e3o ambiental da cidade\u201d, disse\u00a0<b><a href=\"http:\/\/bv.fapesp.br\/pt\/pesquisador\/70049\/\" target=\"_blank\">Giuliano Maselli Locosselli<\/a><\/b>, p\u00f3s-doutorando no IB-USP e primeiro autor do estudo, \u00e0\u00a0<b>Ag\u00eancia FAPESP<\/b>.<\/p>\n<p>A \u00e1rvore, que \u00e9 uma das que mais caem em S\u00e3o Paulo e por isso come\u00e7ou a ser substitu\u00edda por esp\u00e9cies nativas, absorve pelas ra\u00edzes elementos qu\u00edmicos, como metais pesados, presentes na atmosfera e carreados para o solo pela \u00e1gua das chuvas. Esses compostos s\u00e3o transportados junto com a seiva pelos vasos da planta e ficam armazenados em sua madeira, nos an\u00e9is de crescimento, \u00e0 medida que ela cresce.<\/p>\n<p>Cada um desse an\u00e9is representa um ano de vida da planta, sendo os maiores os mais recentes e os menores (mais internos) os mais antigos. Ao analisar a composi\u00e7\u00e3o qu\u00edmica, pode-se medir a concentra\u00e7\u00e3o de metais pesados no solo de um determinado ambiente no ano em que o anel foi formado. E, ao comparar as concentra\u00e7\u00f5es dos an\u00e9is, avaliar como a presen\u00e7a desses elementos qu\u00edmicos variou em uma escala de d\u00e9cadas.<\/p>\n<p>\u201cSe uma \u00e1rvore tem 50 anos, por exemplo, ela contar\u00e1 a hist\u00f3ria da polui\u00e7\u00e3o na cidade nesse per\u00edodo\u201d, disse Locosselli.<\/p>\n<p>J\u00e1 as cascas da tipuana permitem avaliar a concentra\u00e7\u00e3o de elementos qu\u00edmicos presentes na atmosfera e que se depositaram passivamente nessa parte externa do tronco da \u00e1rvore.<\/p>\n<p>Ao medir a concentra\u00e7\u00e3o de elementos qu\u00edmicos \u2013 como metais pesados \u2013 de amostras de cascas de diversas \u00e1rvores espalhadas por S\u00e3o Paulo, por exemplo, consegue-se avaliar a varia\u00e7\u00e3o espacial desses elementos qu\u00edmicos na atmosfera da cidade em escala de anos.<\/p>\n<p>\u201cComo a casca \u00e9 uma parte mais simples de se obter da planta do que os an\u00e9is de crescimento anual e o custo das an\u00e1lises qu\u00edmicas delas tamb\u00e9m \u00e9 menor, \u00e9 poss\u00edvel analisar as cascas de diversas \u00e1rvores e cobrir uma grande \u00e1rea. Isso permite ver como a polui\u00e7\u00e3o por metais pesados e outros elementos qu\u00edmicos se distribui por toda a cidade\u201d, disse Locosselli.<\/p>\n<p><iframe loading=\"lazy\" src=\"https:\/\/www.youtube.com\/embed\/cQyZMRge5oQ\" width=\"560\" height=\"315\" frameborder=\"0\" allowfullscreen=\"allowfullscreen\"><\/iframe><\/p>\n<p><b>Diminui\u00e7\u00e3o da concentra\u00e7\u00e3o<\/b><\/p>\n<p>Os pesquisadores realizaram um estudo inicial em que analisaram a distribui\u00e7\u00e3o de c\u00e1dmio, cobre, merc\u00fario, n\u00edquel, s\u00f3dio, chumbo e zinco em an\u00e9is de duas esp\u00e9cimes de tipuana plantadas no jardim da Faculdade de Medicina da USP, situada na zona oeste da cidade. O objetivo do estudo foi avaliar as mudan\u00e7as temporais nos n\u00edveis de polui\u00e7\u00e3o por metais pesados nessa regi\u00e3o da cidade.<\/p>\n<p>Para obter amostras dos an\u00e9is de crescimento anual das duas \u00e1rvores, com 35 anos de idade, foi usada uma sonda Pressler, tamb\u00e9m conhecida como trado de incremento. O instrumento, semelhante \u00e0 broca de uma furadeira, mas com o interior oco, \u00e9 capaz de extrair uma amostra cil\u00edndrica do interior da \u00e1rvore, que mostra todos seus an\u00e9is de crescimento anual, da casca at\u00e9 o centro da planta, sem prejudic\u00e1-la. \u201c\u00c9 como se fosse uma bi\u00f3psia da \u00e1rvore\u201d, disse Locosselli.<\/p>\n<p>As amostras, de 15 mil\u00edmetros, dos an\u00e9is de crescimento anual das \u00e1rvores foram encaminhadas para o professor\u00a0<b><a href=\"http:\/\/www.bv.fapesp.br\/pt\/pesquisador\/5927\/marco-aurelio-zezzi-arruda\/?q=Marco%20Aurelio%20Zezzi%20Arruda\">Marco Aurelio Zezzi Arruda<\/a><\/b>, do Instituto de Qu\u00edmica da Unicamp. Por meio de uma t\u00e9cnica, chamada abla\u00e7\u00e3o a laser acoplada a espectrometria de massas, foi poss\u00edvel escanear e gerar imagens das amostras a partir de um software e analisar a distribui\u00e7\u00e3o dos elementos qu\u00edmicos nos an\u00e9is de crescimento anual das \u00e1rvores.<\/p>\n<p>A partir dessas imagens, os pesquisadores definiram quais eram as c\u00e9lulas de interesse e fizeram an\u00e1lises cont\u00ednuas de todos os an\u00e9is de crescimento anual para determinar as concentra\u00e7\u00f5es dos elementos qu\u00edmicos em cada ano de vida das plantas.<\/p>\n<p>As an\u00e1lises dos dados indicaram que houve redu\u00e7\u00e3o da polui\u00e7\u00e3o por c\u00e1dmio, cobre, n\u00edquel e chumbo nas \u00faltimas tr\u00eas d\u00e9cadas na regi\u00e3o onde est\u00e3o situadas as esp\u00e9cimes de tipuana analisadas. A redu\u00e7\u00e3o dos n\u00edveis de s\u00f3dio e zinco foi menos significativa.<\/p>\n<p>\u201cA diminui\u00e7\u00e3o dos n\u00edveis de chumbo pode ser atribu\u00edda \u00e0 elimina\u00e7\u00e3o gradual desse elemento qu\u00edmico na composi\u00e7\u00e3o da gasolina, enquanto a tend\u00eancia decrescente da polui\u00e7\u00e3o por c\u00e1dmio, cobre e n\u00edquel provavelmente est\u00e1 relacionada ao aumento da efici\u00eancia dos ve\u00edculos e \u00e0 desindustrializa\u00e7\u00e3o de S\u00e3o Paulo\u201d, disse\u00a0<a href=\"http:\/\/www.bv.fapesp.br\/pt\/pesquisador\/284\/marcos-silveira-buckeridge?q=Marcos%20Silveira%20Buckeridge\"><b>Marcos Buckeridge<\/b><\/a>, professor do Instituto de Bioci\u00eancias da USP e um dos autores do estudo, \u00e0\u00a0<b>Ag\u00eancia FAPESP<\/b>.<\/p>\n<p>O chumbo tetraetila era usado na composi\u00e7\u00e3o da gasolina comum como aditivo com o intuito de melhorar o desempenho do motor dos autom\u00f3veis abastecidos com o combust\u00edvel e reduzir seu desgaste.<\/p>\n<p>A utiliza\u00e7\u00e3o do composto liberava chumbo na fuma\u00e7a do escapamento dos ve\u00edculos \u2013 o que gerava diversos efeitos danosos \u00e0 sa\u00fade e fez com que o Brasil proibisse o chumbo tetraetila de ser adicionado \u00e0 gasolina nos ve\u00edculos terrestres no pa\u00eds a partir de 1988.<\/p>\n<p>J\u00e1 as maiores fontes de c\u00e1dmio s\u00e3o a ind\u00fastria eletroeletr\u00f4nica, al\u00e9m de pigmentos de esmaltes, tintas t\u00eaxteis, baterias, fotografia, litografia e pirotecnia, fabrica\u00e7\u00e3o de pl\u00e1sticos, de semicondutores, c\u00e9lulas solares, queima de combust\u00edvel, lixo urbano, tratamento da borracha e galvanoplastia. Por sua vez, o cobre tem como principais fontes de emiss\u00e3o as queimas de res\u00edduos urbanos e industriais, fundi\u00e7\u00f5es de ligas met\u00e1licas e pesticidas.<\/p>\n<p>\u201cComo S\u00e3o Paulo tem passado por per\u00edodo de desindustrializa\u00e7\u00e3o h\u00e1 algumas d\u00e9cadas, diminuiu a emiss\u00e3o desses elementos qu\u00edmicos. Com isso ocorreu uma redu\u00e7\u00e3o na concentra\u00e7\u00e3o desses metais em S\u00e3o Paulo\u201d, disse Locosselli.<\/p>\n<p>O artigo\u00a0<i>Tree rings reveal the reduction of Cd, Cu, Ni and Pb pollution in the central region of S\u00e3o Paulo, Brazil<\/i>\u00a0(doi: 10.1016\/j.envpol.2018.06.098), de Locosselli e outros, pode ser lido por assinantes da revista\u00a0<i>Environmental Pollution<\/i>\u00a0em\u00a0<b><a href=\"https:\/\/www.sciencedirect.com\/science\/article\/pii\/S0269749118317512\" target=\"_blank\">www.sciencedirect.com\/science\/article\/pii\/S0269749118317512<\/a><\/b><a>.\u00a0<\/a><\/p>\n","protected":false},"excerpt":{"rendered":"<p>Ao caminhar ou trafegar pelas vias mais arborizadas de S\u00e3o Paulo h\u00e1 uma grande chance<\/p>\n","protected":false},"author":2,"featured_media":90260,"comment_status":"open","ping_status":"open","sticky":false,"template":"","format":"standard","meta":[],"categories":[],"tags":[],"uagb_featured_image_src":{"full":["https:\/\/espacoecologico.com.br\/arquivo\/wp-content\/uploads\/2018\/08\/madeira.jpg",415,265,false],"thumbnail":["https:\/\/espacoecologico.com.br\/arquivo\/wp-content\/uploads\/2018\/08\/madeira-150x150.jpg",150,150,true],"medium":["https:\/\/espacoecologico.com.br\/arquivo\/wp-content\/uploads\/2018\/08\/madeira-300x192.jpg",300,192,true],"medium_large":["https:\/\/espacoecologico.com.br\/arquivo\/wp-content\/uploads\/2018\/08\/madeira.jpg",415,265,false],"large":["https:\/\/espacoecologico.com.br\/arquivo\/wp-content\/uploads\/2018\/08\/madeira.jpg",415,265,false],"1536x1536":["https:\/\/espacoecologico.com.br\/arquivo\/wp-content\/uploads\/2018\/08\/madeira.jpg",415,265,false],"2048x2048":["https:\/\/espacoecologico.com.br\/arquivo\/wp-content\/uploads\/2018\/08\/madeira.jpg",415,265,false],"cream-magazine-thumbnail-2":["https:\/\/espacoecologico.com.br\/arquivo\/wp-content\/uploads\/2018\/08\/madeira.jpg",415,265,false],"cream-magazine-thumbnail-3":["https:\/\/espacoecologico.com.br\/arquivo\/wp-content\/uploads\/2018\/08\/madeira.jpg",415,265,false],"cream-magazine-thumbnail-4":["https:\/\/espacoecologico.com.br\/arquivo\/wp-content\/uploads\/2018\/08\/madeira.jpg",415,265,false]},"uagb_author_info":{"display_name":"","author_link":"https:\/\/espacoecologico.com.br\/arquivo\/author\/"},"uagb_comment_info":0,"uagb_excerpt":"Ao caminhar ou trafegar pelas vias mais arborizadas de S\u00e3o Paulo h\u00e1 uma grande chance","_links":{"self":[{"href":"https:\/\/espacoecologico.com.br\/arquivo\/wp-json\/wp\/v2\/posts\/90259"}],"collection":[{"href":"https:\/\/espacoecologico.com.br\/arquivo\/wp-json\/wp\/v2\/posts"}],"about":[{"href":"https:\/\/espacoecologico.com.br\/arquivo\/wp-json\/wp\/v2\/types\/post"}],"author":[{"embeddable":true,"href":"https:\/\/espacoecologico.com.br\/arquivo\/wp-json\/wp\/v2\/users\/2"}],"replies":[{"embeddable":true,"href":"https:\/\/espacoecologico.com.br\/arquivo\/wp-json\/wp\/v2\/comments?post=90259"}],"version-history":[{"count":0,"href":"https:\/\/espacoecologico.com.br\/arquivo\/wp-json\/wp\/v2\/posts\/90259\/revisions"}],"wp:featuredmedia":[{"embeddable":true,"href":"https:\/\/espacoecologico.com.br\/arquivo\/wp-json\/wp\/v2\/media\/90260"}],"wp:attachment":[{"href":"https:\/\/espacoecologico.com.br\/arquivo\/wp-json\/wp\/v2\/media?parent=90259"}],"wp:term":[{"taxonomy":"category","embeddable":true,"href":"https:\/\/espacoecologico.com.br\/arquivo\/wp-json\/wp\/v2\/categories?post=90259"},{"taxonomy":"post_tag","embeddable":true,"href":"https:\/\/espacoecologico.com.br\/arquivo\/wp-json\/wp\/v2\/tags?post=90259"}],"curies":[{"name":"wp","href":"https:\/\/api.w.org\/{rel}","templated":true}]}}