{"id":86854,"date":"2018-06-14T14:36:41","date_gmt":"2018-06-14T17:36:41","guid":{"rendered":"https:\/\/espacoecologico.com.br\/arquivo\/?p=86854"},"modified":"2018-06-14T14:37:51","modified_gmt":"2018-06-14T17:37:51","slug":"derretimento-acelera-e-antartida-perde-27-trilhoes-de-toneladas-de-gelo-em-25-anos","status":"publish","type":"post","link":"https:\/\/espacoecologico.com.br\/arquivo\/derretimento-acelera-e-antartida-perde-27-trilhoes-de-toneladas-de-gelo-em-25-anos\/","title":{"rendered":"Derretimento acelera, e Ant\u00e1rtida perde 2,7 trilh\u00f5es de toneladas de gelo em 25 anos"},"content":{"rendered":"<div class=\"mc-column content-text active-extra-styles active-capital-letter\" data-block-type=\"unstyled\" data-block-weight=\"28\" data-block-id=\"2\">\n<p class=\"content-text__container theme-color-primary-first-letter\" data-track-category=\"Link no Texto\" data-track-links=\"\"><a href=\"https:\/\/espacoecologico.com.br\/arquivo\/wp-content\/uploads\/2018\/06\/geleira.jpg\"><img loading=\"lazy\" class=\"alignleft size-medium wp-image-86855\" src=\"https:\/\/espacoecologico.com.br\/arquivo\/wp-content\/uploads\/2018\/06\/geleira-300x192.jpg\" alt=\"\" width=\"300\" height=\"192\" srcset=\"https:\/\/espacoecologico.com.br\/arquivo\/wp-content\/uploads\/2018\/06\/geleira-300x192.jpg 300w, https:\/\/espacoecologico.com.br\/arquivo\/wp-content\/uploads\/2018\/06\/geleira.jpg 415w\" sizes=\"(max-width: 300px) 100vw, 300px\" \/><\/a>A Ant\u00e1rtida est\u00e1 assistindo a um derretimento acelerado. Segundo imagens de sat\u00e9lites que monitoram o continente gelado, ele est\u00e1 perdendo 200 bilh\u00f5es de toneladas de gelo por ano.<\/p>\n<\/div>\n<div class=\"wall\">\n<div class=\"mc-column content-text active-extra-styles \" data-block-type=\"unstyled\" data-block-weight=\"41\" data-block-id=\"3\">\n<p class=\"content-text__container \" data-track-category=\"Link no Texto\" data-track-links=\"\">O efeito imediato desse derretimento para o meio ambiente \u00e9 o aumento global do n\u00edvel do mar em aproximadamente 0,6 mil\u00edmetros anuais \u2013 um n\u00famero tr\u00eas vezes maior se comparado com os dados de 2012, quando a \u00faltima avalia\u00e7\u00e3o foi feita.<\/p>\n<\/div>\n<div class=\"mc-column content-text active-extra-styles \" data-block-type=\"unstyled\" data-block-weight=\"25\" data-block-id=\"4\">\n<p class=\"content-text__container \" data-track-category=\"Link no Texto\" data-track-links=\"\">Cientistas fizeram um levantamento da massa do manto de gelo ant\u00e1rtico no per\u00edodo de 1992 a 2017 e divulgaram novos n\u00fameros na publica\u00e7\u00e3o acad\u00eamica Nature.<\/p>\n<\/div>\n<div class=\"mc-column content-text active-extra-styles \" data-block-type=\"unstyled\" data-block-weight=\"35\" data-block-id=\"5\">\n<p class=\"content-text__container \" data-track-category=\"Link no Texto\" data-track-links=\"\">As informa\u00e7\u00f5es divulgadas, bem como a tend\u00eancia de acelera\u00e7\u00e3o do derretimento, ter\u00e3o de ser levadas em considera\u00e7\u00e3o pelos governos \u00e0 medida que planejam futuras medidas para proteger as comunidades costeiras de \u00e1reas de baixa altitude.<\/p>\n<\/div>\n<div class=\"mc-column content-text active-extra-styles \" data-block-type=\"unstyled\" data-block-weight=\"38\" data-block-id=\"6\">\n<p class=\"content-text__container \" data-track-category=\"Link no Texto\" data-track-links=\"\">Os pesquisadores respons\u00e1veis pelo levantamento afirmam que a redu\u00e7\u00e3o da camada de gelo est\u00e1 acontecendo principalmente no oeste do continente, onde \u00e1guas sob temperaturas mais elevadas est\u00e3o submergindo e derretendo as frentes de geleiras que terminam no oceano.<\/p>\n<\/div>\n<div class=\"mc-column content-text active-extra-styles \" data-block-type=\"unstyled\" data-block-weight=\"36\" data-block-id=\"7\">\n<p class=\"content-text__container \" data-track-category=\"Link no Texto\" data-track-links=\"\">&#8220;N\u00e3o podemos dizer quando isso come\u00e7ou \u2013 n\u00e3o colet\u00e1vamos medi\u00e7\u00f5es no mar naquela \u00e9poca&#8221;, explicou o professor Andrew Shepherd, que lidera a Pesquisa de Compara\u00e7\u00e3o do Balan\u00e7o da Massa de Gelo (Imbie, na sigla em ingl\u00eas).<\/p>\n<\/div>\n<div class=\"mc-column content-media content-media--normal content-photo\" data-block-type=\"backstage-photo\" data-block-id=\"8\">\n<div class=\"content-media__container\">\n<div class=\"content-media__image-centered\">\n<div class=\"progressive-img can-open-lightbox\" data-min-size=\"1008x567\" data-min-size-url=\"https:\/\/s2.glbimg.com\/ewG7VG4NNUth_tgfGPHaP-841Wg=\/0x0:976x549\/1008x0\/smart\/filters:strip_icc()\/i.s3.glbimg.com\/v1\/AUTH_59edd422c0c84a879bd37670ae4f538a\/internal_photos\/bs\/2018\/S\/l\/6Ad5CfQVAA4zOyjf4gpA\/2-cientistas-fizeram-um-levantamento-da-massa-do-manto-de-gelo-antartico-no-periodo-de-1992-a-2017.jpg\" data-max-size=\"1600x900\" data-max-size-url=\"https:\/\/s2.glbimg.com\/-tkrPtpCtk7TM6Gxw0rVJjmM3Ag=\/0x0:976x549\/1600x0\/smart\/filters:strip_icc()\/i.s3.glbimg.com\/v1\/AUTH_59edd422c0c84a879bd37670ae4f538a\/internal_photos\/bs\/2018\/S\/l\/6Ad5CfQVAA4zOyjf4gpA\/2-cientistas-fizeram-um-levantamento-da-massa-do-manto-de-gelo-antartico-no-periodo-de-1992-a-2017.jpg\" data-media-index=\"1\">\n<div class=\"placeholder-container\"><\/div>\n<picture><img loading=\"lazy\" class=\"image content-media__image progressive-loaded\" title=\"Cientistas fizeram um levantamento da massa do manto de gelo ant\u00e1rtico no per\u00edodo de 1992 a 2017 (Foto: NASA)\" src=\"https:\/\/s2.glbimg.com\/F9-maspsSJVdwkrPKvZcXwYKOuc=\/0x0:976x549\/984x0\/smart\/filters:strip_icc()\/i.s3.glbimg.com\/v1\/AUTH_59edd422c0c84a879bd37670ae4f538a\/internal_photos\/bs\/2018\/S\/l\/6Ad5CfQVAA4zOyjf4gpA\/2-cientistas-fizeram-um-levantamento-da-massa-do-manto-de-gelo-antartico-no-periodo-de-1992-a-2017.jpg\" alt=\"Cientistas fizeram um levantamento da massa do manto de gelo ant\u00e1rtico no per\u00edodo de 1992 a 2017 (Foto: NASA)\" width=\"639\" height=\"360\" data-src=\"https:\/\/s2.glbimg.com\/F9-maspsSJVdwkrPKvZcXwYKOuc=\/0x0:976x549\/984x0\/smart\/filters:strip_icc()\/i.s3.glbimg.com\/v1\/AUTH_59edd422c0c84a879bd37670ae4f538a\/internal_photos\/bs\/2018\/S\/l\/6Ad5CfQVAA4zOyjf4gpA\/2-cientistas-fizeram-um-levantamento-da-massa-do-manto-de-gelo-antartico-no-periodo-de-1992-a-2017.jpg\" \/><\/picture>\n<\/div>\n<\/div>\n<div class=\"content-media__description-centered \">\n<p class=\"content-media__description\"><i class=\"content-media__description__icon theme-color-primary\"><\/i><span class=\"content-media__description__caption\">Cientistas fizeram um levantamento da massa do manto de gelo ant\u00e1rtico no per\u00edodo de 1992 a 2017 (Foto: NASA)<\/span><\/p>\n<\/div>\n<\/div>\n<\/div>\n<div class=\"content-ads content-ads--reveal\" data-block-type=\"ads\" data-block-id=\"9\"><\/div>\n<div class=\"mc-column content-text active-extra-styles \" data-block-type=\"unstyled\" data-block-weight=\"54\" data-block-id=\"10\">\n<p class=\"content-text__container \" data-track-category=\"Link no Texto\" data-track-links=\"\">&#8220;Mas podemos afirmar que hoje est\u00e1 quente demais para a Ant\u00e1rtida. Est\u00e1 cerca de meio grau Celsius acima do que o continente suporta. Sua base est\u00e1 derretendo cerca de cinco metros a cada ano, e \u00e9 isso que est\u00e1 provocando o acr\u00e9scimo ao n\u00edvel do mar que estamos vendo&#8221;, disse ele \u00e0 BBC News.<\/p>\n<\/div>\n<div class=\"mc-column content-text active-extra-styles \" data-block-type=\"unstyled\" data-block-weight=\"36\" data-block-id=\"11\">\n<p class=\"content-text__container \" data-track-category=\"Link no Texto\" data-track-links=\"\">O levantamento indicou que, no total, a Ant\u00e1rtida perdeu cerca de 2,7 trilh\u00f5es de toneladas de gelo entre 1992 e 2017, o que corresponde a um aumento no n\u00edvel global do mar de mais de 7,5mm.<\/p>\n<\/div>\n<div class=\"mc-column content-text active-extra-styles\" data-block-type=\"raw\" data-block-weight=\"5\" data-block-id=\"12\">\n<div class=\"content-intertitle\">\n<h2>Ajuda que vem de cima<\/h2>\n<\/div>\n<\/div>\n<div class=\"mc-column content-text active-extra-styles \" data-block-type=\"unstyled\" data-block-weight=\"24\" data-block-id=\"13\">\n<p class=\"content-text__container \" data-track-category=\"Link no Texto\" data-track-links=\"\">Sat\u00e9lites de ag\u00eancias espaciais t\u00eam sobrevoado a Ant\u00e1rtida desde os anos 1990. A Europa, em especial, observa a regi\u00e3o h\u00e1 mais tempo, desde 1992.<\/p>\n<\/div>\n<div class=\"mc-column content-text active-extra-styles \" data-block-type=\"unstyled\" data-block-weight=\"29\" data-block-id=\"14\">\n<p class=\"content-text__container \" data-track-category=\"Link no Texto\" data-track-links=\"\">Essas espa\u00e7onaves s\u00e3o capazes de capturar o derretimento medindo as mudan\u00e7as na altura da camada de gelo e a velocidade com que ela se move em dire\u00e7\u00e3o ao mar.<\/p>\n<\/div>\n<div class=\"mc-column content-text active-extra-styles \" data-block-type=\"unstyled\" data-block-weight=\"19\" data-block-id=\"15\">\n<p class=\"content-text__container \" data-track-category=\"Link no Texto\" data-track-links=\"\">Miss\u00f5es espec\u00edficas conseguem calcular, por exemplo, o peso do manto de gelo ao detectar mudan\u00e7as na for\u00e7a da gravidade.<\/p>\n<\/div>\n<div class=\"mc-column content-text active-extra-styles \" data-block-type=\"unstyled\" data-block-weight=\"22\" data-block-id=\"16\">\n<p class=\"content-text__container \" data-track-category=\"Link no Texto\" data-track-links=\"\">O trabalho da equipe liderada por Shepherd \u00e9 organizar todas essas informa\u00e7\u00f5es coletadas para explicar o que est\u00e1 acontecendo no continente gelado.<\/p>\n<\/div>\n<div class=\"mc-column content-text active-extra-styles \" data-block-type=\"unstyled\" data-block-weight=\"21\" data-block-id=\"17\">\n<p class=\"content-text__container \" data-track-category=\"Link no Texto\" data-track-links=\"\">Glaciologistas que estudam a Ant\u00e1rtida normalmente consideram tr\u00eas regi\u00f5es distintas, pois elas se comportam de maneira ligeiramente diferente uma da outra.<\/p>\n<\/div>\n<div class=\"mc-column content-text active-extra-styles \" data-block-type=\"unstyled\" data-block-weight=\"31\" data-block-id=\"18\">\n<p class=\"content-text__container \" data-track-category=\"Link no Texto\" data-track-links=\"\">Na Ant\u00e1rtida Ocidental, dominada por geleiras de termina\u00e7\u00e3o marinha, as perdas estimadas subiram de 53 bilh\u00f5es para 159 bilh\u00f5es de toneladas por ano durante todo o per\u00edodo de 1992 a 2017.<\/p>\n<\/div>\n<div class=\"mc-column content-media content-media--normal content-photo\" data-block-type=\"backstage-photo\" data-block-id=\"19\">\n<div class=\"content-media__container\">\n<div class=\"content-media__image-centered\">\n<div class=\"progressive-img can-open-lightbox\" data-min-size=\"1008x567\" data-min-size-url=\"https:\/\/s2.glbimg.com\/qp_7QnqJOIK82Q1Qblfl12Q7vgk=\/0x0:976x549\/1008x0\/smart\/filters:strip_icc()\/i.s3.glbimg.com\/v1\/AUTH_59edd422c0c84a879bd37670ae4f538a\/internal_photos\/bs\/2018\/d\/5\/E93r2KQ36T8idTgSchpg\/3-desde-1992-satelites-europeus-ajudam-a-monitorar-o-continente-gelado.jpg\" data-max-size=\"1600x900\" data-max-size-url=\"https:\/\/s2.glbimg.com\/-QdmiNjljqG_w9mXFovzEs5gABw=\/0x0:976x549\/1600x0\/smart\/filters:strip_icc()\/i.s3.glbimg.com\/v1\/AUTH_59edd422c0c84a879bd37670ae4f538a\/internal_photos\/bs\/2018\/d\/5\/E93r2KQ36T8idTgSchpg\/3-desde-1992-satelites-europeus-ajudam-a-monitorar-o-continente-gelado.jpg\" data-media-index=\"2\">\n<div class=\"placeholder-container\"><\/div>\n<picture><img loading=\"lazy\" class=\"image content-media__image progressive-loaded\" title=\"Desde 1992, sat\u00e9lites europeus ajudam a monitorar o continente gelado (Foto: ESA)\" src=\"https:\/\/s2.glbimg.com\/V7hMA-RSMiTXcWzeEy5EmpDMHBQ=\/0x0:976x549\/984x0\/smart\/filters:strip_icc()\/i.s3.glbimg.com\/v1\/AUTH_59edd422c0c84a879bd37670ae4f538a\/internal_photos\/bs\/2018\/d\/5\/E93r2KQ36T8idTgSchpg\/3-desde-1992-satelites-europeus-ajudam-a-monitorar-o-continente-gelado.jpg\" alt=\"Desde 1992, sat\u00e9lites europeus ajudam a monitorar o continente gelado (Foto: ESA)\" width=\"639\" height=\"360\" data-src=\"https:\/\/s2.glbimg.com\/V7hMA-RSMiTXcWzeEy5EmpDMHBQ=\/0x0:976x549\/984x0\/smart\/filters:strip_icc()\/i.s3.glbimg.com\/v1\/AUTH_59edd422c0c84a879bd37670ae4f538a\/internal_photos\/bs\/2018\/d\/5\/E93r2KQ36T8idTgSchpg\/3-desde-1992-satelites-europeus-ajudam-a-monitorar-o-continente-gelado.jpg\" \/><\/picture>\n<\/div>\n<\/div>\n<div class=\"content-media__description-centered \">\n<p class=\"content-media__description\"><i class=\"content-media__description__icon theme-color-primary\"><\/i><span class=\"content-media__description__caption\">Desde 1992, sat\u00e9lites europeus ajudam a monitorar o continente gelado (Foto: ESA)<\/span><\/p>\n<\/div>\n<\/div>\n<\/div>\n<div class=\"content-ads content-ads--reveal\" data-block-type=\"ads\" data-block-id=\"20\"><\/div>\n<div class=\"mc-column content-text active-extra-styles \" data-block-type=\"unstyled\" data-block-weight=\"28\" data-block-id=\"21\">\n<p class=\"content-text__container \" data-track-category=\"Link no Texto\" data-track-links=\"\">Na Pen\u00ednsula Ant\u00e1rtica, o territ\u00f3rio em forma de &#8220;dedo&#8221; que aponta para a Am\u00e9rica do Sul, as perdas subiram de 7 bilh\u00f5es para 33 bilh\u00f5es de toneladas anuais.<\/p>\n<\/div>\n<div class=\"mc-column content-text active-extra-styles \" data-block-type=\"unstyled\" data-block-weight=\"25\" data-block-id=\"22\">\n<p class=\"content-text__container \" data-track-category=\"Link no Texto\" data-track-links=\"\">Segundo os cientistas, isso aconteceu, em grande parte, porque as plataformas flutuantes de gelo desmoronaram, permitindo que as geleiras que ficavam atr\u00e1s derretessem mais r\u00e1pido.<\/p>\n<\/div>\n<div class=\"mc-column content-text active-extra-styles \" data-block-type=\"unstyled\" data-block-weight=\"51\" data-block-id=\"23\">\n<p class=\"content-text__container \" data-track-category=\"Link no Texto\" data-track-links=\"\">O lado leste do continente \u00e9 a \u00fanica regi\u00e3o onde h\u00e1 registro de crescimento da camada de gelo. Grande parte dessa regi\u00e3o est\u00e1 fora do oceano e acumula neve ao longo do tempo. Por isso, n\u00e3o est\u00e1 sujeita aos mesmos n\u00edveis de perda de gelo detectado em outras partes do continente.<\/p>\n<\/div>\n<div class=\"mc-column content-text active-extra-styles \" data-block-type=\"unstyled\" data-block-weight=\"22\" data-block-id=\"24\">\n<p class=\"content-text__container \" data-track-category=\"Link no Texto\" data-track-links=\"\">No entanto, os ganhos, mensurados em aproximadamente 5 bilh\u00f5es de toneladas por ano, s\u00e3o considerados muito pequenos se comparados com as perdas.<\/p>\n<\/div>\n<div class=\"mc-column content-text active-extra-styles \" data-block-type=\"unstyled\" data-block-weight=\"28\" data-block-id=\"25\">\n<p class=\"content-text__container \" data-track-category=\"Link no Texto\" data-track-links=\"\">Os cientistas respons\u00e1veis pelo estudo salientam que esse crescimento identificado no lado leste da Ant\u00e1rtida n\u00e3o compensa o que est\u00e1 acontecendo a oeste nem na Pen\u00ednsula do continente.<\/p>\n<\/div>\n<div class=\"mc-column content-text active-extra-styles \" data-block-type=\"unstyled\" data-block-weight=\"39\" data-block-id=\"26\">\n<p class=\"content-text__container \" data-track-category=\"Link no Texto\" data-track-links=\"\">Acredita-se ser prov\u00e1vel que um grande volume de neve tenha sido acumulado no leste da Ant\u00e1rtida pouco antes da \u00faltima avalia\u00e7\u00e3o, em 2012, e isso fez com que a situa\u00e7\u00e3o do continente parecesse menos negativa do que a realidade.<\/p>\n<\/div>\n<div class=\"mc-column content-media content-media--normal content-photo\" data-block-type=\"backstage-photo\" data-block-id=\"27\">\n<div class=\"content-media__container\">\n<div class=\"content-media__image-centered\">\n<div class=\"progressive-img can-open-lightbox\" data-min-size=\"1008x567\" data-min-size-url=\"https:\/\/s2.glbimg.com\/QyG3asBs5tTU7yEQdkPo-aRewRs=\/0x0:976x549\/1008x0\/smart\/filters:strip_icc()\/i.s3.glbimg.com\/v1\/AUTH_59edd422c0c84a879bd37670ae4f538a\/internal_photos\/bs\/2018\/1\/x\/Dn8dq6TN2IN9mCn1Ox7Q\/4-lado-leste-do-continente-e-a-unica-regiao-onde-ha-registro-de-crescimento-da-camada-de-gelo.jpg\" data-max-size=\"1600x900\" data-max-size-url=\"https:\/\/s2.glbimg.com\/q3hmOIJyHZDe8Cl7a9LWxUKJ_EE=\/0x0:976x549\/1600x0\/smart\/filters:strip_icc()\/i.s3.glbimg.com\/v1\/AUTH_59edd422c0c84a879bd37670ae4f538a\/internal_photos\/bs\/2018\/1\/x\/Dn8dq6TN2IN9mCn1Ox7Q\/4-lado-leste-do-continente-e-a-unica-regiao-onde-ha-registro-de-crescimento-da-camada-de-gelo.jpg\" data-media-index=\"3\">\n<div class=\"placeholder-container\"><\/div>\n<picture><img loading=\"lazy\" class=\"image content-media__image progressive-loaded\" title=\"Lado leste do continente \u00e9 a \u00fanica regi\u00e3o onde h\u00e1 registro de crescimento da camada de gelo (Foto: REUTERS)\" src=\"https:\/\/s2.glbimg.com\/lzbVCfba1lfgt2UHjeOHPp-RzWE=\/0x0:976x549\/984x0\/smart\/filters:strip_icc()\/i.s3.glbimg.com\/v1\/AUTH_59edd422c0c84a879bd37670ae4f538a\/internal_photos\/bs\/2018\/1\/x\/Dn8dq6TN2IN9mCn1Ox7Q\/4-lado-leste-do-continente-e-a-unica-regiao-onde-ha-registro-de-crescimento-da-camada-de-gelo.jpg\" alt=\"Lado leste do continente \u00e9 a \u00fanica regi\u00e3o onde h\u00e1 registro de crescimento da camada de gelo (Foto: REUTERS)\" width=\"639\" height=\"360\" data-src=\"https:\/\/s2.glbimg.com\/lzbVCfba1lfgt2UHjeOHPp-RzWE=\/0x0:976x549\/984x0\/smart\/filters:strip_icc()\/i.s3.glbimg.com\/v1\/AUTH_59edd422c0c84a879bd37670ae4f538a\/internal_photos\/bs\/2018\/1\/x\/Dn8dq6TN2IN9mCn1Ox7Q\/4-lado-leste-do-continente-e-a-unica-regiao-onde-ha-registro-de-crescimento-da-camada-de-gelo.jpg\" \/><\/picture>\n<\/div>\n<\/div>\n<div class=\"content-media__description-centered \">\n<p class=\"content-media__description\"><i class=\"content-media__description__icon theme-color-primary\"><\/i><span class=\"content-media__description__caption\">Lado leste do continente \u00e9 a \u00fanica regi\u00e3o onde h\u00e1 registro de crescimento da camada de gelo (Foto: REUTERS)<\/span><\/p>\n<\/div>\n<\/div>\n<\/div>\n<div class=\"mc-column content-text active-extra-styles \" data-block-type=\"unstyled\" data-block-weight=\"36\" data-block-id=\"28\">\n<p class=\"content-text__container \" data-track-category=\"Link no Texto\" data-track-links=\"\">Globalmente, os n\u00edveis do mar est\u00e3o subindo cerca de 3 mil\u00edmetros ao ano. Al\u00e9m da perda de gelo na Ant\u00e1rtida, esse aumento \u00e9 impulsionado por v\u00e1rios fatores, incluindo a expans\u00e3o dos pr\u00f3prios oceanos quando eles aquecem.<\/p>\n<\/div>\n<div class=\"content-ads content-ads--reveal\" data-block-type=\"ads\" data-block-id=\"29\"><\/div>\n<div class=\"mc-column content-text active-extra-styles \" data-block-type=\"unstyled\" data-block-weight=\"24\" data-block-id=\"30\">\n<p class=\"content-text__container \" data-track-category=\"Link no Texto\" data-track-links=\"\">Mas o que ficou claro na \u00faltima avalia\u00e7\u00e3o dos pesquisadores \u00e9 que a Ant\u00e1rtida est\u00e1 se tornando um dos principais respons\u00e1veis por essa eleva\u00e7\u00e3o.<\/p>\n<\/div>\n<div class=\"mc-column content-text active-extra-styles \" data-block-type=\"unstyled\" data-block-weight=\"51\" data-block-id=\"31\">\n<p class=\"content-text__container \" data-track-category=\"Link no Texto\" data-track-links=\"\">&#8220;O aumento de tr\u00eas vezes coloca a Ant\u00e1rtida no cen\u00e1rio como um dos maiores respons\u00e1veis para o aumento do n\u00edvel do mar. A \u00faltima vez que a gente observou o gelo polar, a Groel\u00e2ndia era a que mais contribu\u00eda&#8221;, disse Shepherd, que \u00e9 afiliado \u00e0 Universidade de Leeds, no Reino Unido.<\/p>\n<\/div>\n<div class=\"mc-column content-text active-extra-styles\" data-block-type=\"raw\" data-block-weight=\"1\" data-block-id=\"32\">\n<div class=\"content-intertitle\">\n<h2>Rea\u00e7\u00e3o<\/h2>\n<\/div>\n<\/div>\n<div class=\"mc-column content-text active-extra-styles \" data-block-type=\"unstyled\" data-block-weight=\"27\" data-block-id=\"33\">\n<p class=\"content-text__container \" data-track-category=\"Link no Texto\" data-track-links=\"\">A \u00faltima edi\u00e7\u00e3o da revista acad\u00eamica Nature traz uma s\u00e9rie de estudos que avaliam o estado do continente gelado e como ele pode impactar nas mudan\u00e7as clim\u00e1ticas.<\/p>\n<\/div>\n<div class=\"mc-column content-text active-extra-styles \" data-block-type=\"unstyled\" data-block-weight=\"32\" data-block-id=\"34\">\n<p class=\"content-text__container \" data-track-category=\"Link no Texto\" data-track-links=\"\">Um dos artigos, que trata de uma pesquisa liderada por americanos e alem\u00e3es, avalia a poss\u00edvel rea\u00e7\u00e3o do leito rochoso \u00e0 medida que a grande massa de gelo acima dele se afina.<\/p>\n<\/div>\n<div class=\"mc-column content-text active-extra-styles \" data-block-type=\"unstyled\" data-block-weight=\"18\" data-block-id=\"35\">\n<p class=\"content-text__container \" data-track-category=\"Link no Texto\" data-track-links=\"\">Na avalia\u00e7\u00e3o dos cientistas, o leito rochoso deveria subir \u2013 algo que os cientistas chamam de reajuste isost\u00e1tico.<\/p>\n<\/div>\n<div class=\"mc-column content-text active-extra-styles \" data-block-type=\"unstyled\" data-block-weight=\"34\" data-block-id=\"36\">\n<p class=\"content-text__container \" data-track-category=\"Link no Texto\" data-track-links=\"\">Novas evid\u00eancias sugerem que houve restri\u00e7\u00e3o nas perdas de gelo onde esse processo ocorreu no passado. \u00c0 medida que o leito rochoso sobe, ele se depara com frentes flutuantes das geleiras de termina\u00e7\u00e3o marinha.<\/p>\n<\/div>\n<div class=\"mc-column content-media content-media--normal content-photo\" data-block-type=\"backstage-photo\" data-block-id=\"37\">\n<div class=\"content-media__container\">\n<div class=\"content-media__image-centered\">\n<div class=\"progressive-img can-open-lightbox\" data-min-size=\"1008x567\" data-min-size-url=\"https:\/\/s2.glbimg.com\/GYxxWszkY45PKkSyxxYiK7NkR1o=\/0x0:976x549\/1008x0\/smart\/filters:strip_icc()\/i.s3.glbimg.com\/v1\/AUTH_59edd422c0c84a879bd37670ae4f538a\/internal_photos\/bs\/2018\/y\/v\/DXoGhcR2qNBghnZtw9XQ\/5-pesquisadores-divulgaram-numeros-que-mostram-a-aceleracao-do-derretimento-na-publicacao-academica-nature.jpg\" data-max-size=\"1600x900\" data-max-size-url=\"https:\/\/s2.glbimg.com\/nXf5F-c0zQZxjAWX1KhpI6o4Q0c=\/0x0:976x549\/1600x0\/smart\/filters:strip_icc()\/i.s3.glbimg.com\/v1\/AUTH_59edd422c0c84a879bd37670ae4f538a\/internal_photos\/bs\/2018\/y\/v\/DXoGhcR2qNBghnZtw9XQ\/5-pesquisadores-divulgaram-numeros-que-mostram-a-aceleracao-do-derretimento-na-publicacao-academica-nature.jpg\" data-media-index=\"4\">\n<div class=\"placeholder-container\"><\/div>\n<picture><img loading=\"lazy\" class=\"image content-media__image progressive-loaded\" title=\"Pesquisadores divulgaram n\u00fameros que mostram a acelera\u00e7\u00e3o do derretimento na publica\u00e7\u00e3o acad\u00eamica Nature (Foto: AFP\/UNIVERSITY OF WASHINGTON\/IAN JOUGHIN)\" src=\"https:\/\/s2.glbimg.com\/X1AlPOcawtW4Kglp7-nskUE4Ytc=\/0x0:976x549\/984x0\/smart\/filters:strip_icc()\/i.s3.glbimg.com\/v1\/AUTH_59edd422c0c84a879bd37670ae4f538a\/internal_photos\/bs\/2018\/y\/v\/DXoGhcR2qNBghnZtw9XQ\/5-pesquisadores-divulgaram-numeros-que-mostram-a-aceleracao-do-derretimento-na-publicacao-academica-nature.jpg\" alt=\"Pesquisadores divulgaram n\u00fameros que mostram a acelera\u00e7\u00e3o do derretimento na publica\u00e7\u00e3o acad\u00eamica Nature (Foto: AFP\/UNIVERSITY OF WASHINGTON\/IAN JOUGHIN)\" width=\"639\" height=\"360\" data-src=\"https:\/\/s2.glbimg.com\/X1AlPOcawtW4Kglp7-nskUE4Ytc=\/0x0:976x549\/984x0\/smart\/filters:strip_icc()\/i.s3.glbimg.com\/v1\/AUTH_59edd422c0c84a879bd37670ae4f538a\/internal_photos\/bs\/2018\/y\/v\/DXoGhcR2qNBghnZtw9XQ\/5-pesquisadores-divulgaram-numeros-que-mostram-a-aceleracao-do-derretimento-na-publicacao-academica-nature.jpg\" \/><\/picture>\n<\/div>\n<\/div>\n<div class=\"content-media__description-centered \">\n<p class=\"content-media__description\"><i class=\"content-media__description__icon theme-color-primary\"><\/i><span class=\"content-media__description__caption\">Pesquisadores divulgaram n\u00fameros que mostram a acelera\u00e7\u00e3o do derretimento na publica\u00e7\u00e3o acad\u00eamica Nature (Foto: AFP\/UNIVERSITY OF WASHINGTON\/IAN JOUGHIN)<\/span><\/p>\n<\/div>\n<\/div>\n<\/div>\n<div class=\"mc-column content-text active-extra-styles \" data-block-type=\"unstyled\" data-block-weight=\"15\" data-block-id=\"38\">\n<p class=\"content-text__container \" data-track-category=\"Link no Texto\" data-track-links=\"\">&#8220;\u00c9 como apertar os freios em uma moto&#8221;, disse Pippa Whitehouse, da Universidade de Durham.<\/p>\n<\/div>\n<div class=\"content-ads content-ads--reveal\" data-block-type=\"ads\" data-block-id=\"39\"><\/div>\n<div class=\"mc-column content-text active-extra-styles \" data-block-type=\"unstyled\" data-block-weight=\"41\" data-block-id=\"40\">\n<p class=\"content-text__container \" data-track-category=\"Link no Texto\" data-track-links=\"\">&#8220;Atrito na base do gelo, que estava flutuando, mas afundou novamente, retarda tudo e muda todo o fluxo din\u00e2mico. Acreditamos que o rebote (no futuro) ser\u00e1 r\u00e1pido, mas n\u00e3o r\u00e1pido o suficiente para parar a perda iniciada com o aquecimento&#8221;, completou.<\/p>\n<\/div>\n<div class=\"mc-column content-text active-extra-styles \" data-block-type=\"unstyled\" data-block-weight=\"46\" data-block-id=\"41\">\n<p class=\"content-text__container \" data-track-category=\"Link no Texto\" data-track-links=\"\">Na \u00faltima avalia\u00e7\u00e3o dos pesquisadores da Imbie, a participa\u00e7\u00e3o da Ant\u00e1rtida no aumento dos n\u00edveis globais do mar foi considerada a partir do rastreamento de proje\u00e7\u00f5es do extremo inferior dos oceanos e de simula\u00e7\u00f5es computacionais que analisaram a poss\u00edvel altura do oceano no final do s\u00e9culo.<\/p>\n<\/div>\n<div class=\"mc-column content-text active-extra-styles \" data-block-type=\"unstyled\" data-block-weight=\"11\" data-block-id=\"42\">\n<p class=\"content-text__container \" data-track-category=\"Link no Texto\" data-track-links=\"\">A nova avalia\u00e7\u00e3o acompanha o limite superior dos oceanos nessas proje\u00e7\u00f5es.<\/p>\n<\/div>\n<div class=\"mc-column content-text active-extra-styles \" data-block-type=\"unstyled\" data-block-weight=\"25\" data-block-id=\"43\">\n<p class=\"content-text__container \" data-track-category=\"Link no Texto\" data-track-links=\"\">&#8220;No momento, temos proje\u00e7\u00f5es at\u00e9 (o ano) 2100. A eleva\u00e7\u00e3o do n\u00edvel do mar que veremos \u00e9 de 50\/60 cm&#8221;, disse Whitehouse \u00e0 BBC News.<\/p>\n<\/div>\n<\/div>\n<div data-track-category=\"fim do conteudo\" data-track-action=\"ultimo chunk conteudo\" data-track-noninteraction=\"false\" data-track-scroll=\"entrada completa viewport\">\n<div class=\"mc-column content-text active-extra-styles \" data-block-type=\"unstyled\" data-block-weight=\"24\" data-block-id=\"44\">\n<p class=\"content-text__container \" data-track-category=\"Link no Texto\" data-track-links=\"\">&#8220;E isso n\u00e3o vai impactar somente as pessoas que vivem perto da costa. O tempo de repeti\u00e7\u00e3o de grandes tempestades e enchentes ser\u00e1 acentuado.&#8221;<\/p>\n<\/div>\n<\/div>\n","protected":false},"excerpt":{"rendered":"<p>A Ant\u00e1rtida est\u00e1 assistindo a um derretimento acelerado. Segundo imagens de sat\u00e9lites que monitoram o<\/p>\n","protected":false},"author":2,"featured_media":86855,"comment_status":"open","ping_status":"open","sticky":false,"template":"","format":"standard","meta":[],"categories":[],"tags":[],"uagb_featured_image_src":{"full":["https:\/\/espacoecologico.com.br\/arquivo\/wp-content\/uploads\/2018\/06\/geleira.jpg",415,265,false],"thumbnail":["https:\/\/espacoecologico.com.br\/arquivo\/wp-content\/uploads\/2018\/06\/geleira-150x150.jpg",150,150,true],"medium":["https:\/\/espacoecologico.com.br\/arquivo\/wp-content\/uploads\/2018\/06\/geleira-300x192.jpg",300,192,true],"medium_large":["https:\/\/espacoecologico.com.br\/arquivo\/wp-content\/uploads\/2018\/06\/geleira.jpg",415,265,false],"large":["https:\/\/espacoecologico.com.br\/arquivo\/wp-content\/uploads\/2018\/06\/geleira.jpg",415,265,false],"1536x1536":["https:\/\/espacoecologico.com.br\/arquivo\/wp-content\/uploads\/2018\/06\/geleira.jpg",415,265,false],"2048x2048":["https:\/\/espacoecologico.com.br\/arquivo\/wp-content\/uploads\/2018\/06\/geleira.jpg",415,265,false],"cream-magazine-thumbnail-2":["https:\/\/espacoecologico.com.br\/arquivo\/wp-content\/uploads\/2018\/06\/geleira.jpg",415,265,false],"cream-magazine-thumbnail-3":["https:\/\/espacoecologico.com.br\/arquivo\/wp-content\/uploads\/2018\/06\/geleira.jpg",415,265,false],"cream-magazine-thumbnail-4":["https:\/\/espacoecologico.com.br\/arquivo\/wp-content\/uploads\/2018\/06\/geleira.jpg",415,265,false]},"uagb_author_info":{"display_name":"","author_link":"https:\/\/espacoecologico.com.br\/arquivo\/author\/"},"uagb_comment_info":0,"uagb_excerpt":"A Ant\u00e1rtida est\u00e1 assistindo a um derretimento acelerado. Segundo imagens de sat\u00e9lites que monitoram o","_links":{"self":[{"href":"https:\/\/espacoecologico.com.br\/arquivo\/wp-json\/wp\/v2\/posts\/86854"}],"collection":[{"href":"https:\/\/espacoecologico.com.br\/arquivo\/wp-json\/wp\/v2\/posts"}],"about":[{"href":"https:\/\/espacoecologico.com.br\/arquivo\/wp-json\/wp\/v2\/types\/post"}],"author":[{"embeddable":true,"href":"https:\/\/espacoecologico.com.br\/arquivo\/wp-json\/wp\/v2\/users\/2"}],"replies":[{"embeddable":true,"href":"https:\/\/espacoecologico.com.br\/arquivo\/wp-json\/wp\/v2\/comments?post=86854"}],"version-history":[{"count":0,"href":"https:\/\/espacoecologico.com.br\/arquivo\/wp-json\/wp\/v2\/posts\/86854\/revisions"}],"wp:featuredmedia":[{"embeddable":true,"href":"https:\/\/espacoecologico.com.br\/arquivo\/wp-json\/wp\/v2\/media\/86855"}],"wp:attachment":[{"href":"https:\/\/espacoecologico.com.br\/arquivo\/wp-json\/wp\/v2\/media?parent=86854"}],"wp:term":[{"taxonomy":"category","embeddable":true,"href":"https:\/\/espacoecologico.com.br\/arquivo\/wp-json\/wp\/v2\/categories?post=86854"},{"taxonomy":"post_tag","embeddable":true,"href":"https:\/\/espacoecologico.com.br\/arquivo\/wp-json\/wp\/v2\/tags?post=86854"}],"curies":[{"name":"wp","href":"https:\/\/api.w.org\/{rel}","templated":true}]}}