{"id":86850,"date":"2018-06-14T14:28:00","date_gmt":"2018-06-14T17:28:00","guid":{"rendered":"https:\/\/espacoecologico.com.br\/arquivo\/?p=86850"},"modified":"2018-06-14T14:28:38","modified_gmt":"2018-06-14T17:28:38","slug":"8-alimentos-que-voce-guarda-na-geladeira-mas-nao-deveria","status":"publish","type":"post","link":"https:\/\/espacoecologico.com.br\/arquivo\/8-alimentos-que-voce-guarda-na-geladeira-mas-nao-deveria\/","title":{"rendered":"8 alimentos que voc\u00ea guarda na geladeira, mas n\u00e3o deveria"},"content":{"rendered":"<p><strong><a href=\"https:\/\/espacoecologico.com.br\/arquivo\/wp-content\/uploads\/2018\/06\/geladeira.jpg\"><img loading=\"lazy\" class=\"alignleft size-medium wp-image-86851\" src=\"https:\/\/espacoecologico.com.br\/arquivo\/wp-content\/uploads\/2018\/06\/geladeira-300x192.jpg\" alt=\"\" width=\"300\" height=\"192\" srcset=\"https:\/\/espacoecologico.com.br\/arquivo\/wp-content\/uploads\/2018\/06\/geladeira-300x192.jpg 300w, https:\/\/espacoecologico.com.br\/arquivo\/wp-content\/uploads\/2018\/06\/geladeira.jpg 415w\" sizes=\"(max-width: 300px) 100vw, 300px\" \/><\/a>1. Batata<\/strong><\/p>\n<p>Quando exposto ao frio, o amido da batata \u00e9 convertido em a\u00e7\u00facar, alterando o sabor e a textura do tub\u00e9rculo. O certo \u00e9 manter a\u00a0<strong><a href=\"https:\/\/boaforma.abril.com.br\/culinaria-saudavel\/aprenda-como-cozinhar-batata-doce-da-forma-correta\/\" target=\"_blank\">batata<\/a><\/strong>\u00a0em temperatura ambiente.<\/p>\n<p><strong>2. Alho<\/strong><\/p>\n<p>Armazen\u00e1-lo na geladeira pode amolecer seus dentes e acelerar o processo de deteriora\u00e7\u00e3o. \u201cA melhor maneira de conservar o alho \u00e9 em um lugar sem luz e com circula\u00e7\u00e3o de ar\u201d, ensina Edv\u00e2nia\u00a0Soares, nutricionista da Estima Nutri\u00e7\u00e3o, de S\u00e3o Paulo.<\/p>\n<p><strong>3. P\u00e3o<\/strong><\/p>\n<p>Colocar o saco de p\u00e3o em um ambiente gelado s\u00f3 vai deixar o alimento mais seco. Se voc\u00ea for consumi-lo em 3 ou 4 dias ap\u00f3s a compra, deixe-o no balc\u00e3o da cozinha sem medo. Caso queira armazenar por mais tempo, embale em pl\u00e1stico filme e congele por at\u00e9 3 meses.<\/p>\n<p><strong>4. Manteiga<\/strong><\/p>\n<p>Se for ser usado em at\u00e9 4 dias, o produto n\u00e3o precisa de refrigera\u00e7\u00e3o. O ideal \u00e9 guard\u00e1-lo em um lugar arejado, sem luz e de prefer\u00eancia longe de fontes de calor, como o forno ou o\u00a0<strong><a href=\"https:\/\/boaforma.abril.com.br\/culinaria-saudavel\/mingau-proteico-de-micro-ondas\/\" target=\"_blank\">micro-ondas<\/a><\/strong>.<\/p>\n<p><strong>5. Tomate<\/strong><\/p>\n<p>Ele fica farinhento quando colocado na geladeira. \u201cOutras caracter\u00edsticas como o sabor e a cor acabam comprometidas tamb\u00e9m\u201d, diz Edv\u00e2nia. Melhor conservar o\u00a0<strong><a href=\"https:\/\/saude.abril.com.br\/alimentacao\/o-tomate-ajuda-a-evitar-o-cancer-de-prostata\/\" target=\"_blank\">tomate<\/a><\/strong>\u00a0fora de sacos pl\u00e1sticos e em temperatura ambiente.<\/p>\n<p><strong>6. Mel<\/strong><\/p>\n<p>As baixas temperaturas alteram sua estrutura qu\u00edmica, o que favorece sua cristaliza\u00e7\u00e3o\u00a0e endurecimento. Ent\u00e3o, lembre-se: deixe-o guardado dentro do arm\u00e1rio, longe da luz e da umidade.<\/p>\n<p><strong>7. A\u00e7\u00facar<\/strong><\/p>\n<p>Por ser considerado um alimento n\u00e3o perec\u00edvel, ele dispensa o armazenamento na\u00a0<strong><a href=\"https:\/\/boaforma.abril.com.br\/dieta\/nutricionistas-mostram-o-que-tem-na-geladeira-para-manter-a-dieta\/\" target=\"_blank\">geladeira<\/a><\/strong>. \u201cO importante \u00e9 mant\u00ea-lo em um recipiente fechado e longe da luz\u201d, ensina a nutricionista.<\/p>\n<p><strong>8. Mel\u00e3o<\/strong><\/p>\n<p>\u201cOs\u00a0<a href=\"https:\/\/boaforma.abril.com.br\/dieta\/15-alimentos-antioxidantes\/\" target=\"_blank\"><strong>antioxidantes<\/strong><\/a>\u00a0da fruta se preservam mais em temperatura ambiente\u201d, diz Edv\u00e2nia. Por isso, deixe-o fora da geladeira at\u00e9 resolver consumi-lo em vez de cortar o mel\u00e3o em fatias logo depois de compr\u00e1-lo.<\/p>\n","protected":false},"excerpt":{"rendered":"<p>1. Batata Quando exposto ao frio, o amido da batata \u00e9 convertido em a\u00e7\u00facar, alterando<\/p>\n","protected":false},"author":2,"featured_media":86851,"comment_status":"open","ping_status":"open","sticky":false,"template":"","format":"standard","meta":[],"categories":[],"tags":[],"uagb_featured_image_src":{"full":["https:\/\/espacoecologico.com.br\/arquivo\/wp-content\/uploads\/2018\/06\/geladeira.jpg",415,265,false],"thumbnail":["https:\/\/espacoecologico.com.br\/arquivo\/wp-content\/uploads\/2018\/06\/geladeira-150x150.jpg",150,150,true],"medium":["https:\/\/espacoecologico.com.br\/arquivo\/wp-content\/uploads\/2018\/06\/geladeira-300x192.jpg",300,192,true],"medium_large":["https:\/\/espacoecologico.com.br\/arquivo\/wp-content\/uploads\/2018\/06\/geladeira.jpg",415,265,false],"large":["https:\/\/espacoecologico.com.br\/arquivo\/wp-content\/uploads\/2018\/06\/geladeira.jpg",415,265,false],"1536x1536":["https:\/\/espacoecologico.com.br\/arquivo\/wp-content\/uploads\/2018\/06\/geladeira.jpg",415,265,false],"2048x2048":["https:\/\/espacoecologico.com.br\/arquivo\/wp-content\/uploads\/2018\/06\/geladeira.jpg",415,265,false],"cream-magazine-thumbnail-2":["https:\/\/espacoecologico.com.br\/arquivo\/wp-content\/uploads\/2018\/06\/geladeira.jpg",415,265,false],"cream-magazine-thumbnail-3":["https:\/\/espacoecologico.com.br\/arquivo\/wp-content\/uploads\/2018\/06\/geladeira.jpg",415,265,false],"cream-magazine-thumbnail-4":["https:\/\/espacoecologico.com.br\/arquivo\/wp-content\/uploads\/2018\/06\/geladeira.jpg",415,265,false]},"uagb_author_info":{"display_name":"","author_link":"https:\/\/espacoecologico.com.br\/arquivo\/author\/"},"uagb_comment_info":0,"uagb_excerpt":"1. Batata Quando exposto ao frio, o amido da batata \u00e9 convertido em a\u00e7\u00facar, alterando","_links":{"self":[{"href":"https:\/\/espacoecologico.com.br\/arquivo\/wp-json\/wp\/v2\/posts\/86850"}],"collection":[{"href":"https:\/\/espacoecologico.com.br\/arquivo\/wp-json\/wp\/v2\/posts"}],"about":[{"href":"https:\/\/espacoecologico.com.br\/arquivo\/wp-json\/wp\/v2\/types\/post"}],"author":[{"embeddable":true,"href":"https:\/\/espacoecologico.com.br\/arquivo\/wp-json\/wp\/v2\/users\/2"}],"replies":[{"embeddable":true,"href":"https:\/\/espacoecologico.com.br\/arquivo\/wp-json\/wp\/v2\/comments?post=86850"}],"version-history":[{"count":0,"href":"https:\/\/espacoecologico.com.br\/arquivo\/wp-json\/wp\/v2\/posts\/86850\/revisions"}],"wp:featuredmedia":[{"embeddable":true,"href":"https:\/\/espacoecologico.com.br\/arquivo\/wp-json\/wp\/v2\/media\/86851"}],"wp:attachment":[{"href":"https:\/\/espacoecologico.com.br\/arquivo\/wp-json\/wp\/v2\/media?parent=86850"}],"wp:term":[{"taxonomy":"category","embeddable":true,"href":"https:\/\/espacoecologico.com.br\/arquivo\/wp-json\/wp\/v2\/categories?post=86850"},{"taxonomy":"post_tag","embeddable":true,"href":"https:\/\/espacoecologico.com.br\/arquivo\/wp-json\/wp\/v2\/tags?post=86850"}],"curies":[{"name":"wp","href":"https:\/\/api.w.org\/{rel}","templated":true}]}}