{"id":86847,"date":"2018-06-14T14:22:08","date_gmt":"2018-06-14T17:22:08","guid":{"rendered":"https:\/\/espacoecologico.com.br\/arquivo\/?p=86847"},"modified":"2018-06-14T14:22:08","modified_gmt":"2018-06-14T17:22:08","slug":"sociedade-civil-questiona-nova-prorrogacao-do-cadastro-ambiental-rural","status":"publish","type":"post","link":"https:\/\/espacoecologico.com.br\/arquivo\/sociedade-civil-questiona-nova-prorrogacao-do-cadastro-ambiental-rural\/","title":{"rendered":"Sociedade civil questiona nova prorroga\u00e7\u00e3o do Cadastro Ambiental Rural"},"content":{"rendered":"<p><em><a href=\"https:\/\/espacoecologico.com.br\/arquivo\/wp-content\/uploads\/2018\/06\/car.jpg\"><img loading=\"lazy\" class=\"alignleft size-medium wp-image-86848\" src=\"https:\/\/espacoecologico.com.br\/arquivo\/wp-content\/uploads\/2018\/06\/car-300x192.jpg\" alt=\"\" width=\"300\" height=\"192\" srcset=\"https:\/\/espacoecologico.com.br\/arquivo\/wp-content\/uploads\/2018\/06\/car-300x192.jpg 300w, https:\/\/espacoecologico.com.br\/arquivo\/wp-content\/uploads\/2018\/06\/car.jpg 415w\" sizes=\"(max-width: 300px) 100vw, 300px\" \/><\/a>Prazo para registro das propriedades rurais no Cadastro Ambiental Rural sofre quarto adiamento, dificultando a aplica\u00e7\u00e3o do C\u00f3digo Florestal<\/em><\/p>\n<p>A aplica\u00e7\u00e3o do C\u00f3digo Florestal est\u00e1, mais uma vez, amea\u00e7ada. Em 31 de maio, a Presid\u00eancia da Rep\u00fablica assinou\u00a0<a href=\"http:\/\/www.planalto.gov.br\/ccivil_03\/_Ato2015-2018\/2018\/Decreto\/D9395.htm\" target=\"_blank\">decreto<\/a>\u00a0prorrogando, pela quarta vez, o prazo para propriet\u00e1rios registrarem suas propriedades no Cadastro Ambiental Rural (CAR), plataforma online gerenciada pelo Servi\u00e7o Florestal Brasileiro. O limite para a inscri\u00e7\u00e3o era, exatamente, o dia 31\/5. Agora os produtores ter\u00e3o at\u00e9 31 de dezembro deste ano para efetuar o registro, caso n\u00e3o haja novos adiamentos.<\/p>\n<p>O CAR \u00e9 uma importante inova\u00e7\u00e3o do C\u00f3digo Florestal, sancionado pelo Executivo Federal em 2012, pois permite que a sociedade e \u00f3rg\u00e3os governamentais conhe\u00e7am as coordenadas e extens\u00f5es das propriedades rurais e assentamentos, com as respectivas \u00e1reas de preserva\u00e7\u00e3o permanente (APPs), de reserva legal (RL) e consolidadas, dentre outras informa\u00e7\u00f5es.<\/p>\n<p>Segundo Frederico Machado, especialista do programa Agricultura e Alimentos do WWF-Brasil, a prorroga\u00e7\u00e3o surpreendeu n\u00e3o apenas as organiza\u00e7\u00f5es da sociedade civil, mas tamb\u00e9m diversos setores do Governo Federal que lidam com o tema e at\u00e9 mesmo parlamentares alinhados com pautas do setor agropecu\u00e1rio.<\/p>\n<p>\u201c\u00c9 uma decis\u00e3o que em nada contribui para o debate nacional em torno das pol\u00edticas agr\u00edcolas e ambientais. O momento agora \u00e9 de fortalecer o C\u00f3digo Florestal que, diga-se de passagem, foi predominantemente redigido e defendido por representantes do agroneg\u00f3cio. Tanto que eles comemoraram a decis\u00e3o do STF que referendou o texto. Esperava-se agora mais vontade no sentido de tirar o C\u00f3digo do papel e coloc\u00e1-lo em pr\u00e1tica\u201d, avaliou Frederico Machado.<\/p>\n<p>Para Roberta del Giudice, secret\u00e1ria-executiva do Observat\u00f3rio do C\u00f3digo Florestal \u2013 coaliz\u00e3o que re\u00fane cerce de 30 organiza\u00e7\u00f5es envolvidas com o tema ambiental \u2013 a prorroga\u00e7\u00e3o \u00e9 fruto de um esfor\u00e7o de setores do agroneg\u00f3cio no sentido de n\u00e3o cumprir o C\u00f3digo Florestal.<\/p>\n<p>\u201cPor\u00e9m, o efeito ser\u00e1 adverso, pois essa medida vai gerar mais inseguran\u00e7a jur\u00eddica. O Minist\u00e9rio P\u00fablico, por exemplo, continuar\u00e1 acionando produtores para que cumpram o C\u00f3digo Florestal. Al\u00e9m do mais, descumprindo a legisla\u00e7\u00e3o ambiental e a Constitui\u00e7\u00e3o, eles perdem recursos fundamentais \u00e0 agricultura, como oferta de \u00e1gua, qualidade do solo e polinizadores. \u00c9 um tiro no p\u00e9\u201d, afirmou Roberta del Giudice.<\/p>\n","protected":false},"excerpt":{"rendered":"<p>Prazo para registro das propriedades rurais no Cadastro Ambiental Rural sofre quarto adiamento, dificultando a<\/p>\n","protected":false},"author":2,"featured_media":86848,"comment_status":"open","ping_status":"open","sticky":false,"template":"","format":"standard","meta":[],"categories":[],"tags":[],"uagb_featured_image_src":{"full":["https:\/\/espacoecologico.com.br\/arquivo\/wp-content\/uploads\/2018\/06\/car.jpg",415,265,false],"thumbnail":["https:\/\/espacoecologico.com.br\/arquivo\/wp-content\/uploads\/2018\/06\/car-150x150.jpg",150,150,true],"medium":["https:\/\/espacoecologico.com.br\/arquivo\/wp-content\/uploads\/2018\/06\/car-300x192.jpg",300,192,true],"medium_large":["https:\/\/espacoecologico.com.br\/arquivo\/wp-content\/uploads\/2018\/06\/car.jpg",415,265,false],"large":["https:\/\/espacoecologico.com.br\/arquivo\/wp-content\/uploads\/2018\/06\/car.jpg",415,265,false],"1536x1536":["https:\/\/espacoecologico.com.br\/arquivo\/wp-content\/uploads\/2018\/06\/car.jpg",415,265,false],"2048x2048":["https:\/\/espacoecologico.com.br\/arquivo\/wp-content\/uploads\/2018\/06\/car.jpg",415,265,false],"cream-magazine-thumbnail-2":["https:\/\/espacoecologico.com.br\/arquivo\/wp-content\/uploads\/2018\/06\/car.jpg",415,265,false],"cream-magazine-thumbnail-3":["https:\/\/espacoecologico.com.br\/arquivo\/wp-content\/uploads\/2018\/06\/car.jpg",415,265,false],"cream-magazine-thumbnail-4":["https:\/\/espacoecologico.com.br\/arquivo\/wp-content\/uploads\/2018\/06\/car.jpg",415,265,false]},"uagb_author_info":{"display_name":"","author_link":"https:\/\/espacoecologico.com.br\/arquivo\/author\/"},"uagb_comment_info":0,"uagb_excerpt":"Prazo para registro das propriedades rurais no Cadastro Ambiental Rural sofre quarto adiamento, dificultando a","_links":{"self":[{"href":"https:\/\/espacoecologico.com.br\/arquivo\/wp-json\/wp\/v2\/posts\/86847"}],"collection":[{"href":"https:\/\/espacoecologico.com.br\/arquivo\/wp-json\/wp\/v2\/posts"}],"about":[{"href":"https:\/\/espacoecologico.com.br\/arquivo\/wp-json\/wp\/v2\/types\/post"}],"author":[{"embeddable":true,"href":"https:\/\/espacoecologico.com.br\/arquivo\/wp-json\/wp\/v2\/users\/2"}],"replies":[{"embeddable":true,"href":"https:\/\/espacoecologico.com.br\/arquivo\/wp-json\/wp\/v2\/comments?post=86847"}],"version-history":[{"count":0,"href":"https:\/\/espacoecologico.com.br\/arquivo\/wp-json\/wp\/v2\/posts\/86847\/revisions"}],"wp:featuredmedia":[{"embeddable":true,"href":"https:\/\/espacoecologico.com.br\/arquivo\/wp-json\/wp\/v2\/media\/86848"}],"wp:attachment":[{"href":"https:\/\/espacoecologico.com.br\/arquivo\/wp-json\/wp\/v2\/media?parent=86847"}],"wp:term":[{"taxonomy":"category","embeddable":true,"href":"https:\/\/espacoecologico.com.br\/arquivo\/wp-json\/wp\/v2\/categories?post=86847"},{"taxonomy":"post_tag","embeddable":true,"href":"https:\/\/espacoecologico.com.br\/arquivo\/wp-json\/wp\/v2\/tags?post=86847"}],"curies":[{"name":"wp","href":"https:\/\/api.w.org\/{rel}","templated":true}]}}