{"id":86844,"date":"2018-06-14T14:17:16","date_gmt":"2018-06-14T17:17:16","guid":{"rendered":"https:\/\/espacoecologico.com.br\/arquivo\/?p=86844"},"modified":"2018-06-14T14:17:16","modified_gmt":"2018-06-14T17:17:16","slug":"ouricos-do-mar-enxergam-pelos-pes-e-tem-visao-turva-revela-estudo","status":"publish","type":"post","link":"https:\/\/espacoecologico.com.br\/arquivo\/ouricos-do-mar-enxergam-pelos-pes-e-tem-visao-turva-revela-estudo\/","title":{"rendered":"Ouri\u00e7os-do-mar enxergam &#8220;pelos p\u00e9s&#8221; e t\u00eam vis\u00e3o turva, revela estudo"},"content":{"rendered":"<h2 id=\"noticia-olho\"><a href=\"https:\/\/espacoecologico.com.br\/arquivo\/wp-content\/uploads\/2018\/06\/ourico.jpg\"><img loading=\"lazy\" class=\"alignleft size-medium wp-image-86845\" src=\"https:\/\/espacoecologico.com.br\/arquivo\/wp-content\/uploads\/2018\/06\/ourico-300x192.jpg\" alt=\"\" width=\"300\" height=\"192\" srcset=\"https:\/\/espacoecologico.com.br\/arquivo\/wp-content\/uploads\/2018\/06\/ourico-300x192.jpg 300w, https:\/\/espacoecologico.com.br\/arquivo\/wp-content\/uploads\/2018\/06\/ourico.jpg 415w\" sizes=\"(max-width: 300px) 100vw, 300px\" \/><\/a>Depois de muito mist\u00e9rio, uma pesquisa da Universidade de Lund explicou que os &#8220;tent\u00e1culos&#8221; dos ouri\u00e7os cumprem fun\u00e7\u00f5es b\u00e1sicas de sobreviv\u00eancia<\/h2>\n<p class=\" \">Quando os ouri\u00e7os-do-mar se sentem amea\u00e7ados, eles se protegem com seus espinhos. Entretanto, por muito tempo, bi\u00f3logos e pesquisadores ficaram intrigados por n\u00e3o saberem como esses animais enxergavam seus rivais para se\u00a0defender.<\/p>\n<p>Em uma pesquisa realizada em 2011, o mist\u00e9rio foi desvendado e os estudiosos puderam comprovar que sim, os\u00a0<strong>ouri\u00e7os-do-mar<\/strong>\u00a0\u00a0enxergam &#8220;pelos p\u00e9s&#8221;. Agora, pesquisadores da Universidade de Lund, na Su\u00e9cia, querem saber a pot\u00eancia da vis\u00e3o desses invertebrados marinhos, e como isso influencia em seus mecanismos de\u00a0prote\u00e7\u00e3o.<\/p>\n<h3>Ouri\u00e7os-do-mar enxergam pelos p\u00e9s e se abrigam em locais escuros<\/h3>\n<p>O estudo identificou que os &#8220;tent\u00e1culos&#8221; dos p\u00e9s dos ouri\u00e7os cumprem fun\u00e7\u00f5es b\u00e1sicas de sobreviv\u00eancia, ou seja, n\u00e3o s\u00e3o considerados um diferencial. &#8220;Ouri\u00e7os s\u00e3o atualmente, as \u00fanicas criaturas que enxergam sem olhos. Isso se d\u00e1 porque suas vistas est\u00e3o localizadas nos p\u00e9s&#8221;, explicou o pesquisador John Kirwan ao\u00a0<em>Daily Mail<\/em>\u00a0.<\/p>\n<p>Segundo Kirwan, os ouri\u00e7os possuem c\u00e9lulas sens\u00edveis \u00e0 luz em seus p\u00e9s, que se assemelham a tent\u00e1culos. E com a quantidade numerosa de espinhos, escondem os \u2018tubos oculares\u2019 na parte de baixo do corpo. \u201cPode-se dizer que esteticamente o ouri\u00e7o-do-mar seja considerado um olho gigante\u201d, brincou.<\/p>\n<p>Os pesquisadores estudaram as criaturas marinhas por alguns meses e realizaram um experimento similar a um exame oftalmol\u00f3gico humano. Eles colocaram os animais dentro de um cilindro iluminado e os rodearam com diferentes imagens com tons escuros que imitavam predadores.<\/p>\n<p>\u201cNormalmente, os ouri\u00e7os-do-mar se movem em dire\u00e7\u00e3o a \u00e1reas escuras para procurar abrigo.\u00a0Com o experimento detectamos que eles reagiram melhor a algumas figuras do que a outras, o que explicitou a fragilidade da vis\u00e3o deles\u201d.<\/p>\n<p>A equipe afirmou que, para que um ouri\u00e7o consiga identificar e enxergar de fato um objeto, \u00e9 necess\u00e1rio que esteja pr\u00f3ximo a ele, entre 30 e 70 graus. Enquanto que, para os humanos, basta 1\/60 de um grau para detectar o objeto.<\/p>\n<p>\u201cA vis\u00e3o dos\u00a0<strong>ouri\u00e7os-do-mar<\/strong>\u00a0\u00e9 fraca se comparada \u00e0 humana. No entanto, mesmo com a falta de pot\u00eancia, cumpre muito bem suas fun\u00e7\u00f5es e o ajudam a sobreviver e sair de emboscadas e ataques de predadores. \u00c9 importante lembrar que uma vis\u00e3o ruim n\u00e3o a faz inexistente\u201d, conclui Kirwan.<\/p>\n<div id=\"noticia\"><\/div>\n","protected":false},"excerpt":{"rendered":"<p>Depois de muito mist\u00e9rio, uma pesquisa da Universidade de Lund explicou que os &#8220;tent\u00e1culos&#8221; dos<\/p>\n","protected":false},"author":2,"featured_media":86845,"comment_status":"open","ping_status":"open","sticky":false,"template":"","format":"standard","meta":[],"categories":[],"tags":[],"uagb_featured_image_src":{"full":["https:\/\/espacoecologico.com.br\/arquivo\/wp-content\/uploads\/2018\/06\/ourico.jpg",415,265,false],"thumbnail":["https:\/\/espacoecologico.com.br\/arquivo\/wp-content\/uploads\/2018\/06\/ourico-150x150.jpg",150,150,true],"medium":["https:\/\/espacoecologico.com.br\/arquivo\/wp-content\/uploads\/2018\/06\/ourico-300x192.jpg",300,192,true],"medium_large":["https:\/\/espacoecologico.com.br\/arquivo\/wp-content\/uploads\/2018\/06\/ourico.jpg",415,265,false],"large":["https:\/\/espacoecologico.com.br\/arquivo\/wp-content\/uploads\/2018\/06\/ourico.jpg",415,265,false],"1536x1536":["https:\/\/espacoecologico.com.br\/arquivo\/wp-content\/uploads\/2018\/06\/ourico.jpg",415,265,false],"2048x2048":["https:\/\/espacoecologico.com.br\/arquivo\/wp-content\/uploads\/2018\/06\/ourico.jpg",415,265,false],"cream-magazine-thumbnail-2":["https:\/\/espacoecologico.com.br\/arquivo\/wp-content\/uploads\/2018\/06\/ourico.jpg",415,265,false],"cream-magazine-thumbnail-3":["https:\/\/espacoecologico.com.br\/arquivo\/wp-content\/uploads\/2018\/06\/ourico.jpg",415,265,false],"cream-magazine-thumbnail-4":["https:\/\/espacoecologico.com.br\/arquivo\/wp-content\/uploads\/2018\/06\/ourico.jpg",415,265,false]},"uagb_author_info":{"display_name":"","author_link":"https:\/\/espacoecologico.com.br\/arquivo\/author\/"},"uagb_comment_info":0,"uagb_excerpt":"Depois de muito mist\u00e9rio, uma pesquisa da Universidade de Lund explicou que os &#8220;tent\u00e1culos&#8221; dos","_links":{"self":[{"href":"https:\/\/espacoecologico.com.br\/arquivo\/wp-json\/wp\/v2\/posts\/86844"}],"collection":[{"href":"https:\/\/espacoecologico.com.br\/arquivo\/wp-json\/wp\/v2\/posts"}],"about":[{"href":"https:\/\/espacoecologico.com.br\/arquivo\/wp-json\/wp\/v2\/types\/post"}],"author":[{"embeddable":true,"href":"https:\/\/espacoecologico.com.br\/arquivo\/wp-json\/wp\/v2\/users\/2"}],"replies":[{"embeddable":true,"href":"https:\/\/espacoecologico.com.br\/arquivo\/wp-json\/wp\/v2\/comments?post=86844"}],"version-history":[{"count":0,"href":"https:\/\/espacoecologico.com.br\/arquivo\/wp-json\/wp\/v2\/posts\/86844\/revisions"}],"wp:featuredmedia":[{"embeddable":true,"href":"https:\/\/espacoecologico.com.br\/arquivo\/wp-json\/wp\/v2\/media\/86845"}],"wp:attachment":[{"href":"https:\/\/espacoecologico.com.br\/arquivo\/wp-json\/wp\/v2\/media?parent=86844"}],"wp:term":[{"taxonomy":"category","embeddable":true,"href":"https:\/\/espacoecologico.com.br\/arquivo\/wp-json\/wp\/v2\/categories?post=86844"},{"taxonomy":"post_tag","embeddable":true,"href":"https:\/\/espacoecologico.com.br\/arquivo\/wp-json\/wp\/v2\/tags?post=86844"}],"curies":[{"name":"wp","href":"https:\/\/api.w.org\/{rel}","templated":true}]}}