{"id":7110,"date":"2017-08-05T00:00:51","date_gmt":"2017-08-05T03:00:51","guid":{"rendered":"https:\/\/espacoecologico.com.br\/arquivo\/?p=7110"},"modified":"2017-08-05T18:42:22","modified_gmt":"2017-08-05T21:42:22","slug":"condado","status":"publish","type":"post","link":"https:\/\/espacoecologico.com.br\/arquivo\/condado\/","title":{"rendered":"Condado"},"content":{"rendered":"<p><img loading=\"lazy\" class=\"irc_mi\" src=\"https:\/\/deolhoemcondado.files.wordpress.com\/2013\/08\/condado_pb.jpg\" alt=\"\" width=\"640\" height=\"426\" \/><\/p>\n<p>Cidade localizada no Sert\u00e3o Paraibano, distante 441 Km de Jo\u00e3o Pessoa, tem na pecu\u00e1ria sua principal atividade econ\u00f4mica e no m\u00eas de junho realiza a tradicional Festa de S\u00e3o Pedro. \u00c1rea territorial de 281 km\u00b2.<\/p>\n<p>Condado \u00e9 uma das mais belas cidade do sert\u00e3o Paraibano, tendo um a\u00e7ude que supre as necessidade locais. Mas o seu \u00eanfase principal, \u00e9 a sua tranquilidade, tranquilidade esta que as grandes cidades perderam com o tempo. A cidade de Condado, cresce a cada dia, em propor\u00e7\u00f5es adequadas a sua estrutura, foi constru\u00eddo mais uma pra\u00e7a de recrea\u00e7\u00e3o, contendo alguns Quiosques, que trazem a harmonia entre tranquilidade e laser.<\/p>\n<p>H\u00e1 um razo\u00e1vel aumento populacional, pelo fator de que o \u201cestado\u201d, tenta dar melhor condi\u00e7\u00f5es ao povo de obter moradia. Porem, este privil\u00e9gio n\u00e3o \u00e9 concebido a todos.<\/p>\n<p>A cidade de Condado tem uma popula\u00e7\u00e3o de : 6.495 habitantes, Superando a cidade vizinha em popula\u00e7\u00e3o, tendo mais de 800 habitantes a mais do que a cidade de Malta<\/p>\n<p><img class=\"CSS_LIGHTBOX_SCALED_IMAGE_IMG\" style=\"width: 640px; height: 480px;\" src=\"http:\/\/2.bp.blogspot.com\/_ci2zDG1D6YU\/R_-JXTIDl2I\/AAAAAAAACBo\/Z-OOvwsqhaM\/s1600\/S7301477.JPG\" alt=\"\" \/><\/p>\n<p>O centro da cidade se estabelece como eixo comercial, neste mesmo centro, tem a primeira pra\u00e7a de Condado, tendo um \u201ccoreto\u201d que em \u00e9pocas se tornava uma esp\u00e9cie de clube. Esta pra\u00e7a se esvaziou em parte, porque com a constru\u00e7\u00e3o da nova pra\u00e7a, as barraquinhas praticamente sumiram, e o povo se deslocou para a nova pra\u00e7a. Nesta nova pra\u00e7a \u00e9 normal ver pessoas praticando cooper, ou passeando, com uma bela paisagem de lado, que \u00e9 o a\u00e7ude e o espl\u00eandido ar, sem nenhum vest\u00edgios de polui\u00e7\u00e3o.<\/p>\n<p>A igreja Cat\u00f3lica \u00e9 localizada no centro urbano e comercial de Condado, muitos dos grandes eventos culturais e cerimoniosos s\u00e3o feitos e estruturados pela igreja local. A Renova\u00e7\u00e3o Carism\u00e1tica que recentemente foi implantada em Condado,(anos 90) consegue obter bons frutos, com um belo trabalho com os jovens e crian\u00e7as. &#8220;Eu pude constatar, que existe uma ideologia religiosa forte em pequenas cidades do interior do nordeste, e condado com certeza \u00e9 uma destas v\u00e1rias cidades.&#8221; Existe duas ou tr\u00eas igrejas evang\u00e9licas em Condado, demonstrando a diversidade cultural que h\u00e1 na Para\u00edba.<\/p>\n<p><img class=\"CSS_LIGHTBOX_SCALED_IMAGE_IMG\" style=\"width: 640px; height: 480px;\" src=\"http:\/\/2.bp.blogspot.com\/_ci2zDG1D6YU\/R_-JLTIDl0I\/AAAAAAAACBY\/kzqguI6snmo\/s1600\/S7301479.JPG\" alt=\"\" \/><\/p>\n<p>A pol\u00edtica da cidade ainda tem um car\u00e1ter de apadrinhamento, existe muitos &#8220;ACM\u00b4s&#8221; no nordeste Brasileiro. Ou seja a pol\u00edtica local n\u00e3o tem as mesmas base de ideologia partid\u00e1ria que &#8220;tem as grandes cidades&#8221;. O mais interessante, \u00e9 que por causa da pol\u00edtica, muitos homens e mulheres se tornam at\u00e9 inimigos.<\/p>\n<p>As cinco unidades escolares, tentam conseguir a melhora no ensino, porem muitos alunos estudam em escolas das cidades vizinhas. O ensino fundamental cresce, aumentando o n\u00fameros de vagas. J\u00e1 o ensino m\u00e9dio ainda \u00e9 muito pequeno, comparado ao ensino fundamental, sendo 14,5 vezes menor.(olhar em Dados oficiais)<\/p>\n<p><img class=\"CSS_LIGHTBOX_SCALED_IMAGE_IMG\" style=\"width: 639px; height: 479px;\" src=\"http:\/\/1.bp.blogspot.com\/_ci2zDG1D6YU\/R_-JGDIDlzI\/AAAAAAAACBQ\/x8fZrD-rB50\/s1600\/S7301480.JPG\" alt=\"\" \/><\/p>\n<p>Infelizmente, a falta de emprego atingem em grandes propor\u00e7\u00f5es a cidade de Condado, n\u00e3o s\u00f3 ela como a maior parte do interior do nordeste Brasileiro, principalmente em cidades pequenas. Isto provoca um \u00eaxodo gigantesco,de 1991 at\u00e9 2000 sair\u00e3o mais de 900 pessoas,seria mais ou menos seca de 14% da sua popula\u00e7\u00e3o(fonte IBGE).<\/p>\n<p>Saindo em maior numero de homens, a procura de emprego em grades cidades, principalmente S\u00e3o Paulo e Rio de Janeiro. Porem, a tend\u00eancia destes n\u00fameros \u00e9 de abaixar, porque a situa\u00e7\u00e3o de S\u00e3o Paulo e Rio de Janeiro n\u00e3o esta nada est\u00e1vel.<\/p>\n<p><img class=\"CSS_LIGHTBOX_SCALED_IMAGE_IMG\" style=\"width: 640px; height: 480px;\" src=\"http:\/\/2.bp.blogspot.com\/_ci2zDG1D6YU\/R_-I2TIDlxI\/AAAAAAAACBA\/wxitiVYpE0Y\/s1600\/S7301482.JPG\" alt=\"\" \/><\/p>\n<p>As belas condadenses comp\u00f5em o visual desta paisagem tropical que embeleza este nordeste maravilhoso. Pelo fator deste \u00eaxodo citado atingir principalmente os homens, a cidade fica repleta de belas mulheres. Em Condado o povo \u00e9 repleto de humor, um bom astral que contagia os viajantes que aparecem para desfrutar de felicidade.<\/p>\n<p>(Palavras de um Paulistano, que \u00e9 de cora\u00e7\u00e3o um amante eterno de Condado.&#8221;C.Douglas&#8221;)<\/p>\n<p>Tem limites com os seguinte munic\u00edpios: Cajazeiras (22 Km), Catingueira (24 Km), Emas (25 Km), Paulista (36 Km), Pombal (27 Km) e Vista Serrana (20 Km).<\/p>\n<p><img loading=\"lazy\" id=\"irc_mi\" class=\"\" style=\"margin-top: 17px;\" src=\"https:\/\/i.ytimg.com\/vi\/BNEVg_gOYXY\/hqdefault.jpg\" alt=\"\" width=\"639\" height=\"479\" \/><\/p>\n<p>Funda\u00e7\u00e3o: 1961<br \/>\nAltitude: 253 m<br \/>\nPopula\u00e7\u00e3o: 6495 habitantes<br \/>\n\u00c1rea Total: 377,0 km\u00b2<br \/>\nDens. Demogr\u00e1fica: 17,2 hab\/km\u00b2<br \/>\nCEP: 58714-000<\/p>\n","protected":false},"excerpt":{"rendered":"<p>Cidade localizada no Sert\u00e3o Paraibano, distante 441 Km de Jo\u00e3o Pessoa, tem na pecu\u00e1ria sua<\/p>\n","protected":false},"author":2,"featured_media":0,"comment_status":"open","ping_status":"open","sticky":false,"template":"","format":"standard","meta":[],"categories":[],"tags":[],"uagb_featured_image_src":{"full":false,"thumbnail":false,"medium":false,"medium_large":false,"large":false,"1536x1536":false,"2048x2048":false,"cream-magazine-thumbnail-2":false,"cream-magazine-thumbnail-3":false,"cream-magazine-thumbnail-4":false},"uagb_author_info":{"display_name":"","author_link":"https:\/\/espacoecologico.com.br\/arquivo\/author\/"},"uagb_comment_info":0,"uagb_excerpt":"Cidade localizada no Sert\u00e3o Paraibano, distante 441 Km de Jo\u00e3o Pessoa, tem na pecu\u00e1ria sua","_links":{"self":[{"href":"https:\/\/espacoecologico.com.br\/arquivo\/wp-json\/wp\/v2\/posts\/7110"}],"collection":[{"href":"https:\/\/espacoecologico.com.br\/arquivo\/wp-json\/wp\/v2\/posts"}],"about":[{"href":"https:\/\/espacoecologico.com.br\/arquivo\/wp-json\/wp\/v2\/types\/post"}],"author":[{"embeddable":true,"href":"https:\/\/espacoecologico.com.br\/arquivo\/wp-json\/wp\/v2\/users\/2"}],"replies":[{"embeddable":true,"href":"https:\/\/espacoecologico.com.br\/arquivo\/wp-json\/wp\/v2\/comments?post=7110"}],"version-history":[{"count":0,"href":"https:\/\/espacoecologico.com.br\/arquivo\/wp-json\/wp\/v2\/posts\/7110\/revisions"}],"wp:attachment":[{"href":"https:\/\/espacoecologico.com.br\/arquivo\/wp-json\/wp\/v2\/media?parent=7110"}],"wp:term":[{"taxonomy":"category","embeddable":true,"href":"https:\/\/espacoecologico.com.br\/arquivo\/wp-json\/wp\/v2\/categories?post=7110"},{"taxonomy":"post_tag","embeddable":true,"href":"https:\/\/espacoecologico.com.br\/arquivo\/wp-json\/wp\/v2\/tags?post=7110"}],"curies":[{"name":"wp","href":"https:\/\/api.w.org\/{rel}","templated":true}]}}