{"id":70221,"date":"2017-08-05T11:00:02","date_gmt":"2017-08-05T14:00:02","guid":{"rendered":"https:\/\/espacoecologico.com.br\/arquivo\/?p=70221"},"modified":"2017-08-05T07:38:35","modified_gmt":"2017-08-05T10:38:35","slug":"raro-morcego-de-duas-cabecas-e-achado-por-pesquisador-brasileiro-2","status":"publish","type":"post","link":"https:\/\/espacoecologico.com.br\/arquivo\/raro-morcego-de-duas-cabecas-e-achado-por-pesquisador-brasileiro-2\/","title":{"rendered":"Raro morcego de duas cabe\u00e7as \u00e9 achado por pesquisador brasileiro"},"content":{"rendered":"<p><a href=\"https:\/\/espacoecologico.com.br\/arquivo\/wp-content\/uploads\/2017\/08\/morcego_raro.jpg\"><img loading=\"lazy\" class=\"alignleft size-medium wp-image-70222\" src=\"https:\/\/espacoecologico.com.br\/arquivo\/wp-content\/uploads\/2017\/08\/morcego_raro-300x192.jpg\" alt=\"\" width=\"300\" height=\"192\" srcset=\"https:\/\/espacoecologico.com.br\/arquivo\/wp-content\/uploads\/2017\/08\/morcego_raro-300x192.jpg 300w, https:\/\/espacoecologico.com.br\/arquivo\/wp-content\/uploads\/2017\/08\/morcego_raro.jpg 415w\" sizes=\"(max-width: 300px) 100vw, 300px\" \/><\/a>Um raro morcego de duas cabe\u00e7as foi encontrado por um cientista brasileiro.\u00a0<a href=\"https:\/\/www.researchgate.net\/profile\/Marcelo_Nogueira3\" target=\"_blank\" rel=\"noopener\">Marcelo Rodrigues Nogueira<\/a>, pesquisador de p\u00f3s-doutorado em biologia na Universidade Estadual do Norte Fluminense, analisou o corpo dos g\u00eameos siameses em um novo estudo.<\/p>\n<div class=\"teads-inread sm-screen\">\n<div class=\"teads-ui-components-label\">H\u00e1 apenas mais dois registros sobre o caso do animal encontrado por Nogueira, um em 1969 e outro em 2015.<\/div>\n<\/div>\n<div id=\"attachment_2581288\" class=\"wp-caption alignnone\">\n<p><img loading=\"lazy\" class=\"\" src=\"https:\/\/abrilexame.files.wordpress.com\/2017\/08\/morcego-rj.png?w=680&amp;h=453\" alt=\"Morcego-rj\" width=\"639\" height=\"426\" \/>(Dr. Nadja L. Pinheiro\/Divulga\u00e7\u00e3o)<\/p>\n<\/div>\n<p>O motivo exato do animal nascer com duas cabe\u00e7as \u00e9 desconhecido pela ci\u00eancia. A forma\u00e7\u00e3o de g\u00eameos siameses se d\u00e1 quando a separa\u00e7\u00e3o acontece depois de 13 ou 15 dias ap\u00f3s a fertiliza\u00e7\u00e3o. G\u00eameos normalmente se separam em menos tempo, cerca de cinco dias.<\/p>\n<p>Imagens de raio-X mostram que o morcego tinha uma coluna que se dividia em duas, como se fosse um Y. A hip\u00f3tese de haver dois cora\u00e7\u00f5es separados tamb\u00e9m \u00e9 considerada.<\/p>\n<div id=\"attachment_2581289\" class=\"wp-caption alignnone\" style=\"width: 650px;\">\n<p><img loading=\"lazy\" class=\"\" src=\"https:\/\/abrilexame.files.wordpress.com\/2017\/08\/morcego-siames.png?w=680&amp;h=453\" alt=\"Morcego-siames\" width=\"640\" height=\"426\" \/><\/p>\n<p class=\"wp-caption-text\">(Laborat\u00f3rio de Radiografias, Divis\u00e3o de Vertebrados, Museu Nacional &#8211; UFRJ\/Divulga\u00e7\u00e3o)<\/p>\n<\/div>\n<p>O morcego de duas cabe\u00e7as foi encontrado em 2001 embaixo de uma mangueira. No entanto, como eles n\u00e3o foram analisados logo que foram doados ao\u00a0<a href=\"http:\/\/r1.ufrrj.br\/labmasto\/\" target=\"_blank\" rel=\"noopener\">Laborat\u00f3rio de Mastozoologia<\/a>, n\u00e3o se sabe se ele j\u00e1 nasceu morto ou se teve algum tempo de vida.<\/p>\n<p>O estudo, feito por Nogueira junto a sua equipe, como as embriologistas Nadja Lima Pinheiro e Adriana Ventura da \u00c1rea de Embriologia da Universidade Federal Rural do Rio de Janeiro, foi publicado no peri\u00f3dico cient\u00edfico\u00a0<a href=\"http:\/\/onlinelibrary.wiley.com\/doi\/10.1111\/ahe.12271\/abstract;jsessionid=3162900D4CE0F08FD56A1A1C941D58ED.f04t01\" target=\"_blank\" rel=\"noopener\">Anatomia Histologia Embryologia<\/a>, em junho deste ano.<\/p>\n","protected":false},"excerpt":{"rendered":"<p>Um raro morcego de duas cabe\u00e7as foi encontrado por um cientista brasileiro.\u00a0Marcelo Rodrigues Nogueira, pesquisador<\/p>\n","protected":false},"author":2,"featured_media":70222,"comment_status":"open","ping_status":"open","sticky":false,"template":"","format":"standard","meta":[],"categories":[],"tags":[],"uagb_featured_image_src":{"full":["https:\/\/espacoecologico.com.br\/arquivo\/wp-content\/uploads\/2017\/08\/morcego_raro.jpg",415,265,false],"thumbnail":["https:\/\/espacoecologico.com.br\/arquivo\/wp-content\/uploads\/2017\/08\/morcego_raro-150x150.jpg",150,150,true],"medium":["https:\/\/espacoecologico.com.br\/arquivo\/wp-content\/uploads\/2017\/08\/morcego_raro-300x192.jpg",300,192,true],"medium_large":["https:\/\/espacoecologico.com.br\/arquivo\/wp-content\/uploads\/2017\/08\/morcego_raro.jpg",415,265,false],"large":["https:\/\/espacoecologico.com.br\/arquivo\/wp-content\/uploads\/2017\/08\/morcego_raro.jpg",415,265,false],"1536x1536":["https:\/\/espacoecologico.com.br\/arquivo\/wp-content\/uploads\/2017\/08\/morcego_raro.jpg",415,265,false],"2048x2048":["https:\/\/espacoecologico.com.br\/arquivo\/wp-content\/uploads\/2017\/08\/morcego_raro.jpg",415,265,false],"cream-magazine-thumbnail-2":["https:\/\/espacoecologico.com.br\/arquivo\/wp-content\/uploads\/2017\/08\/morcego_raro.jpg",415,265,false],"cream-magazine-thumbnail-3":["https:\/\/espacoecologico.com.br\/arquivo\/wp-content\/uploads\/2017\/08\/morcego_raro.jpg",415,265,false],"cream-magazine-thumbnail-4":["https:\/\/espacoecologico.com.br\/arquivo\/wp-content\/uploads\/2017\/08\/morcego_raro.jpg",415,265,false]},"uagb_author_info":{"display_name":"","author_link":"https:\/\/espacoecologico.com.br\/arquivo\/author\/"},"uagb_comment_info":0,"uagb_excerpt":"Um raro morcego de duas cabe\u00e7as foi encontrado por um cientista brasileiro.\u00a0Marcelo Rodrigues Nogueira, pesquisador","_links":{"self":[{"href":"https:\/\/espacoecologico.com.br\/arquivo\/wp-json\/wp\/v2\/posts\/70221"}],"collection":[{"href":"https:\/\/espacoecologico.com.br\/arquivo\/wp-json\/wp\/v2\/posts"}],"about":[{"href":"https:\/\/espacoecologico.com.br\/arquivo\/wp-json\/wp\/v2\/types\/post"}],"author":[{"embeddable":true,"href":"https:\/\/espacoecologico.com.br\/arquivo\/wp-json\/wp\/v2\/users\/2"}],"replies":[{"embeddable":true,"href":"https:\/\/espacoecologico.com.br\/arquivo\/wp-json\/wp\/v2\/comments?post=70221"}],"version-history":[{"count":0,"href":"https:\/\/espacoecologico.com.br\/arquivo\/wp-json\/wp\/v2\/posts\/70221\/revisions"}],"wp:featuredmedia":[{"embeddable":true,"href":"https:\/\/espacoecologico.com.br\/arquivo\/wp-json\/wp\/v2\/media\/70222"}],"wp:attachment":[{"href":"https:\/\/espacoecologico.com.br\/arquivo\/wp-json\/wp\/v2\/media?parent=70221"}],"wp:term":[{"taxonomy":"category","embeddable":true,"href":"https:\/\/espacoecologico.com.br\/arquivo\/wp-json\/wp\/v2\/categories?post=70221"},{"taxonomy":"post_tag","embeddable":true,"href":"https:\/\/espacoecologico.com.br\/arquivo\/wp-json\/wp\/v2\/tags?post=70221"}],"curies":[{"name":"wp","href":"https:\/\/api.w.org\/{rel}","templated":true}]}}