{"id":70201,"date":"2017-08-04T14:00:37","date_gmt":"2017-08-04T17:00:37","guid":{"rendered":"https:\/\/espacoecologico.com.br\/arquivo\/?p=70201"},"modified":"2017-08-04T12:37:36","modified_gmt":"2017-08-04T15:37:36","slug":"a-surpreendente-descoberta-sobre-o-nucleo-do-sol-que-intriga-os-cientistas","status":"publish","type":"post","link":"https:\/\/espacoecologico.com.br\/arquivo\/a-surpreendente-descoberta-sobre-o-nucleo-do-sol-que-intriga-os-cientistas\/","title":{"rendered":"A surpreendente descoberta sobre o n\u00facleo do Sol que intriga os cientistas"},"content":{"rendered":"<article>\n<div class=\"mc-column content-text active-extra-styles active-capital-letter\" data-block-type=\"unstyled\" data-block-weight=\"16\">\n<p class=\"content-text__container theme-color-primary-first-letter\" data-track-category=\"Link no Texto\" data-track-links=\"\"><a href=\"https:\/\/espacoecologico.com.br\/arquivo\/wp-content\/uploads\/2017\/08\/nucleo_sol.jpg\"><img loading=\"lazy\" class=\"alignleft size-medium wp-image-70202\" src=\"https:\/\/espacoecologico.com.br\/arquivo\/wp-content\/uploads\/2017\/08\/nucleo_sol-300x192.jpg\" alt=\"\" width=\"300\" height=\"192\" srcset=\"https:\/\/espacoecologico.com.br\/arquivo\/wp-content\/uploads\/2017\/08\/nucleo_sol-300x192.jpg 300w, https:\/\/espacoecologico.com.br\/arquivo\/wp-content\/uploads\/2017\/08\/nucleo_sol.jpg 415w\" sizes=\"(max-width: 300px) 100vw, 300px\" \/><\/a>O n\u00facleo do Sol gira quase quatro vezes mais r\u00e1pido do que a superf\u00edcie da estrela.<\/p>\n<\/div>\n<div class=\"mc-column content-text active-extra-styles \" data-block-type=\"unstyled\" data-block-weight=\"11\">\n<p class=\"content-text__container \" data-track-category=\"Link no Texto\" data-track-links=\"\">A descoberta, publicada na revista &#8220;Astronomy and Astrophysics&#8221;, surpreendeu os cientistas.<\/p>\n<\/div>\n<div class=\"mc-column content-text active-extra-styles \" data-block-type=\"unstyled\" data-block-weight=\"33\">\n<p class=\"content-text__container \" data-track-category=\"Link no Texto\" data-track-links=\"\">A ideia de que o n\u00facleo solar pudesse girar mais r\u00e1pido do que sua superf\u00edcie era motivo de especula\u00e7\u00e3o h\u00e1 mais de duas d\u00e9cadas, mas o fen\u00f4meno nunca tinha sido de fato medido.<\/p>\n<\/div>\n<div class=\"mc-column content-text active-extra-styles \" data-block-type=\"unstyled\" data-block-weight=\"46\">\n<p class=\"content-text__container \" data-track-category=\"Link no Texto\" data-track-links=\"\">&#8220;A explica\u00e7\u00e3o mais plaus\u00edvel \u00e9 que a rota\u00e7\u00e3o do n\u00facleo seja um resqu\u00edcio do per\u00edodo em que o Sol se formou, h\u00e1 cerca de 4,6 bilh\u00f5es de anos&#8221;, afirma Roger Ulrich, professor em\u00e9rito da Universidade da Calif\u00f3rnia em Los Angeles e um dos autores do estudo.<\/p>\n<\/div>\n<div class=\"mc-column content-text active-extra-styles \" data-block-type=\"unstyled\" data-block-weight=\"26\">\n<p class=\"content-text__container \" data-track-category=\"Link no Texto\" data-track-links=\"\">&#8220;\u00c9 muito emocionante pensar que descobrimos uma rel\u00edquia da forma\u00e7\u00e3o do Sol&#8221;, acrescenta o cientista, que estuda o interior do astro h\u00e1 mais de 40 anos.<\/p>\n<\/div>\n<div class=\"mc-column content-text active-extra-styles\" data-block-type=\"raw\" data-block-weight=\"4\">\n<div class=\"content-intertitle\">\n<h2>Quando o Sol nasceu<\/h2>\n<\/div>\n<\/div>\n<div class=\"mc-column content-text active-extra-styles \" data-block-type=\"unstyled\" data-block-weight=\"15\">\n<p class=\"content-text__container \" data-track-category=\"Link no Texto\" data-track-links=\"\">A rota\u00e7\u00e3o do n\u00facleo solar pode dar pistas sobre o processo de forma\u00e7\u00e3o da estrela.<\/p>\n<\/div>\n<div class=\"mc-column content-text active-extra-styles \" data-block-type=\"unstyled\" data-block-weight=\"22\">\n<p class=\"content-text__container \" data-track-category=\"Link no Texto\" data-track-links=\"\">De acordo com Ulrich, ap\u00f3s o nascimento do Sol, o vento solar provavelmente desacelerou a rota\u00e7\u00e3o da parte mais externa da estrela.<\/p>\n<\/div>\n<div class=\"mc-column content-text active-extra-styles \" data-block-type=\"unstyled\" data-block-weight=\"13\">\n<p class=\"content-text__container \" data-track-category=\"Link no Texto\" data-track-links=\"\">A rota\u00e7\u00e3o tamb\u00e9m pode ter impacto sobre as manchas solares, segundo o especialista.<\/p>\n<\/div>\n<div class=\"mc-column content-text active-extra-styles \" data-block-type=\"unstyled\" data-block-weight=\"20\">\n<p class=\"content-text__container \" data-track-category=\"Link no Texto\" data-track-links=\"\">As manchas solares s\u00e3o \u00e1reas do Sol com uma temperatura mais baixa do que o ambiente e elevada atividade magn\u00e9tica.<\/p>\n<\/div>\n<div class=\"mc-column content-text active-extra-styles \" data-block-type=\"unstyled\" data-block-weight=\"10\">\n<p class=\"content-text__container \" data-track-category=\"Link no Texto\" data-track-links=\"\">Uma \u00fanica mancha pode ter di\u00e2metro semelhante ao da Terra.<\/p>\n<\/div>\n<div class=\"mc-column content-text active-extra-styles\" data-block-type=\"raw\" data-block-weight=\"1\">\n<div class=\"content-intertitle\">\n<h2>Oscila\u00e7\u00f5es<\/h2>\n<\/div>\n<\/div>\n<div class=\"mc-column content-text active-extra-styles \" data-block-type=\"unstyled\" data-block-weight=\"21\">\n<p class=\"content-text__container \" data-track-category=\"Link no Texto\" data-track-links=\"\">Os pesquisadores analisaram as ondas ac\u00fasticas na superf\u00edcie da atmosfera solar &#8211; algumas penetram no n\u00facleo e interagem com outras ondas.<\/p>\n<\/div>\n<div class=\"mc-column content-text active-extra-styles \" data-block-type=\"unstyled\" data-block-weight=\"27\">\n<p class=\"content-text__container \" data-track-category=\"Link no Texto\" data-track-links=\"\">Ao medir as ondas sonoras, os cientistas determinaram com precis\u00e3o o tempo que essas ondas levam para ir e voltar da superf\u00edcie para o centro do Sol.<\/p>\n<\/div>\n<div class=\"mc-column content-text active-extra-styles \" data-block-type=\"unstyled\" data-block-weight=\"29\">\n<p class=\"content-text__container \" data-track-category=\"Link no Texto\" data-track-links=\"\">Os c\u00e1lculos foram baseados em dados coletados durante 16 anos de observa\u00e7\u00f5es com um instrumento chamado Golf, sigla para Global Oscillations at Low Frequency (Oscila\u00e7\u00f5es Globais de Baixa Frequ\u00eancia).<\/p>\n<\/div>\n<div class=\"mc-column content-text active-extra-styles \" data-block-type=\"unstyled\" data-block-weight=\"33\">\n<p class=\"content-text__container \" data-track-category=\"Link no Texto\" data-track-links=\"\">O instrumento se encontra, por sua vez, em uma sonda especial chamada SoHo, abrevia\u00e7\u00e3o para Solar and Heliospheric Observatory (Observat\u00f3rio Solar e Heliosf\u00e9rico), projeto da NASA em parceria com a Ag\u00eancia Espacial Europeia.<\/p>\n<\/div>\n<div class=\"content-ads content-ads--reveal\"><\/div>\n<div class=\"mc-column content-text active-extra-styles\" data-block-type=\"raw\" data-block-weight=\"4\">\n<div class=\"content-intertitle\">\n<h2>15 milh\u00f5es de graus<\/h2>\n<\/div>\n<\/div>\n<div class=\"mc-column content-text active-extra-styles \" data-block-type=\"unstyled\" data-block-weight=\"12\">\n<p class=\"content-text__container \" data-track-category=\"Link no Texto\" data-track-links=\"\">O n\u00facleo do Sol tamb\u00e9m se diferencia da superf\u00edcie em outro sentido.<\/p>\n<\/div>\n<div class=\"mc-column content-text active-extra-styles \" data-block-type=\"unstyled\" data-block-weight=\"40\">\n<p class=\"content-text__container \" data-track-category=\"Link no Texto\" data-track-links=\"\">A temperatura do n\u00facleo \u00e9 de cerca de 27 milh\u00f5es de graus Fahrenheit ou 15 milh\u00f5es de graus Celsius. J\u00e1 a superf\u00edcie da estrela \u00e9 menos quente, com temperatura de aproximadamente 10 mil graus Fahrenheit ou 5,5 mil graus Celsius.<\/p>\n<\/div>\n<div class=\"mc-column content-text active-extra-styles \" data-block-type=\"unstyled\" data-block-weight=\"28\">\n<p class=\"content-text__container \" data-track-category=\"Link no Texto\" data-track-links=\"\">Enviada ao espa\u00e7o em 2 de dezembro de 1995 para estudar o n\u00facleo do Sol, a atmosfera solar e os ventos solares, a sonda SoHo segue em opera\u00e7\u00e3o.<\/p>\n<\/div>\n<\/article>\n<div class=\"mc-column comments\"><\/div>\n","protected":false},"excerpt":{"rendered":"<p>O n\u00facleo do Sol gira quase quatro vezes mais r\u00e1pido do que a superf\u00edcie da<\/p>\n","protected":false},"author":2,"featured_media":70202,"comment_status":"open","ping_status":"open","sticky":false,"template":"","format":"standard","meta":[],"categories":[],"tags":[],"uagb_featured_image_src":{"full":["https:\/\/espacoecologico.com.br\/arquivo\/wp-content\/uploads\/2017\/08\/nucleo_sol.jpg",415,265,false],"thumbnail":["https:\/\/espacoecologico.com.br\/arquivo\/wp-content\/uploads\/2017\/08\/nucleo_sol-150x150.jpg",150,150,true],"medium":["https:\/\/espacoecologico.com.br\/arquivo\/wp-content\/uploads\/2017\/08\/nucleo_sol-300x192.jpg",300,192,true],"medium_large":["https:\/\/espacoecologico.com.br\/arquivo\/wp-content\/uploads\/2017\/08\/nucleo_sol.jpg",415,265,false],"large":["https:\/\/espacoecologico.com.br\/arquivo\/wp-content\/uploads\/2017\/08\/nucleo_sol.jpg",415,265,false],"1536x1536":["https:\/\/espacoecologico.com.br\/arquivo\/wp-content\/uploads\/2017\/08\/nucleo_sol.jpg",415,265,false],"2048x2048":["https:\/\/espacoecologico.com.br\/arquivo\/wp-content\/uploads\/2017\/08\/nucleo_sol.jpg",415,265,false],"cream-magazine-thumbnail-2":["https:\/\/espacoecologico.com.br\/arquivo\/wp-content\/uploads\/2017\/08\/nucleo_sol.jpg",415,265,false],"cream-magazine-thumbnail-3":["https:\/\/espacoecologico.com.br\/arquivo\/wp-content\/uploads\/2017\/08\/nucleo_sol.jpg",415,265,false],"cream-magazine-thumbnail-4":["https:\/\/espacoecologico.com.br\/arquivo\/wp-content\/uploads\/2017\/08\/nucleo_sol.jpg",415,265,false]},"uagb_author_info":{"display_name":"","author_link":"https:\/\/espacoecologico.com.br\/arquivo\/author\/"},"uagb_comment_info":0,"uagb_excerpt":"O n\u00facleo do Sol gira quase quatro vezes mais r\u00e1pido do que a superf\u00edcie da","_links":{"self":[{"href":"https:\/\/espacoecologico.com.br\/arquivo\/wp-json\/wp\/v2\/posts\/70201"}],"collection":[{"href":"https:\/\/espacoecologico.com.br\/arquivo\/wp-json\/wp\/v2\/posts"}],"about":[{"href":"https:\/\/espacoecologico.com.br\/arquivo\/wp-json\/wp\/v2\/types\/post"}],"author":[{"embeddable":true,"href":"https:\/\/espacoecologico.com.br\/arquivo\/wp-json\/wp\/v2\/users\/2"}],"replies":[{"embeddable":true,"href":"https:\/\/espacoecologico.com.br\/arquivo\/wp-json\/wp\/v2\/comments?post=70201"}],"version-history":[{"count":0,"href":"https:\/\/espacoecologico.com.br\/arquivo\/wp-json\/wp\/v2\/posts\/70201\/revisions"}],"wp:featuredmedia":[{"embeddable":true,"href":"https:\/\/espacoecologico.com.br\/arquivo\/wp-json\/wp\/v2\/media\/70202"}],"wp:attachment":[{"href":"https:\/\/espacoecologico.com.br\/arquivo\/wp-json\/wp\/v2\/media?parent=70201"}],"wp:term":[{"taxonomy":"category","embeddable":true,"href":"https:\/\/espacoecologico.com.br\/arquivo\/wp-json\/wp\/v2\/categories?post=70201"},{"taxonomy":"post_tag","embeddable":true,"href":"https:\/\/espacoecologico.com.br\/arquivo\/wp-json\/wp\/v2\/tags?post=70201"}],"curies":[{"name":"wp","href":"https:\/\/api.w.org\/{rel}","templated":true}]}}