{"id":70184,"date":"2017-08-04T12:00:09","date_gmt":"2017-08-04T15:00:09","guid":{"rendered":"https:\/\/espacoecologico.com.br\/arquivo\/?p=70184"},"modified":"2017-08-04T08:35:45","modified_gmt":"2017-08-04T11:35:45","slug":"o-limite-dos-recursos-naturais-da-terra-para-atender-as-necessidades-humanas-neste-ano-ja-esta-extrapolado","status":"publish","type":"post","link":"https:\/\/espacoecologico.com.br\/arquivo\/o-limite-dos-recursos-naturais-da-terra-para-atender-as-necessidades-humanas-neste-ano-ja-esta-extrapolado\/","title":{"rendered":"Limite dos recursos naturais da Terra para atender as necessidades humanas j\u00e1 est\u00e1 extrapolado"},"content":{"rendered":"<p><a href=\"https:\/\/espacoecologico.com.br\/arquivo\/wp-content\/uploads\/2017\/08\/recursos_naturais.jpg\"><img loading=\"lazy\" class=\"alignleft size-medium wp-image-70186\" src=\"https:\/\/espacoecologico.com.br\/arquivo\/wp-content\/uploads\/2017\/08\/recursos_naturais-300x192.jpg\" alt=\"\" width=\"300\" height=\"192\" srcset=\"https:\/\/espacoecologico.com.br\/arquivo\/wp-content\/uploads\/2017\/08\/recursos_naturais-300x192.jpg 300w, https:\/\/espacoecologico.com.br\/arquivo\/wp-content\/uploads\/2017\/08\/recursos_naturais.jpg 415w\" sizes=\"(max-width: 300px) 100vw, 300px\" \/><\/a>Estamos no vermelho. No \u00faltimo dia 02 , a humanidade atingiu o limite dos recursos naturais dispon\u00edveis na Terra para suas necessidades anuais. Ou seja, at\u00e9 31 de dezembro, todos n\u00f3s estaremos explorando o planeta para al\u00e9m de sua capacidade natural de regenera\u00e7\u00e3o. O grande vil\u00e3o desta hist\u00f3ria \u00e9 bem conhecido: o consumo excessivo que marca a sociedade moderna nas \u00faltimas d\u00e9cadas.<\/p>\n<p>Desde 2000, a organiza\u00e7\u00e3o de pesquisa internacional Global Footprint Network (GFN) calcula a chamada \u201cpegada ecol\u00f3gica\u201d para medir os impactos do consumo humano sobre os recursos naturais. Esta pegada traduz, em hectares (ha), a extens\u00e3o de territ\u00f3rio que uma pessoa ou toda uma sociedade explora, em m\u00e9dia, para se sustentar.<\/p>\n<p>A cada ano, o \u201cDia da Sobrecarga da Terra\u201d (<em>Overshoot Day<\/em>, em ingl\u00eas) vem acontecendo mais cedo. Em 2000, primeiro ano de medi\u00e7\u00e3o, a data caiu no dia 04 de outubro. No ano passado, o esgotamento dos recursos naturais do planeta aconteceu em 08 de agosto. Neste per\u00edodo, as exce\u00e7\u00f5es se deram entre os anos de 2007 e 2008 (de 30\/8 para 01\/9) e 2008 e 2009 (de 01\/9 para 06\/9).<\/p>\n<p>Assim, atualmente, a humanidade est\u00e1 exaurindo a natureza 1,6 vezes mais r\u00e1pido do que os ecossistemas conseguem se regenerar. Para atender \u00e0s demandas humanas de hoje, precisar\u00edamos de 1,6 Terras. Os cursos desse excesso dos \u201cgastos ecol\u00f3gicos\u201d est\u00e3o cada vez mais evidentes em todo o mundo, manifestando-se em desmatamentos, secas, escassez de \u00e1gua pot\u00e1vel, eros\u00e3o do solo, perda de diversidade biol\u00f3gica e o ac\u00famulo de gases de efeito estufa na atmosfera terrestre.<\/p>\n<p>Dentre os fatores que pressionam a pegada ecol\u00f3gica humana, carbono e alimento se destacam. Se reduz\u00edssemos as emiss\u00f5es de gases de efeito estufa pela metade na pegada global, ser\u00edamos capazes de adiar a Sobrecarga da Terra em 89 duas. Por sua vez, se cort\u00e1ssemos o desperd\u00edcio mundial de alimento em 50%, ganhar\u00edamos 11 dias no or\u00e7amento ecol\u00f3gico da Terra. Mais simb\u00f3lico, se diminu\u00edssemos nosso consumo de alimentos intensivos em prote\u00ednas, o\u00a0<em>Overshoot Day<\/em>\u00a0cairia apenas no come\u00e7o de setembro.<\/p>\n<p>\u201cSe n\u00e3o mudarmos nosso comportamento de consumo, a proje\u00e7\u00e3o \u00e9 de que precisaremos de mais de tr\u00eas Terras antes de 2050\u201d, explica Helio Mattar, diretor-presidente do Instituto Akatu, que atua h\u00e1 16 anos pelo consumo consciente. \u201cEsse \u00e9 um dos motivos pelos quais precisamos cumprir o Acordo de Paris. Mas, al\u00e9m de cobrar que os governos alcancem as metas de emiss\u00f5es, cada pessoa pode colaborar para diminuir seu impacto negativo no meio ambiente, com pequenas a\u00e7\u00f5es cotidianas\u201d.<\/p>\n<p>Essa tend\u00eancia dram\u00e1tica pode ser revertida: se conseguirmos atrasar o Dia da Sobrecarga da Terra em 4,5 dias todos os anos, \u00e9 poss\u00edvel retornar ao n\u00edvel em que utilizamos os recursos de um s\u00f3 planeta at\u00e9 2050.<\/p>\n<p>\u201cNosso planeta \u00e9 finito, mas as possibilidades do ser humano n\u00e3o s\u00e3o. Viver dentro do or\u00e7amento de um planeta \u00e9 tecnicamente poss\u00edvel, financeiramente ben\u00e9fico e nossa \u00fanica chance de um futuro pr\u00f3spero\u201d, aponta Mathis Wackernagel, CEO da GFN e co-criador da Pegada Ecol\u00f3gica. \u201cEm \u00faltima an\u00e1lise, retroceder o\u00a0<em>Overshoot Day<\/em>\u00a0todo ano \u00e9 o objetivo a ser alcan\u00e7ado por todos n\u00f3s\u201d.<\/p>\n<p>Para marcar o dia de hoje, a GFN apresentou uma\u00a0<a href=\"http:\/\/www.footprintcalculator.org\/\" target=\"_blank\">nova vers\u00e3o de sua calculadora online<\/a>\u00a0que ajuda as pessoas a estimar sua demanda particular de recursos naturais e, assim, calcular sua pegada ecol\u00f3gica e quando acontece o seu Dia da Sobrecarga da Terra. Caso o dia calculado caia antes de 02 de agosto, isto significa que voc\u00ea est\u00e1 consumindo recursos naturais acima da m\u00e9dia global.<\/p>\n<p>Por exemplo,\u00a0<a href=\"http:\/\/www.overshootday.org\/about-earth-overshoot-day\/country-overshoot-days\/\" target=\"_blank\">para alguns pa\u00edses<\/a>, o\u00a0<em>Overshoot Day<\/em>\u00a0j\u00e1 aconteceu h\u00e1 algum tempo por conta do padr\u00e3o diferente de consumo: no Brasil, a data caiu h\u00e1 pouco mais de uma semana, no dia 26 de julho; na Alemanha, em 24 de abril; nos Estados Unidos, em 14 de mar\u00e7o.<\/p>\n<p>Al\u00e9m de estimar o impacto do usu\u00e1rio sobre o planeta e as emiss\u00f5es de carbono, a nova calculadora oferece informa\u00e7\u00f5es sobre solu\u00e7\u00f5es poss\u00edveis para reduzir a pegada ecol\u00f3gica individual e, assim, ajudar a diminuir a press\u00e3o humana global sobre os recursos naturais da Terra.<\/p>\n","protected":false},"excerpt":{"rendered":"<p>Estamos no vermelho. No \u00faltimo dia 02 , a humanidade atingiu o limite dos recursos<\/p>\n","protected":false},"author":2,"featured_media":70186,"comment_status":"open","ping_status":"open","sticky":false,"template":"","format":"standard","meta":[],"categories":[],"tags":[],"uagb_featured_image_src":{"full":["https:\/\/espacoecologico.com.br\/arquivo\/wp-content\/uploads\/2017\/08\/recursos_naturais.jpg",415,265,false],"thumbnail":["https:\/\/espacoecologico.com.br\/arquivo\/wp-content\/uploads\/2017\/08\/recursos_naturais-150x150.jpg",150,150,true],"medium":["https:\/\/espacoecologico.com.br\/arquivo\/wp-content\/uploads\/2017\/08\/recursos_naturais-300x192.jpg",300,192,true],"medium_large":["https:\/\/espacoecologico.com.br\/arquivo\/wp-content\/uploads\/2017\/08\/recursos_naturais.jpg",415,265,false],"large":["https:\/\/espacoecologico.com.br\/arquivo\/wp-content\/uploads\/2017\/08\/recursos_naturais.jpg",415,265,false],"1536x1536":["https:\/\/espacoecologico.com.br\/arquivo\/wp-content\/uploads\/2017\/08\/recursos_naturais.jpg",415,265,false],"2048x2048":["https:\/\/espacoecologico.com.br\/arquivo\/wp-content\/uploads\/2017\/08\/recursos_naturais.jpg",415,265,false],"cream-magazine-thumbnail-2":["https:\/\/espacoecologico.com.br\/arquivo\/wp-content\/uploads\/2017\/08\/recursos_naturais.jpg",415,265,false],"cream-magazine-thumbnail-3":["https:\/\/espacoecologico.com.br\/arquivo\/wp-content\/uploads\/2017\/08\/recursos_naturais.jpg",415,265,false],"cream-magazine-thumbnail-4":["https:\/\/espacoecologico.com.br\/arquivo\/wp-content\/uploads\/2017\/08\/recursos_naturais.jpg",415,265,false]},"uagb_author_info":{"display_name":"","author_link":"https:\/\/espacoecologico.com.br\/arquivo\/author\/"},"uagb_comment_info":0,"uagb_excerpt":"Estamos no vermelho. No \u00faltimo dia 02 , a humanidade atingiu o limite dos recursos","_links":{"self":[{"href":"https:\/\/espacoecologico.com.br\/arquivo\/wp-json\/wp\/v2\/posts\/70184"}],"collection":[{"href":"https:\/\/espacoecologico.com.br\/arquivo\/wp-json\/wp\/v2\/posts"}],"about":[{"href":"https:\/\/espacoecologico.com.br\/arquivo\/wp-json\/wp\/v2\/types\/post"}],"author":[{"embeddable":true,"href":"https:\/\/espacoecologico.com.br\/arquivo\/wp-json\/wp\/v2\/users\/2"}],"replies":[{"embeddable":true,"href":"https:\/\/espacoecologico.com.br\/arquivo\/wp-json\/wp\/v2\/comments?post=70184"}],"version-history":[{"count":0,"href":"https:\/\/espacoecologico.com.br\/arquivo\/wp-json\/wp\/v2\/posts\/70184\/revisions"}],"wp:featuredmedia":[{"embeddable":true,"href":"https:\/\/espacoecologico.com.br\/arquivo\/wp-json\/wp\/v2\/media\/70186"}],"wp:attachment":[{"href":"https:\/\/espacoecologico.com.br\/arquivo\/wp-json\/wp\/v2\/media?parent=70184"}],"wp:term":[{"taxonomy":"category","embeddable":true,"href":"https:\/\/espacoecologico.com.br\/arquivo\/wp-json\/wp\/v2\/categories?post=70184"},{"taxonomy":"post_tag","embeddable":true,"href":"https:\/\/espacoecologico.com.br\/arquivo\/wp-json\/wp\/v2\/tags?post=70184"}],"curies":[{"name":"wp","href":"https:\/\/api.w.org\/{rel}","templated":true}]}}