{"id":70169,"date":"2017-08-04T08:18:43","date_gmt":"2017-08-04T11:18:43","guid":{"rendered":"https:\/\/espacoecologico.com.br\/arquivo\/?p=70169"},"modified":"2017-08-04T08:18:43","modified_gmt":"2017-08-04T11:18:43","slug":"pesquisadores-registram-episodio-anormal-de-morte-de-araras-azuis-no-pantanal","status":"publish","type":"post","link":"https:\/\/espacoecologico.com.br\/arquivo\/pesquisadores-registram-episodio-anormal-de-morte-de-araras-azuis-no-pantanal\/","title":{"rendered":"Pesquisadores registram epis\u00f3dio anormal de morte de araras-azuis no Pantanal"},"content":{"rendered":"<p><a href=\"https:\/\/espacoecologico.com.br\/arquivo\/wp-content\/uploads\/2017\/08\/araras.jpg\"><img loading=\"lazy\" class=\"alignleft size-medium wp-image-70170\" src=\"https:\/\/espacoecologico.com.br\/arquivo\/wp-content\/uploads\/2017\/08\/araras-300x192.jpg\" alt=\"\" width=\"300\" height=\"192\" srcset=\"https:\/\/espacoecologico.com.br\/arquivo\/wp-content\/uploads\/2017\/08\/araras-300x192.jpg 300w, https:\/\/espacoecologico.com.br\/arquivo\/wp-content\/uploads\/2017\/08\/araras.jpg 415w\" sizes=\"(max-width: 300px) 100vw, 300px\" \/><\/a>Bi\u00f3logos que estudam a fauna do Pantanal est\u00e3o preocupados com o que parece ser uma situa\u00e7\u00e3o anormal de morte de araras-azuis na regi\u00e3o. S\u00f3 neste ano j\u00e1 foram relatadas 30 mortes em Mato Grosso \u2013 um n\u00famero alto. Em 2015, houve um epis\u00f3dio semelhante, com 18 indiv\u00edduos mortos em Mato Grosso do Sul e 83 em Mato Grosso. At\u00e9 o momento, ningu\u00e9m sabe explicar por que isso est\u00e1 acontecendo. Na semana passada, especialistas se reuniram em Campo Grande, Mato Grosso do Sul, para discutir as causas do fen\u00f4meno. Os pesquisadores descartaram a ocorr\u00eancia de doen\u00e7as de notifica\u00e7\u00e3o obrigat\u00f3ria, como a gripe avi\u00e1ria. Um trabalho de monitoramento ser\u00e1 feito para tentar entender o que acontece na regi\u00e3o. Ap\u00f3s a reuni\u00e3o, \u00c9POCA conversou com a pesquisadora Neiva Guedes, presidente do Instituto Arara Azul. Ela falou sobre a situa\u00e7\u00e3o das araras.<\/p>\n<p><strong>\u00c9POCA \u2013 O que est\u00e1 acontecendo com as araras do Pantanal?<br \/>\nNeiva Guedes \u2013\u00a0<\/strong>N\u00f3s ficamos surpresos e preocupados com a morte das araras-azuis em 2015 e o fato voltou a se repetir em 2017. O que mais nos preocupou foi o fato de saber que as araras-azuis s\u00e3o extremamente especializadas no requerimento do h\u00e1bitat na natureza. S\u00e3o dependendes de basicamente tr\u00eas plantas para sobreviver: uma \u00e1rvore onde fazem o ninho para se reproduzir, que \u00e9 o manduvi, e duas palmeiras para alimenta\u00e7\u00e3o, bocaiuva e acuri, das quais elas comem somente a castanha. Al\u00e9m disso, as araras-azuis t\u00eam baixa taxa reprodutiva, pois a maioria dos casais produz apenas um filhote por ano, ap\u00f3s os 7 a 8 anos de idade. Logo, essa mortalidade nos preocupou muito. Por isso, fomos solicitar o apoio do Minist\u00e9rio do Meio Ambiente e dos outros \u00f3rg\u00e3os de sanidade animal para nos ajudarem a montar um plano de a\u00e7\u00e3o.<\/p>\n<p><strong>\u00c9POCA \u2013 Essas mortes est\u00e3o acontecendo apenas no Pantanal?<br \/>\nNeiva \u2013<\/strong>\u00a0As mortes ocorreram em Mato Grosso do Sul e Mato Grosso em 2015. Neste ano, detectamos apenas em Mato Grosso.<\/p>\n<p><strong>\u00c9POCA \u2013 Qu\u00e3o raro ou anormal \u00e9 o registro dessas mortes?<br \/>\nNeiva \u2013<\/strong>\u00a0O encontro de araras-azuis adultas mortas na natureza \u00e9 bem raro. Nos \u00faltimos 27 anos em que temos monitorado as popula\u00e7\u00f5es de araras no Pantanal, vimos muito pouco, menos de 40 indiv\u00edduos ao longo dos anos. Quando encontramos, \u00e9 por preda\u00e7\u00e3o [outro animal] e, mais recentemente, choque com rede de energia. \u00c9 realmente raro encontrar araras-azuis mortas na natureza, at\u00e9 porque a regi\u00e3o \u00e9 muito grande. N\u00e3o h\u00e1 muita gente andando, e animal morto serve de alimento para outras esp\u00e9cies que comem carca\u00e7as. Por isso, o encontro de diversas araras mortas e carca\u00e7as em 2015 nos alertou. O fato n\u00e3o ocorreu em 2016 e voltou a ocorrer em 2017.<\/p>\n<p><strong>\u00c9POCA \u2013 H\u00e1 hip\u00f3teses sobre o que pode estar acontecendo?<br \/>\nNeiva \u2013\u00a0<\/strong>Ainda n\u00e3o temos um diagn\u00f3stico para a causa das mortes. Os \u00f3rg\u00e3os oficiais de defesa sanit\u00e1ria foram notificados e as pesquisas realizadas descartaram a ocorr\u00eancia de doen\u00e7as de notifica\u00e7\u00e3o obrigat\u00f3ria, como influenza avi\u00e1ria e doen\u00e7a de Newcastle. Os especialistas reunidos conclu\u00edram que a ocorr\u00eancia est\u00e1 limitada a uma popula\u00e7\u00e3o de araras-azuis em vida livre no Pantanal. O monitoramento j\u00e1 teve in\u00edcio. Pelo que discutimos, diversos fatores podem estar atuando em conjunto, como mudan\u00e7as clim\u00e1ticas, perda, fragmenta\u00e7\u00e3o e descaracteriza\u00e7\u00e3o de h\u00e1bitat, intoxica\u00e7\u00e3o etc., como tem acontecido com outras aves no mundo inteiro. Por\u00e9m, nesse caso, a morte tem acometido apenas as araras-azuis em vida livre. Dos exames j\u00e1 realizados, as doen\u00e7as transmitidas por v\u00edrus e que causam maiores preocupa\u00e7\u00f5es, como gripe avi\u00e1ria, deram resultados negativos, ao menos nos laudos analisados at\u00e9 agora.<\/p>\n<div class=\"foto componente_materia midia-largura-560\"><img loading=\"lazy\" class=\"\" title=\"A  arara-azul-grande (Anodorhynchus hyacinthinus), uma das esp\u00e9cies que sa\u00edram da lista de animais amea\u00e7ados de extin\u00e7\u00e3o (Foto: Geoff Gallice\/Wikimedia Commons)\" src=\"http:\/\/s2.glbimg.com\/ITw9fGn_IvqXEFrSZAh0IjSRhZo=\/560x430\/e.glbimg.com\/og\/ed\/f\/original\/2014\/12\/18\/anodorhynchus_hyacinthinus_-mato_grosso_do_sul_brazil_-nest-8_3.jpg\" alt=\"A  arara-azul-grande (Anodorhynchus hyacinthinus), uma das esp\u00e9cies que sa\u00edram da lista de animais amea\u00e7ados de extin\u00e7\u00e3o (Foto: Geoff Gallice\/Wikimedia Commons)\" width=\"639\" height=\"491\" \/><label class=\"foto-legenda\">A arara-azul (<em>Anodorhynchus hyacinthinus<\/em>) (Foto: Geoff Gallice\/Wikimedia Commons)<\/label><\/div>\n<p><strong>\u00c9POCA \u2013\u00a0 H\u00e1 alguma medida preventiva que possa ser feita para evitar mais mortes de araras?<br \/>\nNeiva \u2013<\/strong>\u00a0Como n\u00e3o temos um diagn\u00f3stico fechado, n\u00e3o podemos ter medidas preventivas, mas esperamos que, ap\u00f3s esta reuni\u00e3o e se novos fatos voltarem a ocorrer, possamos evoluir para a detec\u00e7\u00e3o da causa da morte e, assim, adotar medidas de manejo para a conserva\u00e7\u00e3o da esp\u00e9cie.<\/p>\n<p><strong>\u00c9POCA \u2013 Essas mortes colocam a esp\u00e9cie em amea\u00e7a? Seu status de conserva\u00e7\u00e3o pode piorar?<br \/>\nNeiva \u00a0\u2013\u00a0<\/strong>Temos de monitorar para fazer qualquer afirma\u00e7\u00e3o. Essas mortes t\u00eam sim um impacto na popula\u00e7\u00e3o, pois sabemos que n\u00e3o morrem tantos indiv\u00edduos de uma vez s\u00f3 na natureza. Sabendo que elas precisam de poucas esp\u00e9cies de plantas para sobreviver e que t\u00eam baixa taxa reprodutiva, essas mortes s\u00e3o preocupantes. Se nada for feito, a situa\u00e7\u00e3o pode piorar. Por isso, j\u00e1 estamos tomando as medidas para identificar as causas, junto aos \u00f3rg\u00e3os ambientais e especialistas.<\/p>\n","protected":false},"excerpt":{"rendered":"<p>Bi\u00f3logos que estudam a fauna do Pantanal est\u00e3o preocupados com o que parece ser uma<\/p>\n","protected":false},"author":2,"featured_media":70170,"comment_status":"open","ping_status":"open","sticky":false,"template":"","format":"standard","meta":[],"categories":[],"tags":[],"uagb_featured_image_src":{"full":["https:\/\/espacoecologico.com.br\/arquivo\/wp-content\/uploads\/2017\/08\/araras.jpg",415,265,false],"thumbnail":["https:\/\/espacoecologico.com.br\/arquivo\/wp-content\/uploads\/2017\/08\/araras-150x150.jpg",150,150,true],"medium":["https:\/\/espacoecologico.com.br\/arquivo\/wp-content\/uploads\/2017\/08\/araras-300x192.jpg",300,192,true],"medium_large":["https:\/\/espacoecologico.com.br\/arquivo\/wp-content\/uploads\/2017\/08\/araras.jpg",415,265,false],"large":["https:\/\/espacoecologico.com.br\/arquivo\/wp-content\/uploads\/2017\/08\/araras.jpg",415,265,false],"1536x1536":["https:\/\/espacoecologico.com.br\/arquivo\/wp-content\/uploads\/2017\/08\/araras.jpg",415,265,false],"2048x2048":["https:\/\/espacoecologico.com.br\/arquivo\/wp-content\/uploads\/2017\/08\/araras.jpg",415,265,false],"cream-magazine-thumbnail-2":["https:\/\/espacoecologico.com.br\/arquivo\/wp-content\/uploads\/2017\/08\/araras.jpg",415,265,false],"cream-magazine-thumbnail-3":["https:\/\/espacoecologico.com.br\/arquivo\/wp-content\/uploads\/2017\/08\/araras.jpg",415,265,false],"cream-magazine-thumbnail-4":["https:\/\/espacoecologico.com.br\/arquivo\/wp-content\/uploads\/2017\/08\/araras.jpg",415,265,false]},"uagb_author_info":{"display_name":"","author_link":"https:\/\/espacoecologico.com.br\/arquivo\/author\/"},"uagb_comment_info":0,"uagb_excerpt":"Bi\u00f3logos que estudam a fauna do Pantanal est\u00e3o preocupados com o que parece ser uma","_links":{"self":[{"href":"https:\/\/espacoecologico.com.br\/arquivo\/wp-json\/wp\/v2\/posts\/70169"}],"collection":[{"href":"https:\/\/espacoecologico.com.br\/arquivo\/wp-json\/wp\/v2\/posts"}],"about":[{"href":"https:\/\/espacoecologico.com.br\/arquivo\/wp-json\/wp\/v2\/types\/post"}],"author":[{"embeddable":true,"href":"https:\/\/espacoecologico.com.br\/arquivo\/wp-json\/wp\/v2\/users\/2"}],"replies":[{"embeddable":true,"href":"https:\/\/espacoecologico.com.br\/arquivo\/wp-json\/wp\/v2\/comments?post=70169"}],"version-history":[{"count":0,"href":"https:\/\/espacoecologico.com.br\/arquivo\/wp-json\/wp\/v2\/posts\/70169\/revisions"}],"wp:featuredmedia":[{"embeddable":true,"href":"https:\/\/espacoecologico.com.br\/arquivo\/wp-json\/wp\/v2\/media\/70170"}],"wp:attachment":[{"href":"https:\/\/espacoecologico.com.br\/arquivo\/wp-json\/wp\/v2\/media?parent=70169"}],"wp:term":[{"taxonomy":"category","embeddable":true,"href":"https:\/\/espacoecologico.com.br\/arquivo\/wp-json\/wp\/v2\/categories?post=70169"},{"taxonomy":"post_tag","embeddable":true,"href":"https:\/\/espacoecologico.com.br\/arquivo\/wp-json\/wp\/v2\/tags?post=70169"}],"curies":[{"name":"wp","href":"https:\/\/api.w.org\/{rel}","templated":true}]}}