{"id":70159,"date":"2017-08-03T13:30:52","date_gmt":"2017-08-03T16:30:52","guid":{"rendered":"https:\/\/espacoecologico.com.br\/arquivo\/?p=70159"},"modified":"2017-08-03T11:57:45","modified_gmt":"2017-08-03T14:57:45","slug":"casal-brasileiro-cria-embalagem-vegana-para-substituir-plastico-filme-e-papel-aluminio","status":"publish","type":"post","link":"https:\/\/espacoecologico.com.br\/arquivo\/casal-brasileiro-cria-embalagem-vegana-para-substituir-plastico-filme-e-papel-aluminio\/","title":{"rendered":"Casal brasileiro cria embalagem vegana para substituir pl\u00e1stico filme e papel alum\u00ednio"},"content":{"rendered":"<div class=\"body-content \">\n<p><a href=\"https:\/\/espacoecologico.com.br\/arquivo\/wp-content\/uploads\/2017\/08\/produto_vegano.jpg\"><img loading=\"lazy\" class=\"alignleft size-medium wp-image-70160\" src=\"https:\/\/espacoecologico.com.br\/arquivo\/wp-content\/uploads\/2017\/08\/produto_vegano-300x192.jpg\" alt=\"\" width=\"300\" height=\"192\" srcset=\"https:\/\/espacoecologico.com.br\/arquivo\/wp-content\/uploads\/2017\/08\/produto_vegano-300x192.jpg 300w, https:\/\/espacoecologico.com.br\/arquivo\/wp-content\/uploads\/2017\/08\/produto_vegano.jpg 415w\" sizes=\"(max-width: 300px) 100vw, 300px\" \/><\/a>Um produto ecol\u00f3gico, fabricado com mat\u00e9rias-primas biodegrad\u00e1veis, come\u00e7ou a ser vendido no Brasil em julho. O Keep Embalagens Ecol\u00f3gicas foi desenvolvido pelo casal Lucas Bastos e Carla Enero, moradores de Joinville (SC), para ser usado como substituto ao pl\u00e1stico filme (ou PVC) e ao papel alum\u00ednio no armazenamento de alimentos. Ele \u00e9 feito de tecido 100% algod\u00e3o, mel ou cera de carna\u00faba (na vers\u00e3o vegana) e resina de \u00e1rvore. Reutiliz\u00e1vel, pode durar at\u00e9 um ano.<\/p>\n<p>Entre os variados usos do Keep j\u00e1 testados pelo casal, e por quem adquiriu o produto, est\u00e3o o acondicionamento de pratos, peda\u00e7os de frutas ou legumes que sobram das receitas; de sandu\u00edches ou lanches para levar \u00e0 escola ou ao trabalho, de p\u00e3es frescos, entre outros. Ele serve at\u00e9 mesmo para embalar barras de sabonete usados em viagem. O Keep pode ainda substituir as embalagens descart\u00e1veis na pesagem de produtos a granel.<\/p>\n<p>Os respons\u00e1veis pelo desenvolvimento do produto explicam que se inspiraram em uma embalagem similar conhecida na Austr\u00e1lia, pa\u00eds onde moraram no ano de 2015. \u201cEu gostei tanto da ideia que decidi tentar produzir um para usarmos na nossa casa quando voltamos ao Brasil. Depois de tantas tentativas, adapta\u00e7\u00f5es, erros e acertos, o produto ficou t\u00e3o bom que pensamos em fazer dele um neg\u00f3cio e dar acesso a esse utens\u00edlio t\u00e3o maravilhoso para mais pessoas\u201d, conta Carla.<\/p>\n<p><a href=\"http:\/\/ciclovivo.com.br\/wp-content\/uploads\/2017\/08\/DSC_0021.jpg\"><img loading=\"lazy\" class=\"aligncenter size-full wp-image-47701\" src=\"http:\/\/ciclovivo.com.br\/wp-content\/uploads\/2017\/08\/DSC_0021.jpg\" sizes=\"(max-width: 1280px) 100vw, 1280px\" srcset=\"http:\/\/ciclovivo.com.br\/wp-content\/uploads\/2017\/08\/DSC_0021.jpg 1280w, http:\/\/ciclovivo.com.br\/wp-content\/uploads\/2017\/08\/DSC_0021-300x200.jpg 300w, http:\/\/ciclovivo.com.br\/wp-content\/uploads\/2017\/08\/DSC_0021-768x512.jpg 768w, http:\/\/ciclovivo.com.br\/wp-content\/uploads\/2017\/08\/DSC_0021-1024x682.jpg 1024w, http:\/\/ciclovivo.com.br\/wp-content\/uploads\/2017\/08\/DSC_0021-566x377.jpg 566w, http:\/\/ciclovivo.com.br\/wp-content\/uploads\/2017\/08\/DSC_0021-390x260.jpg 390w, http:\/\/ciclovivo.com.br\/wp-content\/uploads\/2017\/08\/DSC_0021-103x68.jpg 103w\" alt=\"DSC_0021\" width=\"640\" height=\"253\" \/><\/a><a href=\"http:\/\/ciclovivo.com.br\/wp-content\/uploads\/2017\/08\/DSC_0034.jpg\"><img loading=\"lazy\" class=\"aligncenter size-full wp-image-47702\" src=\"http:\/\/ciclovivo.com.br\/wp-content\/uploads\/2017\/08\/DSC_0034.jpg\" sizes=\"(max-width: 1280px) 100vw, 1280px\" srcset=\"http:\/\/ciclovivo.com.br\/wp-content\/uploads\/2017\/08\/DSC_0034.jpg 1280w, http:\/\/ciclovivo.com.br\/wp-content\/uploads\/2017\/08\/DSC_0034-300x200.jpg 300w, http:\/\/ciclovivo.com.br\/wp-content\/uploads\/2017\/08\/DSC_0034-768x512.jpg 768w, http:\/\/ciclovivo.com.br\/wp-content\/uploads\/2017\/08\/DSC_0034-1024x682.jpg 1024w, http:\/\/ciclovivo.com.br\/wp-content\/uploads\/2017\/08\/DSC_0034-566x377.jpg 566w, http:\/\/ciclovivo.com.br\/wp-content\/uploads\/2017\/08\/DSC_0034-390x260.jpg 390w, http:\/\/ciclovivo.com.br\/wp-content\/uploads\/2017\/08\/DSC_0034-103x68.jpg 103w\" alt=\"DSC_0034\" width=\"640\" height=\"253\" \/><\/a><\/p>\n<p>Al\u00e9m de durar v\u00e1rios reusos, o Keep tamb\u00e9m ajuda na conserva\u00e7\u00e3o dos alimentos. A fina pel\u00edcula que envolve o algod\u00e3o \u00e9 respir\u00e1vel, mantendo o alimento hidratado dentro da embalagem. \u201cIsso permite que o alimento respire e troque o ar com o ambiente externo, o que \u00e9 \u00f3timo para conserva\u00e7\u00e3o. Basta observar a l\u00f3gica da natureza das cascas de frutas, cascas de ovos e at\u00e9 mesmo da nossa pele. E falando em conserva\u00e7\u00e3o, lembramos que a cera de abelha tem propriedades antibacterianas, o que ajuda a preservar por mais tempo os alimentos\u201d, explica Lucas.<\/p>\n<p>Junto a essas vantagens, o produto \u00e9 confeccionado em diversos modelos de estampas coloridas, decorativas e que d\u00e3o um ar mais alegre na cozinha ou geladeira. Tamb\u00e9m possui um aroma agrad\u00e1vel, fruto das mat\u00e9rias-primas usadas na sua fabrica\u00e7\u00e3o. A higieniza\u00e7\u00e3o para reuso \u00e9 muito simples: basta limpar suavemente com um pano \u00famido e deixar secar \u00e0 sombra. Quando n\u00e3o puder mais ser reutilizado, pode ser descartado sem culpa na lixeira ou destinado \u00e0 compostagem.<\/p>\n<p><a href=\"http:\/\/ciclovivo.com.br\/wp-content\/uploads\/2017\/08\/DSC_0047.jpg\"><img loading=\"lazy\" class=\"aligncenter size-full wp-image-47703\" src=\"http:\/\/ciclovivo.com.br\/wp-content\/uploads\/2017\/08\/DSC_0047.jpg\" sizes=\"(max-width: 1280px) 100vw, 1280px\" srcset=\"http:\/\/ciclovivo.com.br\/wp-content\/uploads\/2017\/08\/DSC_0047.jpg 1280w, http:\/\/ciclovivo.com.br\/wp-content\/uploads\/2017\/08\/DSC_0047-300x200.jpg 300w, http:\/\/ciclovivo.com.br\/wp-content\/uploads\/2017\/08\/DSC_0047-768x512.jpg 768w, http:\/\/ciclovivo.com.br\/wp-content\/uploads\/2017\/08\/DSC_0047-1024x682.jpg 1024w, http:\/\/ciclovivo.com.br\/wp-content\/uploads\/2017\/08\/DSC_0047-566x377.jpg 566w, http:\/\/ciclovivo.com.br\/wp-content\/uploads\/2017\/08\/DSC_0047-390x260.jpg 390w, http:\/\/ciclovivo.com.br\/wp-content\/uploads\/2017\/08\/DSC_0047-103x68.jpg 103w\" alt=\"DSC_0047\" width=\"640\" height=\"253\" \/><\/a><a href=\"http:\/\/ciclovivo.com.br\/wp-content\/uploads\/2017\/08\/DSC_0058.jpg\"><img loading=\"lazy\" class=\"aligncenter size-full wp-image-47704\" src=\"http:\/\/ciclovivo.com.br\/wp-content\/uploads\/2017\/08\/DSC_0058.jpg\" sizes=\"(max-width: 640px) 100vw, 640px\" srcset=\"http:\/\/ciclovivo.com.br\/wp-content\/uploads\/2017\/08\/DSC_0058.jpg 1280w, http:\/\/ciclovivo.com.br\/wp-content\/uploads\/2017\/08\/DSC_0058-300x200.jpg 300w, http:\/\/ciclovivo.com.br\/wp-content\/uploads\/2017\/08\/DSC_0058-768x512.jpg 768w, http:\/\/ciclovivo.com.br\/wp-content\/uploads\/2017\/08\/DSC_0058-1024x682.jpg 1024w, http:\/\/ciclovivo.com.br\/wp-content\/uploads\/2017\/08\/DSC_0058-566x377.jpg 566w, http:\/\/ciclovivo.com.br\/wp-content\/uploads\/2017\/08\/DSC_0058-390x260.jpg 390w, http:\/\/ciclovivo.com.br\/wp-content\/uploads\/2017\/08\/DSC_0058-103x68.jpg 103w\" alt=\"DSC_0058\" width=\"640\" height=\"253\" \/><\/a><a href=\"http:\/\/ciclovivo.com.br\/wp-content\/uploads\/2017\/08\/DSC_0060.jpg\"><img loading=\"lazy\" class=\"aligncenter size-full wp-image-47705\" src=\"http:\/\/ciclovivo.com.br\/wp-content\/uploads\/2017\/08\/DSC_0060.jpg\" sizes=\"(max-width: 1280px) 100vw, 1280px\" srcset=\"http:\/\/ciclovivo.com.br\/wp-content\/uploads\/2017\/08\/DSC_0060.jpg 1280w, http:\/\/ciclovivo.com.br\/wp-content\/uploads\/2017\/08\/DSC_0060-300x200.jpg 300w, http:\/\/ciclovivo.com.br\/wp-content\/uploads\/2017\/08\/DSC_0060-768x512.jpg 768w, http:\/\/ciclovivo.com.br\/wp-content\/uploads\/2017\/08\/DSC_0060-1024x682.jpg 1024w, http:\/\/ciclovivo.com.br\/wp-content\/uploads\/2017\/08\/DSC_0060-566x377.jpg 566w, http:\/\/ciclovivo.com.br\/wp-content\/uploads\/2017\/08\/DSC_0060-390x260.jpg 390w, http:\/\/ciclovivo.com.br\/wp-content\/uploads\/2017\/08\/DSC_0060-103x68.jpg 103w\" alt=\"DSC_0060\" width=\"640\" height=\"253\" \/><\/a><\/p>\n<p>Apesar de todas essas vantagens, para Carla e Lucas, o principal benef\u00edcio do Keep \u00e9 a possibilidade de substituir o uso de pl\u00e1sticos, que v\u00eam se tornando um problema s\u00e9rio para o meio ambiente a cada ano. Mesmo sendo recicl\u00e1veis, o pl\u00e1stico PVC ou papel alum\u00ednio s\u00e3o poucos reaproveitados. Estudo publicado por cientistas norte-americanos revela que mais de 70% da produ\u00e7\u00e3o total de pl\u00e1sticos no mundo v\u00e3o parar em esgotos, em ambientes a c\u00e9u aberto ou acabam poluindo rios e oceanos.<\/p>\n<p>\u201cO Keep faz parte de um movimento internacional chamado Beeswax Food Wrap Movement, que est\u00e1 ajudando a reduzir a quantidade de pl\u00e1stico descartado no nosso planeta, sendo utilizado j\u00e1 em muitos pa\u00edses. Ao desenvolver a ideia no Brasil, queremos que o produto possa contribuir com a redu\u00e7\u00e3o do impacto do pl\u00e1stico no nosso pa\u00eds\u201d, afirma Carla.<\/p>\n<p><a href=\"http:\/\/ciclovivo.com.br\/wp-content\/uploads\/2017\/08\/DSC_0061.jpg\"><img loading=\"lazy\" class=\"aligncenter size-full wp-image-47706\" src=\"http:\/\/ciclovivo.com.br\/wp-content\/uploads\/2017\/08\/DSC_0061.jpg\" sizes=\"(max-width: 1280px) 100vw, 1280px\" srcset=\"http:\/\/ciclovivo.com.br\/wp-content\/uploads\/2017\/08\/DSC_0061.jpg 1280w, http:\/\/ciclovivo.com.br\/wp-content\/uploads\/2017\/08\/DSC_0061-300x200.jpg 300w, http:\/\/ciclovivo.com.br\/wp-content\/uploads\/2017\/08\/DSC_0061-768x512.jpg 768w, http:\/\/ciclovivo.com.br\/wp-content\/uploads\/2017\/08\/DSC_0061-1024x682.jpg 1024w, http:\/\/ciclovivo.com.br\/wp-content\/uploads\/2017\/08\/DSC_0061-566x377.jpg 566w, http:\/\/ciclovivo.com.br\/wp-content\/uploads\/2017\/08\/DSC_0061-390x260.jpg 390w, http:\/\/ciclovivo.com.br\/wp-content\/uploads\/2017\/08\/DSC_0061-103x68.jpg 103w\" alt=\"DSC_0061\" width=\"640\" height=\"253\" \/><\/a><\/p>\n<p>Onde comprar:<\/p>\n<p>O produto \u00e9 fabricado nos tamanhos P (18x20cm), M (25\u00d728 cm), G (33x35cm) e XG (38x47cm). Podem ser vendidos separadamente ou em kits com tr\u00eas unidades. Os pre\u00e7os variam de R$ 14,90 a R$ 75 (valor do kit com tr\u00eas unidades do tamanho G), sem valor de frete inclu\u00eddo. Inicialmente, as vendas est\u00e3o sendo feitas pela\u00a0<a href=\"https:\/\/www.facebook.com\/keep.eco\/\" target=\"_blank\">p\u00e1gina da marca no Facebook<\/a>\u00a0e no Mercado Livre. S\u00e3o aceitos pedidos de todo pa\u00eds.<\/p>\n<p><a href=\"http:\/\/ciclovivo.com.br\/wp-content\/uploads\/2017\/08\/DSC_0064.jpg\"><img loading=\"lazy\" class=\"aligncenter size-full wp-image-47707\" src=\"http:\/\/ciclovivo.com.br\/wp-content\/uploads\/2017\/08\/DSC_0064.jpg\" sizes=\"(max-width: 853px) 100vw, 853px\" srcset=\"http:\/\/ciclovivo.com.br\/wp-content\/uploads\/2017\/08\/DSC_0064.jpg 853w, http:\/\/ciclovivo.com.br\/wp-content\/uploads\/2017\/08\/DSC_0064-200x300.jpg 200w, http:\/\/ciclovivo.com.br\/wp-content\/uploads\/2017\/08\/DSC_0064-768x1152.jpg 768w, http:\/\/ciclovivo.com.br\/wp-content\/uploads\/2017\/08\/DSC_0064-682x1024.jpg 682w\" alt=\"DSC_0064\" width=\"640\" height=\"253\" \/><\/a><a href=\"http:\/\/ciclovivo.com.br\/wp-content\/uploads\/2017\/08\/DSC_0085.jpg\"><img loading=\"lazy\" class=\"aligncenter size-full wp-image-47708\" src=\"http:\/\/ciclovivo.com.br\/wp-content\/uploads\/2017\/08\/DSC_0085.jpg\" sizes=\"(max-width: 1280px) 100vw, 1280px\" srcset=\"http:\/\/ciclovivo.com.br\/wp-content\/uploads\/2017\/08\/DSC_0085.jpg 1280w, http:\/\/ciclovivo.com.br\/wp-content\/uploads\/2017\/08\/DSC_0085-300x200.jpg 300w, http:\/\/ciclovivo.com.br\/wp-content\/uploads\/2017\/08\/DSC_0085-768x512.jpg 768w, http:\/\/ciclovivo.com.br\/wp-content\/uploads\/2017\/08\/DSC_0085-1024x682.jpg 1024w, http:\/\/ciclovivo.com.br\/wp-content\/uploads\/2017\/08\/DSC_0085-566x377.jpg 566w, http:\/\/ciclovivo.com.br\/wp-content\/uploads\/2017\/08\/DSC_0085-390x260.jpg 390w, http:\/\/ciclovivo.com.br\/wp-content\/uploads\/2017\/08\/DSC_0085-103x68.jpg 103w\" alt=\"DSC_0085\" width=\"640\" height=\"253\" \/><\/a><\/p>\n<\/div>\n","protected":false},"excerpt":{"rendered":"<p>Um produto ecol\u00f3gico, fabricado com mat\u00e9rias-primas biodegrad\u00e1veis, come\u00e7ou a ser vendido no Brasil em julho.<\/p>\n","protected":false},"author":2,"featured_media":70160,"comment_status":"open","ping_status":"open","sticky":false,"template":"","format":"standard","meta":[],"categories":[],"tags":[],"uagb_featured_image_src":{"full":["https:\/\/espacoecologico.com.br\/arquivo\/wp-content\/uploads\/2017\/08\/produto_vegano.jpg",415,265,false],"thumbnail":["https:\/\/espacoecologico.com.br\/arquivo\/wp-content\/uploads\/2017\/08\/produto_vegano-150x150.jpg",150,150,true],"medium":["https:\/\/espacoecologico.com.br\/arquivo\/wp-content\/uploads\/2017\/08\/produto_vegano-300x192.jpg",300,192,true],"medium_large":["https:\/\/espacoecologico.com.br\/arquivo\/wp-content\/uploads\/2017\/08\/produto_vegano.jpg",415,265,false],"large":["https:\/\/espacoecologico.com.br\/arquivo\/wp-content\/uploads\/2017\/08\/produto_vegano.jpg",415,265,false],"1536x1536":["https:\/\/espacoecologico.com.br\/arquivo\/wp-content\/uploads\/2017\/08\/produto_vegano.jpg",415,265,false],"2048x2048":["https:\/\/espacoecologico.com.br\/arquivo\/wp-content\/uploads\/2017\/08\/produto_vegano.jpg",415,265,false],"cream-magazine-thumbnail-2":["https:\/\/espacoecologico.com.br\/arquivo\/wp-content\/uploads\/2017\/08\/produto_vegano.jpg",415,265,false],"cream-magazine-thumbnail-3":["https:\/\/espacoecologico.com.br\/arquivo\/wp-content\/uploads\/2017\/08\/produto_vegano.jpg",415,265,false],"cream-magazine-thumbnail-4":["https:\/\/espacoecologico.com.br\/arquivo\/wp-content\/uploads\/2017\/08\/produto_vegano.jpg",415,265,false]},"uagb_author_info":{"display_name":"","author_link":"https:\/\/espacoecologico.com.br\/arquivo\/author\/"},"uagb_comment_info":0,"uagb_excerpt":"Um produto ecol\u00f3gico, fabricado com mat\u00e9rias-primas biodegrad\u00e1veis, come\u00e7ou a ser vendido no Brasil em julho.","_links":{"self":[{"href":"https:\/\/espacoecologico.com.br\/arquivo\/wp-json\/wp\/v2\/posts\/70159"}],"collection":[{"href":"https:\/\/espacoecologico.com.br\/arquivo\/wp-json\/wp\/v2\/posts"}],"about":[{"href":"https:\/\/espacoecologico.com.br\/arquivo\/wp-json\/wp\/v2\/types\/post"}],"author":[{"embeddable":true,"href":"https:\/\/espacoecologico.com.br\/arquivo\/wp-json\/wp\/v2\/users\/2"}],"replies":[{"embeddable":true,"href":"https:\/\/espacoecologico.com.br\/arquivo\/wp-json\/wp\/v2\/comments?post=70159"}],"version-history":[{"count":0,"href":"https:\/\/espacoecologico.com.br\/arquivo\/wp-json\/wp\/v2\/posts\/70159\/revisions"}],"wp:featuredmedia":[{"embeddable":true,"href":"https:\/\/espacoecologico.com.br\/arquivo\/wp-json\/wp\/v2\/media\/70160"}],"wp:attachment":[{"href":"https:\/\/espacoecologico.com.br\/arquivo\/wp-json\/wp\/v2\/media?parent=70159"}],"wp:term":[{"taxonomy":"category","embeddable":true,"href":"https:\/\/espacoecologico.com.br\/arquivo\/wp-json\/wp\/v2\/categories?post=70159"},{"taxonomy":"post_tag","embeddable":true,"href":"https:\/\/espacoecologico.com.br\/arquivo\/wp-json\/wp\/v2\/tags?post=70159"}],"curies":[{"name":"wp","href":"https:\/\/api.w.org\/{rel}","templated":true}]}}