{"id":70138,"date":"2017-08-03T15:51:34","date_gmt":"2017-08-03T18:51:34","guid":{"rendered":"https:\/\/espacoecologico.com.br\/arquivo\/?p=70138"},"modified":"2017-08-04T08:17:50","modified_gmt":"2017-08-04T11:17:50","slug":"programa-espaco-ecologico-homenageia-a-cidade-de-joao-pessoa-pelos-seus-432-anos-de-fundacao","status":"publish","type":"post","link":"https:\/\/espacoecologico.com.br\/arquivo\/programa-espaco-ecologico-homenageia-a-cidade-de-joao-pessoa-pelos-seus-432-anos-de-fundacao\/","title":{"rendered":"Programa Espa\u00e7o Ecol\u00f3gico homenageia a cidade de Jo\u00e3o Pessoa pelos seus 432 anos de funda\u00e7\u00e3o"},"content":{"rendered":"<p><a href=\"https:\/\/espacoecologico.com.br\/arquivo\/wp-content\/uploads\/2015\/08\/joao_pessoa.jpg\"><img loading=\"lazy\" class=\"alignleft size-medium wp-image-25876\" src=\"https:\/\/espacoecologico.com.br\/arquivo\/wp-content\/uploads\/2015\/08\/joao_pessoa-300x192.jpg\" alt=\"\" width=\"300\" height=\"192\" srcset=\"https:\/\/espacoecologico.com.br\/arquivo\/wp-content\/uploads\/2015\/08\/joao_pessoa-300x192.jpg 300w, https:\/\/espacoecologico.com.br\/arquivo\/wp-content\/uploads\/2015\/08\/joao_pessoa.jpg 415w\" sizes=\"(max-width: 300px) 100vw, 300px\" \/><\/a>O Programa Espa\u00e7o Ecol\u00f3gico deste s\u00e1bado (5) apresentar\u00e1 v\u00e1rias mensagens parabenizando a cidade de Jo\u00e3o Pessoa pelos 432 anos de muita beleza e harmonia com o meio ambiente.<\/p>\n<p>Jo\u00e3o Pessoa \u00e9 conhecida como &#8220;Porta do Sol&#8221;, devido ao fato de, no munic\u00edpio, estar localizada a Ponta do Seixas, que \u00e9 o ponto mais oriental das Am\u00e9ricas, o que faz a cidade ser conhecida como o lugar &#8220;onde o sol nasce primeiro nas Am\u00e9ricas&#8221;.<\/p>\n<p><a href=\"https:\/\/espacoecologico.com.br\/arquivo\/wp-content\/uploads\/2014\/08\/joao_pessoa10.jpg\"><img loading=\"lazy\" class=\"alignnone size-full wp-image-4104\" src=\"https:\/\/espacoecologico.com.br\/arquivo\/wp-content\/uploads\/2014\/08\/joao_pessoa10.jpg\" alt=\"\" width=\"635\" height=\"334\" \/><\/a>Fundada em 1585 com o nome de &#8220;Nossa Senhora das Neves&#8221;, a cidade de Jo\u00e3o Pessoa \u00e9 a terceira capital de estado mais antiga do Brasil, tendo j\u00e1 sido fundada com t\u00edtulo de cidade.<\/p>\n<p>Sua denomina\u00e7\u00e3o atual, &#8220;Jo\u00e3o Pessoa&#8221;, \u00e9 uma homenagem ao pol\u00edtico paraibano Jo\u00e3o Pessoa Cavalcanti de Albuquerque, assassinado em 1930 na cidade do Recife, quando era presidente do estado e concorria, como candidato a vice-presidente da Rep\u00fablica, na chapa de Get\u00falio Vargas.<\/p>\n<p><a href=\"https:\/\/espacoecologico.com.br\/arquivo\/wp-content\/uploads\/2015\/06\/porto_capim.jpg\"><img loading=\"lazy\" class=\"alignnone size-full wp-image-22682\" src=\"https:\/\/espacoecologico.com.br\/arquivo\/wp-content\/uploads\/2015\/06\/porto_capim.jpg\" alt=\"\" width=\"640\" height=\"363\" srcset=\"https:\/\/espacoecologico.com.br\/arquivo\/wp-content\/uploads\/2015\/06\/porto_capim.jpg 640w, https:\/\/espacoecologico.com.br\/arquivo\/wp-content\/uploads\/2015\/06\/porto_capim-300x170.jpg 300w\" sizes=\"(max-width: 640px) 100vw, 640px\" \/><\/a>A cidade de Jo\u00e3o Pessoa nasceu nas margens do rio Sanhau\u00e1, a partir de onde subiu as ladeiras em dire\u00e7\u00e3o ao que hoje \u00e9 o Centro e localiza-se na por\u00e7\u00e3o mais oriental das Am\u00e9ricas e do Brasil.<\/p>\n<p>A altitude m\u00e9dia em rela\u00e7\u00e3o ao n\u00edvel do mar \u00e9 de 37 metros, com altitude m\u00e1xima de 74 metros nas proximidades do rio Mumbaba.<\/p>\n<p><a href=\"https:\/\/espacoecologico.com.br\/arquivo\/wp-content\/uploads\/2015\/08\/joao_pessoa_verde4.jpg\"><img loading=\"lazy\" class=\"alignnone size-full wp-image-47182\" src=\"https:\/\/espacoecologico.com.br\/arquivo\/wp-content\/uploads\/2015\/08\/joao_pessoa_verde4.jpg\" alt=\"\" width=\"640\" height=\"383\" srcset=\"https:\/\/espacoecologico.com.br\/arquivo\/wp-content\/uploads\/2015\/08\/joao_pessoa_verde4.jpg 640w, https:\/\/espacoecologico.com.br\/arquivo\/wp-content\/uploads\/2015\/08\/joao_pessoa_verde4-300x180.jpg 300w\" sizes=\"(max-width: 640px) 100vw, 640px\" \/><\/a>Jo\u00e3o Pessoa foi considerada a &#8220;segunda capital mais verde do mundo&#8221;, com mais de 7 m\u00b2 de floresta por habitante, perdendo somente para Paris, Fran\u00e7a.<br \/>\nEsse t\u00edtulo de distin\u00e7\u00e3o lhe foi dado em 1992, durante a Confer\u00eancia das Na\u00e7\u00f5es Unidas sobre o Meio Ambiente e o Desenvolvimento, 1992.<\/p>\n<p>Jo\u00e3o Pessoa possui duas grandes reservas de Mata Atl\u00e2ntica, que funcionam como verdadeiros &#8220;pulm\u00f5es&#8221;, al\u00e9m de mitigar o avan\u00e7o da polui\u00e7\u00e3o.<\/p>\n<p><a href=\"https:\/\/espacoecologico.com.br\/arquivo\/wp-content\/uploads\/2015\/07\/bica2.jpg\"><img loading=\"lazy\" class=\"alignnone size-full wp-image-24677\" src=\"https:\/\/espacoecologico.com.br\/arquivo\/wp-content\/uploads\/2015\/07\/bica2.jpg\" alt=\"\" width=\"640\" height=\"480\" srcset=\"https:\/\/espacoecologico.com.br\/arquivo\/wp-content\/uploads\/2015\/07\/bica2.jpg 640w, https:\/\/espacoecologico.com.br\/arquivo\/wp-content\/uploads\/2015\/07\/bica2-300x225.jpg 300w\" sizes=\"(max-width: 640px) 100vw, 640px\" \/><\/a>A primeira delas fica no bairro central do R\u00f3ger e denomina-se Parque Arruda C\u00e2mara ou &#8220;Bica&#8221;, como \u00e9 popularmente conhecida, devido \u00e0 presen\u00e7a da Fonte Tambi\u00e1 no local.<br \/>\nUm misto de jardim zool\u00f3gico e reserva florestal, a Bica possui exemplares da fauna e flora brasileiras, assim como animais de outros continentes.<\/p>\n<p><img loading=\"lazy\" class=\"alignnone size-full wp-image-47189\" src=\"https:\/\/espacoecologico.com.br\/arquivo\/wp-content\/uploads\/2016\/08\/joao_pessoa_verde11.jpg\" alt=\"\" width=\"640\" height=\"285\" srcset=\"https:\/\/espacoecologico.com.br\/arquivo\/wp-content\/uploads\/2016\/08\/joao_pessoa_verde11.jpg 640w, https:\/\/espacoecologico.com.br\/arquivo\/wp-content\/uploads\/2016\/08\/joao_pessoa_verde11-300x134.jpg 300w\" sizes=\"(max-width: 640px) 100vw, 640px\" \/>A outra reserva florestal importante \u00e9 a Mata do Buraquinho, da qual uma parte foi recentemente transformada em Jardim Bot\u00e2nico.<\/p>\n<p>Com cerca de 515 hectares de mata virgem, cortada por riachos e fontes naturais, fica situada num dos maiores reservat\u00f3rios que abasteciam a cidade.<\/p>\n<p>A Mata do Buraquinho umidifica o clima de Jo\u00e3o Pessoa e mant\u00e9m sua temperatura mais est\u00e1vel e branda, mesmo no ver\u00e3o.<\/p>\n<p>A mata \u00e9 preservada e cercada com intuito de prote\u00e7\u00e3o contra depreda\u00e7\u00e3o, servindo como local de estudo para pesquisadores que se preocupam com a preserva\u00e7\u00e3o da qualidade do meio ambiente.\u00a0No entanto, s\u00e3o vis\u00edveis as invas\u00f5es \u00e0s margens da reserva Mata do Buraquinho.<\/p>\n<p><img loading=\"lazy\" class=\"alignnone size-full wp-image-36460\" src=\"https:\/\/espacoecologico.com.br\/arquivo\/wp-content\/uploads\/2016\/02\/barreira_cabo_branco.jpg\" alt=\"\" width=\"640\" height=\"354\" srcset=\"https:\/\/espacoecologico.com.br\/arquivo\/wp-content\/uploads\/2016\/02\/barreira_cabo_branco.jpg 640w, https:\/\/espacoecologico.com.br\/arquivo\/wp-content\/uploads\/2016\/02\/barreira_cabo_branco-300x166.jpg 300w\" sizes=\"(max-width: 640px) 100vw, 640px\" \/><br \/>\nN\u00f3s que fazemos o programa Espa\u00e7o Ecol\u00f3gico desejamos que a cidade cres\u00e7a com sustentabilidade, preservando o verde, oferecendo uma melhor qualidade de vida para seus habitantes.<\/p>\n<figure id=\"attachment_4101\" aria-describedby=\"caption-attachment-4101\" style=\"width: 635px\" class=\"wp-caption alignnone\"><a href=\"https:\/\/espacoecologico.com.br\/arquivo\/wp-content\/uploads\/2014\/08\/joao_pessoa7.jpg\"><img loading=\"lazy\" class=\"size-full wp-image-4101\" src=\"https:\/\/espacoecologico.com.br\/arquivo\/wp-content\/uploads\/2014\/08\/joao_pessoa7.jpg\" alt=\"\" width=\"635\" height=\"275\" \/><\/a><figcaption id=\"caption-attachment-4101\" class=\"wp-caption-text\">Parab\u00e9ns Jo\u00e3o Pessoa, a cidade das ac\u00e1cias, onde o sol nasce primeiro.<\/figcaption><\/figure>\n<p>\u201cA base de toda a sustentabilidade \u00e9 o desenvolvimento humano que deve contemplar um melhor relacionamento do homem com os semelhantes e a Natureza\u201d &#8211; Engenheiro Civil e escritor Nagib Ander\u00e1os Neto.<\/p>\n<p>Pense nisso, preserve o meio ambiente e se preserve tamb\u00e9m.<\/p>\n<p>Com 13 anos de atividades, o Programa Espa\u00e7o Ecol\u00f3gico continua levando ao ar mensagens educativas, presta\u00e7\u00e3o de servi\u00e7o, dicas ecol\u00f3gicas, poesias ecol\u00f3gicas, cr\u00f4nicas e entrevistas com pessoas ligadas ao meio ambiente.<\/p>\n<div class=\"ads\"><a href=\"http:\/\/radiotabajara.pb.gov.br\/\" target=\"_blank\"><img class=\"alignleft\" src=\"https:\/\/espacoecologico.com.br\/arquivo\/wp-content\/themes\/2014\/temp\/logo_tabajara.jpg\" \/><\/a><\/div>\n<p>O programa Espa\u00e7o Ecol\u00f3gico \u00e9 veiculado todo s\u00e1bado, das 8h00 \u00e0s 9h00, na r\u00e1dio Tabajara FM 105.5, e pode ser escutado ao vivo. \u00c9 s\u00f3 clicar no \u00edcone ao lado.<\/p>\n<p><strong>Principais not\u00edcias do programa<\/strong><\/p>\n<p>Limite \u201cseguro\u201d de emiss\u00f5es de CO\u00b2 pode ser 40% menor<\/p>\n<p>Uso do term\u00f4metro de merc\u00fario ser\u00e1 banido no Brasil em 2019<\/p>\n<p>Recursos do planeta: humanidade viver\u00e1 de \u2018cr\u00e9dito\u2019 a partir de 2 de agosto<\/p>\n<p>Aumento de nitrog\u00eanio vai afetar vida e qualidade das \u00e1guas<\/p>\n<p>Bilh\u00f5es de toneladas de lixo pl\u00e1stico se acumulam na Terra<\/p>\n<p>Primeira adutora de \u00e1gua de re\u00faso do Nordeste vai ser constru\u00edda na PB<\/p>\n<p>Brasil prev\u00ea investir mais de R$ 170 bilh\u00f5es em usinas e\u00f3licas e solares<\/p>\n<p>Primeiro navio aut\u00f4nomo e 100% el\u00e9trico ser\u00e1 lan\u00e7ado em 2018<\/p>\n","protected":false},"excerpt":{"rendered":"<p>O Programa Espa\u00e7o Ecol\u00f3gico deste s\u00e1bado (5) apresentar\u00e1 v\u00e1rias mensagens parabenizando a cidade de Jo\u00e3o<\/p>\n","protected":false},"author":2,"featured_media":25876,"comment_status":"open","ping_status":"open","sticky":false,"template":"","format":"standard","meta":[],"categories":[],"tags":[],"uagb_featured_image_src":{"full":["https:\/\/espacoecologico.com.br\/arquivo\/wp-content\/uploads\/2015\/08\/joao_pessoa.jpg",415,265,false],"thumbnail":["https:\/\/espacoecologico.com.br\/arquivo\/wp-content\/uploads\/2015\/08\/joao_pessoa-150x150.jpg",150,150,true],"medium":["https:\/\/espacoecologico.com.br\/arquivo\/wp-content\/uploads\/2015\/08\/joao_pessoa-300x192.jpg",300,192,true],"medium_large":["https:\/\/espacoecologico.com.br\/arquivo\/wp-content\/uploads\/2015\/08\/joao_pessoa.jpg",415,265,false],"large":["https:\/\/espacoecologico.com.br\/arquivo\/wp-content\/uploads\/2015\/08\/joao_pessoa.jpg",415,265,false],"1536x1536":["https:\/\/espacoecologico.com.br\/arquivo\/wp-content\/uploads\/2015\/08\/joao_pessoa.jpg",415,265,false],"2048x2048":["https:\/\/espacoecologico.com.br\/arquivo\/wp-content\/uploads\/2015\/08\/joao_pessoa.jpg",415,265,false],"cream-magazine-thumbnail-2":["https:\/\/espacoecologico.com.br\/arquivo\/wp-content\/uploads\/2015\/08\/joao_pessoa.jpg",415,265,false],"cream-magazine-thumbnail-3":["https:\/\/espacoecologico.com.br\/arquivo\/wp-content\/uploads\/2015\/08\/joao_pessoa.jpg",415,265,false],"cream-magazine-thumbnail-4":["https:\/\/espacoecologico.com.br\/arquivo\/wp-content\/uploads\/2015\/08\/joao_pessoa.jpg",415,265,false]},"uagb_author_info":{"display_name":"","author_link":"https:\/\/espacoecologico.com.br\/arquivo\/author\/"},"uagb_comment_info":0,"uagb_excerpt":"O Programa Espa\u00e7o Ecol\u00f3gico deste s\u00e1bado (5) apresentar\u00e1 v\u00e1rias mensagens parabenizando a cidade de Jo\u00e3o","_links":{"self":[{"href":"https:\/\/espacoecologico.com.br\/arquivo\/wp-json\/wp\/v2\/posts\/70138"}],"collection":[{"href":"https:\/\/espacoecologico.com.br\/arquivo\/wp-json\/wp\/v2\/posts"}],"about":[{"href":"https:\/\/espacoecologico.com.br\/arquivo\/wp-json\/wp\/v2\/types\/post"}],"author":[{"embeddable":true,"href":"https:\/\/espacoecologico.com.br\/arquivo\/wp-json\/wp\/v2\/users\/2"}],"replies":[{"embeddable":true,"href":"https:\/\/espacoecologico.com.br\/arquivo\/wp-json\/wp\/v2\/comments?post=70138"}],"version-history":[{"count":0,"href":"https:\/\/espacoecologico.com.br\/arquivo\/wp-json\/wp\/v2\/posts\/70138\/revisions"}],"wp:featuredmedia":[{"embeddable":true,"href":"https:\/\/espacoecologico.com.br\/arquivo\/wp-json\/wp\/v2\/media\/25876"}],"wp:attachment":[{"href":"https:\/\/espacoecologico.com.br\/arquivo\/wp-json\/wp\/v2\/media?parent=70138"}],"wp:term":[{"taxonomy":"category","embeddable":true,"href":"https:\/\/espacoecologico.com.br\/arquivo\/wp-json\/wp\/v2\/categories?post=70138"},{"taxonomy":"post_tag","embeddable":true,"href":"https:\/\/espacoecologico.com.br\/arquivo\/wp-json\/wp\/v2\/tags?post=70138"}],"curies":[{"name":"wp","href":"https:\/\/api.w.org\/{rel}","templated":true}]}}