{"id":70134,"date":"2017-08-03T12:00:58","date_gmt":"2017-08-03T15:00:58","guid":{"rendered":"https:\/\/espacoecologico.com.br\/arquivo\/?p=70134"},"modified":"2017-08-02T19:01:50","modified_gmt":"2017-08-02T22:01:50","slug":"calor-no-sul-da-asia-pode-exceder-niveis-suportaveis-ate-2100-diz-estudo","status":"publish","type":"post","link":"https:\/\/espacoecologico.com.br\/arquivo\/calor-no-sul-da-asia-pode-exceder-niveis-suportaveis-ate-2100-diz-estudo\/","title":{"rendered":"Calor no sul da \u00c1sia pode exceder n\u00edveis suport\u00e1veis at\u00e9 2100 , diz estudo"},"content":{"rendered":"<p><a href=\"https:\/\/espacoecologico.com.br\/arquivo\/wp-content\/uploads\/2017\/08\/calor.jpg\"><img loading=\"lazy\" class=\"alignleft size-medium wp-image-70135\" src=\"https:\/\/espacoecologico.com.br\/arquivo\/wp-content\/uploads\/2017\/08\/calor-300x192.jpg\" alt=\"\" width=\"300\" height=\"192\" srcset=\"https:\/\/espacoecologico.com.br\/arquivo\/wp-content\/uploads\/2017\/08\/calor-300x192.jpg 300w, https:\/\/espacoecologico.com.br\/arquivo\/wp-content\/uploads\/2017\/08\/calor.jpg 415w\" sizes=\"(max-width: 300px) 100vw, 300px\" \/><\/a>O sul da \u00c1sia, que abriga um quinto da popula\u00e7\u00e3o mundial, poderia experimentar um aumento do calor \u00famido a n\u00edveis insuport\u00e1veis antes do final do s\u00e9culo se nada for feito para deter o aquecimento global, disseram pesquisadores nesta quarta-feira.<\/p>\n<p>O estudo, publicado na revista Science Advances, alertou sobre \u201condas de calor no ver\u00e3o com n\u00edveis de calor e umidade que excedem as condi\u00e7\u00f5es em que os humanos podem sobreviver sem prote\u00e7\u00e3o\u201d.<\/p>\n<p>A pesquisa se baseia em dois modelos clim\u00e1ticos. Um \u00e9 um cen\u00e1rio de continuidade no qual pouco \u00e9 feito para conter as mudan\u00e7as clim\u00e1ticas, e o segundo visa limitar o aumento da temperatura bem abaixo de dois graus Celsius, como prometido em 2015 por mais de 195 na\u00e7\u00f5es no Acordo de Paris sobre o clima.<\/p>\n<p>O estudo \u00e9 o primeiro de seu tipo a olhar n\u00e3o apenas para as temperaturas, mas para a previs\u00e3o de \u201ctemperatura de bulbo \u00famido\u201d, que combina temperatura, umidade e a capacidade do corpo humano de se resfriar em resposta.<\/p>\n<p>O limite de sobreviv\u00eancia \u00e9 considerado de 35 graus Celsius.<\/p>\n<p>Em um cen\u00e1rio de continuidade, \u201ca proje\u00e7\u00e3o \u00e9 que as temperaturas de bulbo \u00famido se aproximem do limite de sobreviv\u00eancia na maior parte do sul da \u00c1sia e o excedam em alguns locais, at\u00e9 o final do s\u00e9culo\u201d, disse o estudo.<\/p>\n<p>Cerca de 30% da popula\u00e7\u00e3o da regi\u00e3o ficaria exposta a essas temperaturas prejudiciais, em compara\u00e7\u00e3o com 0% no presente, disse o estudo.<\/p>\n<p>As regi\u00f5es agr\u00edcolas densamente povoadas do sul da \u00c1sia poderiam ser as mais afetadas, porque os trabalhadores est\u00e3o expostos ao calor com poucas oportunidades de fugir para ambientes com ar condicionado.<\/p>\n<p>\u201cAs ondas de calor mortais poderiam come\u00e7ar dentro de poucas d\u00e9cadas a atingir regi\u00f5es da \u00cdndia, Paquist\u00e3o e Bangladesh, incluindo as f\u00e9rteis bacias dos rios Indo e Ganges, que produzem grande parte do abastecimento de alimentos da regi\u00e3o\u201d, afirmou o estudo.<\/p>\n<p>A \u00cdndia \u00e9 o lar de 1,25 bilh\u00e3o de pessoas, enquanto outras 350 milh\u00f5es vivem em Bangladesh e no Paquist\u00e3o.<\/p>\n<p>Em 2015, a quinta onda de calor mais mortal da hist\u00f3ria moderna atingiu grandes partes da \u00cdndia e do Paquist\u00e3o, matando cerca de 3.500 pessoas.<\/p>\n<p>Mas os pesquisadores disseram que seus modelos tamb\u00e9m d\u00e3o motivo para a esperan\u00e7a. Sob o cen\u00e1rio em que as medidas para limitar o aquecimento s\u00e3o tomadas nas pr\u00f3ximas d\u00e9cadas, a popula\u00e7\u00e3o exposta a temperaturas de bulbo \u00famido prejudiciais aumentaria de zero para apenas 2%.<\/p>\n<p>As temperaturas ainda atingiriam n\u00edveis perigosos (acima de 31\u00ba C), mas n\u00e3o estariam t\u00e3o perto do limite fatal.<\/p>\n<p>\u201cH\u00e1 valor na mitiga\u00e7\u00e3o, no que diz respeito \u00e0 sa\u00fade p\u00fablica e \u00e0 redu\u00e7\u00e3o das ondas de calor\u201d, disse o autor principal, Elfatih Eltahirhe, professor de engenharia ambiental do Massachusetts Institute of Technology (MIT).<\/p>\n<p>\u201cCom a mitiga\u00e7\u00e3o, esperamos ser capazes de evitar essas proje\u00e7\u00f5es graves. Isso n\u00e3o \u00e9 algo inevit\u00e1vel\u201d, acrescentou.<\/p>\n","protected":false},"excerpt":{"rendered":"<p>O sul da \u00c1sia, que abriga um quinto da popula\u00e7\u00e3o mundial, poderia experimentar um aumento<\/p>\n","protected":false},"author":2,"featured_media":70135,"comment_status":"open","ping_status":"open","sticky":false,"template":"","format":"standard","meta":[],"categories":[],"tags":[],"uagb_featured_image_src":{"full":["https:\/\/espacoecologico.com.br\/arquivo\/wp-content\/uploads\/2017\/08\/calor.jpg",415,265,false],"thumbnail":["https:\/\/espacoecologico.com.br\/arquivo\/wp-content\/uploads\/2017\/08\/calor-150x150.jpg",150,150,true],"medium":["https:\/\/espacoecologico.com.br\/arquivo\/wp-content\/uploads\/2017\/08\/calor-300x192.jpg",300,192,true],"medium_large":["https:\/\/espacoecologico.com.br\/arquivo\/wp-content\/uploads\/2017\/08\/calor.jpg",415,265,false],"large":["https:\/\/espacoecologico.com.br\/arquivo\/wp-content\/uploads\/2017\/08\/calor.jpg",415,265,false],"1536x1536":["https:\/\/espacoecologico.com.br\/arquivo\/wp-content\/uploads\/2017\/08\/calor.jpg",415,265,false],"2048x2048":["https:\/\/espacoecologico.com.br\/arquivo\/wp-content\/uploads\/2017\/08\/calor.jpg",415,265,false],"cream-magazine-thumbnail-2":["https:\/\/espacoecologico.com.br\/arquivo\/wp-content\/uploads\/2017\/08\/calor.jpg",415,265,false],"cream-magazine-thumbnail-3":["https:\/\/espacoecologico.com.br\/arquivo\/wp-content\/uploads\/2017\/08\/calor.jpg",415,265,false],"cream-magazine-thumbnail-4":["https:\/\/espacoecologico.com.br\/arquivo\/wp-content\/uploads\/2017\/08\/calor.jpg",415,265,false]},"uagb_author_info":{"display_name":"","author_link":"https:\/\/espacoecologico.com.br\/arquivo\/author\/"},"uagb_comment_info":0,"uagb_excerpt":"O sul da \u00c1sia, que abriga um quinto da popula\u00e7\u00e3o mundial, poderia experimentar um aumento","_links":{"self":[{"href":"https:\/\/espacoecologico.com.br\/arquivo\/wp-json\/wp\/v2\/posts\/70134"}],"collection":[{"href":"https:\/\/espacoecologico.com.br\/arquivo\/wp-json\/wp\/v2\/posts"}],"about":[{"href":"https:\/\/espacoecologico.com.br\/arquivo\/wp-json\/wp\/v2\/types\/post"}],"author":[{"embeddable":true,"href":"https:\/\/espacoecologico.com.br\/arquivo\/wp-json\/wp\/v2\/users\/2"}],"replies":[{"embeddable":true,"href":"https:\/\/espacoecologico.com.br\/arquivo\/wp-json\/wp\/v2\/comments?post=70134"}],"version-history":[{"count":0,"href":"https:\/\/espacoecologico.com.br\/arquivo\/wp-json\/wp\/v2\/posts\/70134\/revisions"}],"wp:featuredmedia":[{"embeddable":true,"href":"https:\/\/espacoecologico.com.br\/arquivo\/wp-json\/wp\/v2\/media\/70135"}],"wp:attachment":[{"href":"https:\/\/espacoecologico.com.br\/arquivo\/wp-json\/wp\/v2\/media?parent=70134"}],"wp:term":[{"taxonomy":"category","embeddable":true,"href":"https:\/\/espacoecologico.com.br\/arquivo\/wp-json\/wp\/v2\/categories?post=70134"},{"taxonomy":"post_tag","embeddable":true,"href":"https:\/\/espacoecologico.com.br\/arquivo\/wp-json\/wp\/v2\/tags?post=70134"}],"curies":[{"name":"wp","href":"https:\/\/api.w.org\/{rel}","templated":true}]}}