{"id":70120,"date":"2017-08-03T09:00:07","date_gmt":"2017-08-03T12:00:07","guid":{"rendered":"https:\/\/espacoecologico.com.br\/arquivo\/?p=70120"},"modified":"2017-08-02T18:46:37","modified_gmt":"2017-08-02T21:46:37","slug":"brasil-passa-a-ter-sete-reservas-biologicas-registradas-em-rede-da-unesco","status":"publish","type":"post","link":"https:\/\/espacoecologico.com.br\/arquivo\/brasil-passa-a-ter-sete-reservas-biologicas-registradas-em-rede-da-unesco\/","title":{"rendered":"Brasil passa a ter sete reservas biol\u00f3gicas registradas em rede da Unesco"},"content":{"rendered":"<h4><a href=\"https:\/\/espacoecologico.com.br\/arquivo\/wp-content\/uploads\/2017\/08\/preserva\u00e7ao.jpg\"><img loading=\"lazy\" class=\"alignleft size-medium wp-image-70121\" src=\"https:\/\/espacoecologico.com.br\/arquivo\/wp-content\/uploads\/2017\/08\/preserva\u00e7ao-300x192.jpg\" alt=\"\" width=\"300\" height=\"192\" srcset=\"https:\/\/espacoecologico.com.br\/arquivo\/wp-content\/uploads\/2017\/08\/preserva\u00e7ao-300x192.jpg 300w, https:\/\/espacoecologico.com.br\/arquivo\/wp-content\/uploads\/2017\/08\/preserva\u00e7ao.jpg 415w\" sizes=\"(max-width: 300px) 100vw, 300px\" \/><\/a>Reservas da Mata Atl\u00e2ntica e do Cintur\u00e3o Verde da cidade de S\u00e3o Paulo foram separadas<\/h4>\n<p>Uma decis\u00e3o do Conselho de Coordena\u00e7\u00e3o Internacional do Programa O Homem e a Biosfera\u00a0<span class=\"Apple-style-span\">separou as reservas da Mata Atl\u00e2ntica e do Cintur\u00e3o Verde da cidade de S\u00e3o Paulo<\/span>. Antes, os dom\u00ednios constitu\u00edam uma \u00fanica \u00e1rea prote\u00e7\u00e3o da Rede Mundial de Reservas da Biosfera. Com a delibera\u00e7\u00e3o, o Brasil passa a ter\u00a0<span class=\"Apple-style-span\">sete zonas de preserva\u00e7\u00e3o cadastradas na projeto<\/span>, que \u00e9 uma iniciativa de coopera\u00e7\u00e3o da Organiza\u00e7\u00e3o das Na\u00e7\u00f5es Unidas para a Educa\u00e7\u00e3o, Ci\u00eancia e Cultura (<a href=\"http:\/\/www.unesco.org\/new\/pt\/brasilia\/about-this-office\/single-view\/news\/brazil_reaches_seven_reserves_in_the_world_network_of_biosph\/\">Unesco<\/a>) para preservar s\u00edtios naturais.<\/p>\n<p>A reserva da\u00a0<span class=\"Apple-style-span\">Mata Atl\u00e2ntica<\/span>\u00a0apresenta uma das maiores biodiversidades do Brasil, com todos os tipos de forma\u00e7\u00f5es florestais e outros ecossistemas terrestres e marinhos que fazem parte do Dom\u00ednio Mata Atl\u00e2ntica (DMA).<\/p>\n<p>O\u00a0<span class=\"Apple-style-span\">Cintur\u00e3o Verde<\/span>\u00a0tamb\u00e9m \u00e9 composto de vegeta\u00e7\u00e3o do DMA e \u00e9 um dos poucos exemplos no mundo de\u00a0<span class=\"Apple-style-span\">Reserva da Biosfera em ambiente urbanizado<\/span>. Essa particularidade faz com que as necessidades de prote\u00e7\u00e3o do Cintur\u00e3o sejam diferentes das identificadas para a outra reserva. O trabalho de conscientiza\u00e7\u00e3o e engajamento do p\u00fablico, por exemplo, sobretudo dos jovens, est\u00e1 entre as principais a\u00e7\u00f5es de conserva\u00e7\u00e3o para o Cintur\u00e3o.<\/p>\n<p>As duas reservas trabalhavam de forma colaborativa, mas j\u00e1 possu\u00edam gest\u00f5es separadas. Com a nova divis\u00e3o, a Unesco espera que\u00a0<span class=\"Apple-style-span\">cada uma delas receba mais reconhecimento internacional<\/span>\u00a0e, com isso, mais recursos para as estrat\u00e9gias de conserva\u00e7\u00e3o. De acordo com a ag\u00eancia da ONU, a nomea\u00e7\u00e3o oficial na Rede Mundial de Reservas da Biosfera incentiva esfor\u00e7os de preserva\u00e7\u00e3o que levam em conta os desafios singulares de cada local.<\/p>\n<div class=\"midiaConteudoMateria\"><\/div>\n<p>Al\u00e9m da separa\u00e7\u00e3o dessas \u00e1reas, a Coordena\u00e7\u00e3o Internacional do Programa O Homem e a Biosfera (tamb\u00e9m conhecido pela sigla MaB, em ingl\u00eas) determinou a inclus\u00e3o de 23 novas reservas na Rede Mundial de Reservas da Biosfera.<\/p>\n<p>Tamb\u00e9m foram aprovadas 11 amplia\u00e7\u00f5es concedidas a reservas j\u00e1 existentes. Atualmente, a Rede conta com 669 reservas em 120 pa\u00edses, incluindo 20 zonas transfronteiri\u00e7as. A atualiza\u00e7\u00e3o do mapeamento foi feita em junho, durante reuni\u00e3o da Coordena\u00e7\u00e3o Internacional em Paris.<\/p>\n","protected":false},"excerpt":{"rendered":"<p>Reservas da Mata Atl\u00e2ntica e do Cintur\u00e3o Verde da cidade de S\u00e3o Paulo foram separadas<\/p>\n","protected":false},"author":2,"featured_media":70121,"comment_status":"open","ping_status":"open","sticky":false,"template":"","format":"standard","meta":[],"categories":[],"tags":[],"uagb_featured_image_src":{"full":["https:\/\/espacoecologico.com.br\/arquivo\/wp-content\/uploads\/2017\/08\/preserva\u00e7ao.jpg",415,265,false],"thumbnail":["https:\/\/espacoecologico.com.br\/arquivo\/wp-content\/uploads\/2017\/08\/preserva\u00e7ao-150x150.jpg",150,150,true],"medium":["https:\/\/espacoecologico.com.br\/arquivo\/wp-content\/uploads\/2017\/08\/preserva\u00e7ao-300x192.jpg",300,192,true],"medium_large":["https:\/\/espacoecologico.com.br\/arquivo\/wp-content\/uploads\/2017\/08\/preserva\u00e7ao.jpg",415,265,false],"large":["https:\/\/espacoecologico.com.br\/arquivo\/wp-content\/uploads\/2017\/08\/preserva\u00e7ao.jpg",415,265,false],"1536x1536":["https:\/\/espacoecologico.com.br\/arquivo\/wp-content\/uploads\/2017\/08\/preserva\u00e7ao.jpg",415,265,false],"2048x2048":["https:\/\/espacoecologico.com.br\/arquivo\/wp-content\/uploads\/2017\/08\/preserva\u00e7ao.jpg",415,265,false],"cream-magazine-thumbnail-2":["https:\/\/espacoecologico.com.br\/arquivo\/wp-content\/uploads\/2017\/08\/preserva\u00e7ao.jpg",415,265,false],"cream-magazine-thumbnail-3":["https:\/\/espacoecologico.com.br\/arquivo\/wp-content\/uploads\/2017\/08\/preserva\u00e7ao.jpg",415,265,false],"cream-magazine-thumbnail-4":["https:\/\/espacoecologico.com.br\/arquivo\/wp-content\/uploads\/2017\/08\/preserva\u00e7ao.jpg",415,265,false]},"uagb_author_info":{"display_name":"","author_link":"https:\/\/espacoecologico.com.br\/arquivo\/author\/"},"uagb_comment_info":0,"uagb_excerpt":"Reservas da Mata Atl\u00e2ntica e do Cintur\u00e3o Verde da cidade de S\u00e3o Paulo foram separadas","_links":{"self":[{"href":"https:\/\/espacoecologico.com.br\/arquivo\/wp-json\/wp\/v2\/posts\/70120"}],"collection":[{"href":"https:\/\/espacoecologico.com.br\/arquivo\/wp-json\/wp\/v2\/posts"}],"about":[{"href":"https:\/\/espacoecologico.com.br\/arquivo\/wp-json\/wp\/v2\/types\/post"}],"author":[{"embeddable":true,"href":"https:\/\/espacoecologico.com.br\/arquivo\/wp-json\/wp\/v2\/users\/2"}],"replies":[{"embeddable":true,"href":"https:\/\/espacoecologico.com.br\/arquivo\/wp-json\/wp\/v2\/comments?post=70120"}],"version-history":[{"count":0,"href":"https:\/\/espacoecologico.com.br\/arquivo\/wp-json\/wp\/v2\/posts\/70120\/revisions"}],"wp:featuredmedia":[{"embeddable":true,"href":"https:\/\/espacoecologico.com.br\/arquivo\/wp-json\/wp\/v2\/media\/70121"}],"wp:attachment":[{"href":"https:\/\/espacoecologico.com.br\/arquivo\/wp-json\/wp\/v2\/media?parent=70120"}],"wp:term":[{"taxonomy":"category","embeddable":true,"href":"https:\/\/espacoecologico.com.br\/arquivo\/wp-json\/wp\/v2\/categories?post=70120"},{"taxonomy":"post_tag","embeddable":true,"href":"https:\/\/espacoecologico.com.br\/arquivo\/wp-json\/wp\/v2\/tags?post=70120"}],"curies":[{"name":"wp","href":"https:\/\/api.w.org\/{rel}","templated":true}]}}