{"id":60450,"date":"2017-02-22T12:00:55","date_gmt":"2017-02-22T15:00:55","guid":{"rendered":"https:\/\/espacoecologico.com.br\/arquivo\/?p=60450"},"modified":"2017-02-21T20:27:04","modified_gmt":"2017-02-21T23:27:04","slug":"experimento-com-ratos-mostra-que-zika-aumenta-chance-de-aborto-no-inicio-da-gravidez","status":"publish","type":"post","link":"https:\/\/espacoecologico.com.br\/arquivo\/experimento-com-ratos-mostra-que-zika-aumenta-chance-de-aborto-no-inicio-da-gravidez\/","title":{"rendered":"Experimento com ratos mostra que zika aumenta chance de aborto no in\u00edcio da gravidez"},"content":{"rendered":"<div class=\"mc-column content-text active-extra-styles active-capital-letter\" data-block-type=\"unstyled\" data-block-weight=\"43\">\n<p class=\"content-text__container theme-color-primary-first-letter\" data-track-category=\"Link no Texto\" data-track-links=\"\"><img loading=\"lazy\" class=\"alignleft size-medium wp-image-60451\" src=\"https:\/\/espacoecologico.com.br\/arquivo\/wp-content\/uploads\/2017\/02\/gravidez-300x192.jpg\" alt=\"\" width=\"300\" height=\"192\" srcset=\"https:\/\/espacoecologico.com.br\/arquivo\/wp-content\/uploads\/2017\/02\/gravidez-300x192.jpg 300w, https:\/\/espacoecologico.com.br\/arquivo\/wp-content\/uploads\/2017\/02\/gravidez.jpg 415w\" sizes=\"(max-width: 300px) 100vw, 300px\" \/>Pesquisadores da Universidade Johns Jopkins, nos Estados Unidos, demonstraram por meio de um estudo com ratos que h\u00e1 maior chance de aborto espont\u00e2neo devido \u00e0 infec\u00e7\u00e3o por zika no primeiro trimestre de gesta\u00e7\u00e3o. O estudo foi publicado nesta ter\u00e7a-feira (21) na &#8220;Nature Communications&#8221;.<\/p>\n<\/div>\n<div class=\"mc-column content-text active-extra-styles \" data-block-type=\"unstyled\" data-block-weight=\"52\">\n<p class=\"content-text__container \" data-track-category=\"Link no Texto\" data-track-links=\"\">Outros estudos j\u00e1 haviam demonstrado que o v\u00edrus da zika pode atravessar a placenta, estrutura respons\u00e1vel por proteger o feto na barriga da m\u00e3e. Sabra L. Klein, imunologista e coautora do artigo, desenvolveu junto a seus colegas um modelo de rato com um sistema imune mais parecido com o dos seres humanos.<\/p>\n<\/div>\n<div class=\"mc-column content-text active-extra-styles \" data-block-type=\"unstyled\" data-block-weight=\"46\">\n<p class=\"content-text__container \" data-track-category=\"Link no Texto\" data-track-links=\"\">O grupo de cientistas injetou cepas diferentes do v\u00edrus da zika nos animais. Usaram o tipo encontrado nos surtos na Nig\u00e9ria e no Camboja, em 1968 e 2010, respectivamente. E aplicaram nos ratos o zika mais recente detectado nas epidemias no Brasil e em Porto Rico.<\/p>\n<\/div>\n<div class=\"mc-column content-text active-extra-styles \" data-block-type=\"unstyled\" data-block-weight=\"67\">\n<p class=\"content-text__container \" data-track-category=\"Link no Texto\" data-track-links=\"\">A viabilidade da gesta\u00e7\u00e3o ocorreu para 71% das gesta\u00e7\u00f5es da cepa mais antiga e para 56% para o v\u00edrus mais recente. Ou seja: h\u00e1 uma taxa de abortos que varia entre 29% e 44% ap\u00f3s a infec\u00e7\u00e3o. De acordo com o estudo, isso pode ocorrer por uma infinidade de fatores, j\u00e1 que a rela\u00e7\u00e3o entre o zika e a perda dos fetos ainda n\u00e3o foi totalmente estudada.<\/p>\n<\/div>\n<div class=\"mc-column content-text active-extra-styles \" data-block-type=\"unstyled\" data-block-weight=\"37\">\n<p class=\"content-text__container \" data-track-category=\"Link no Texto\" data-track-links=\"\">Outra fator \u00e9 que, quando a infec\u00e7\u00e3o dos ratos ocorreu no segundo trimestre de gravidez, o n\u00famero de abortos foi menor. Isso sugere, segundo o artigo, que h\u00e1 menos vulnerabilidade ao v\u00edrus com o decorrer da gesta\u00e7\u00e3o.<\/p>\n<\/div>\n<div class=\"mc-column content-text active-extra-styles \" data-block-type=\"unstyled\" data-block-weight=\"59\">\n<p class=\"content-text__container \" data-track-category=\"Link no Texto\" data-track-links=\"\">&#8220;Precisamos encontrar uma forma de impedir a transmiss\u00e3o do zika atrav\u00e9s da placenta para o feto, porque \u00e9 onde o dano \u00e9 causado&#8221;, disse Klein. &#8220;Nas placentas dos nossos ratos, vemos uma defesa contra o v\u00edrus que \u00e9 montada, mas n\u00e3o \u00e9 suficiente, especialmente no in\u00edcio da gravidez, tempo que corresponde ao primeiro trimestre da gesta\u00e7\u00e3o dos seres humanos&#8221;.<\/p>\n<\/div>\n<div class=\"mc-column content-text active-extra-styles \" data-block-type=\"unstyled\" data-block-weight=\"53\">\n<p class=\"content-text__container \" data-track-category=\"Link no Texto\" data-track-links=\"\">Os pesquisadores tamb\u00e9m observaram como funciona a ativa\u00e7\u00e3o das defesas do corpo contra o v\u00edrus nas placentas dos ratos utilizados durante a pesquisa. Eles identificaram alguns receptores em c\u00e9lulas da placenta usados pelo v\u00edrus para chegar at\u00e9 o feto. Tais receptores podem ser alvos potenciais para tratamentos contra a doen\u00e7a, disseram os professores.<\/p>\n<\/div>\n","protected":false},"excerpt":{"rendered":"<p>Pesquisadores da Universidade Johns Jopkins, nos Estados Unidos, demonstraram por meio de um estudo com<\/p>\n","protected":false},"author":7,"featured_media":60451,"comment_status":"open","ping_status":"open","sticky":false,"template":"","format":"standard","meta":[],"categories":[],"tags":[],"uagb_featured_image_src":{"full":["https:\/\/espacoecologico.com.br\/arquivo\/wp-content\/uploads\/2017\/02\/gravidez.jpg",415,265,false],"thumbnail":["https:\/\/espacoecologico.com.br\/arquivo\/wp-content\/uploads\/2017\/02\/gravidez-150x150.jpg",150,150,true],"medium":["https:\/\/espacoecologico.com.br\/arquivo\/wp-content\/uploads\/2017\/02\/gravidez-300x192.jpg",300,192,true],"medium_large":["https:\/\/espacoecologico.com.br\/arquivo\/wp-content\/uploads\/2017\/02\/gravidez.jpg",415,265,false],"large":["https:\/\/espacoecologico.com.br\/arquivo\/wp-content\/uploads\/2017\/02\/gravidez.jpg",415,265,false],"1536x1536":["https:\/\/espacoecologico.com.br\/arquivo\/wp-content\/uploads\/2017\/02\/gravidez.jpg",415,265,false],"2048x2048":["https:\/\/espacoecologico.com.br\/arquivo\/wp-content\/uploads\/2017\/02\/gravidez.jpg",415,265,false],"cream-magazine-thumbnail-2":["https:\/\/espacoecologico.com.br\/arquivo\/wp-content\/uploads\/2017\/02\/gravidez.jpg",415,265,false],"cream-magazine-thumbnail-3":["https:\/\/espacoecologico.com.br\/arquivo\/wp-content\/uploads\/2017\/02\/gravidez.jpg",415,265,false],"cream-magazine-thumbnail-4":["https:\/\/espacoecologico.com.br\/arquivo\/wp-content\/uploads\/2017\/02\/gravidez.jpg",415,265,false]},"uagb_author_info":{"display_name":"","author_link":"https:\/\/espacoecologico.com.br\/arquivo\/author\/"},"uagb_comment_info":0,"uagb_excerpt":"Pesquisadores da Universidade Johns Jopkins, nos Estados Unidos, demonstraram por meio de um estudo com","_links":{"self":[{"href":"https:\/\/espacoecologico.com.br\/arquivo\/wp-json\/wp\/v2\/posts\/60450"}],"collection":[{"href":"https:\/\/espacoecologico.com.br\/arquivo\/wp-json\/wp\/v2\/posts"}],"about":[{"href":"https:\/\/espacoecologico.com.br\/arquivo\/wp-json\/wp\/v2\/types\/post"}],"author":[{"embeddable":true,"href":"https:\/\/espacoecologico.com.br\/arquivo\/wp-json\/wp\/v2\/users\/7"}],"replies":[{"embeddable":true,"href":"https:\/\/espacoecologico.com.br\/arquivo\/wp-json\/wp\/v2\/comments?post=60450"}],"version-history":[{"count":0,"href":"https:\/\/espacoecologico.com.br\/arquivo\/wp-json\/wp\/v2\/posts\/60450\/revisions"}],"wp:featuredmedia":[{"embeddable":true,"href":"https:\/\/espacoecologico.com.br\/arquivo\/wp-json\/wp\/v2\/media\/60451"}],"wp:attachment":[{"href":"https:\/\/espacoecologico.com.br\/arquivo\/wp-json\/wp\/v2\/media?parent=60450"}],"wp:term":[{"taxonomy":"category","embeddable":true,"href":"https:\/\/espacoecologico.com.br\/arquivo\/wp-json\/wp\/v2\/categories?post=60450"},{"taxonomy":"post_tag","embeddable":true,"href":"https:\/\/espacoecologico.com.br\/arquivo\/wp-json\/wp\/v2\/tags?post=60450"}],"curies":[{"name":"wp","href":"https:\/\/api.w.org\/{rel}","templated":true}]}}