{"id":60445,"date":"2017-02-22T11:00:29","date_gmt":"2017-02-22T14:00:29","guid":{"rendered":"https:\/\/espacoecologico.com.br\/arquivo\/?p=60445"},"modified":"2017-02-21T20:10:30","modified_gmt":"2017-02-21T23:10:30","slug":"seca-provoca-deslocamento-de-135-mil-pessoas-na-somalis-alerta-acnur","status":"publish","type":"post","link":"https:\/\/espacoecologico.com.br\/arquivo\/seca-provoca-deslocamento-de-135-mil-pessoas-na-somalis-alerta-acnur\/","title":{"rendered":"Seca provoca deslocamento de 135 mil pessoas na somalis, alerta Acnur"},"content":{"rendered":"<p><a href=\"https:\/\/espacoecologico.com.br\/arquivo\/?attachment_id=60446\" rel=\"attachment wp-att-60446\"><img loading=\"lazy\" class=\"alignleft size-medium wp-image-60446\" src=\"https:\/\/espacoecologico.com.br\/arquivo\/wp-content\/uploads\/2017\/02\/seca-3-300x192.jpg\" alt=\"\" width=\"300\" height=\"192\" srcset=\"https:\/\/espacoecologico.com.br\/arquivo\/wp-content\/uploads\/2017\/02\/seca-3-300x192.jpg 300w, https:\/\/espacoecologico.com.br\/arquivo\/wp-content\/uploads\/2017\/02\/seca-3.jpg 415w\" sizes=\"(max-width: 300px) 100vw, 300px\" \/><\/a>A seca deslocou mais de 135 mil pessoas na Som\u00e1lia desde novembro, segundo dados recolhidos pela Ag\u00eancia da ONU para os Refugiados (Acnur) e pelo Conselho Noruegu\u00eas para Refugiados (NRC), motivo pelo qual foi pedida uma a\u00e7\u00e3o &#8220;r\u00e1pida e substancial&#8221; no pa\u00eds, al\u00e9m de financiamento adequado.<\/p>\n<p>A Acnur voltou a ressaltar que \u00e9 preciso evitar uma crise de fome e para n\u00e3o se repetir o que ocorreu em 2011, quando cerca de 250 mil pessoas morreram, mais da metade menores de cinco anos.<\/p>\n<p>Segundo as autoridades em Puntland, mais de 20 mil fam\u00edlias se deslocaram \u00e0 regi\u00e3o de Bari e 1.638 necessitam assist\u00eancia emergencial na cidade Galkayo, ao norte.<\/p>\n<p>As pessoas est\u00e3o abandonando as casas devido \u00e0 seca, ao aumento dos pre\u00e7os dos alimentos, \u00e0s previs\u00f5es meteorol\u00f3gicas desfavor\u00e1veis e \u00e0 falta de seguran\u00e7a constante e est\u00e3o se mudando para \u00e1reas urbanas, explicou Acnur em comunicado. Entre os destinos est\u00e3o Mogad\u00edscio e a cidade de Baidoa.<\/p>\n<p>O governo se esfor\u00e7a para levar ajuda \u00e0 popula\u00e7\u00e3o em seus pr\u00f3prios distritos, para evitar que as pessoas tenham que fazer a p\u00e9 o longo caminho de busca por assist\u00eancia.<\/p>\n<p>De acordo com a Acnur, h\u00e1 informa\u00e7\u00f5es que j\u00e1 apontam mortes e doen\u00e7as. No domingo, a ag\u00eancia recebeu informa\u00e7\u00f5es sobre 38 mortes devido \u00e0 seca na regi\u00e3o de Bakool, no centro-sul da Som\u00e1lia. Os casos m\u00e9dicos incluem desnutri\u00e7\u00e3o aguda, especialmente em crian\u00e7as, diarreia e c\u00f3lera.<\/p>\n<p>A seca tamb\u00e9m obriga algumas pessoas a fugirem do pa\u00eds. Desde o come\u00e7o do ano, mais de 3.770 pessoas chegaram a Melkadida, na Eti\u00f3pia, e a desnutri\u00e7\u00e3o aguda afeta cerca de 75% das crian\u00e7as refugiadas. Ainda n\u00e3o h\u00e1 registros de &#8220;movimenta\u00e7\u00f5es substanciais&#8221; no Qu\u00eania, segundo a Acnur.<\/p>\n","protected":false},"excerpt":{"rendered":"<p>A seca deslocou mais de 135 mil pessoas na Som\u00e1lia desde novembro, segundo dados recolhidos<\/p>\n","protected":false},"author":7,"featured_media":60446,"comment_status":"open","ping_status":"open","sticky":false,"template":"","format":"standard","meta":[],"categories":[],"tags":[],"uagb_featured_image_src":{"full":["https:\/\/espacoecologico.com.br\/arquivo\/wp-content\/uploads\/2017\/02\/seca-3.jpg",415,265,false],"thumbnail":["https:\/\/espacoecologico.com.br\/arquivo\/wp-content\/uploads\/2017\/02\/seca-3-150x150.jpg",150,150,true],"medium":["https:\/\/espacoecologico.com.br\/arquivo\/wp-content\/uploads\/2017\/02\/seca-3-300x192.jpg",300,192,true],"medium_large":["https:\/\/espacoecologico.com.br\/arquivo\/wp-content\/uploads\/2017\/02\/seca-3.jpg",415,265,false],"large":["https:\/\/espacoecologico.com.br\/arquivo\/wp-content\/uploads\/2017\/02\/seca-3.jpg",415,265,false],"1536x1536":["https:\/\/espacoecologico.com.br\/arquivo\/wp-content\/uploads\/2017\/02\/seca-3.jpg",415,265,false],"2048x2048":["https:\/\/espacoecologico.com.br\/arquivo\/wp-content\/uploads\/2017\/02\/seca-3.jpg",415,265,false],"cream-magazine-thumbnail-2":["https:\/\/espacoecologico.com.br\/arquivo\/wp-content\/uploads\/2017\/02\/seca-3.jpg",415,265,false],"cream-magazine-thumbnail-3":["https:\/\/espacoecologico.com.br\/arquivo\/wp-content\/uploads\/2017\/02\/seca-3.jpg",415,265,false],"cream-magazine-thumbnail-4":["https:\/\/espacoecologico.com.br\/arquivo\/wp-content\/uploads\/2017\/02\/seca-3.jpg",415,265,false]},"uagb_author_info":{"display_name":"","author_link":"https:\/\/espacoecologico.com.br\/arquivo\/author\/"},"uagb_comment_info":0,"uagb_excerpt":"A seca deslocou mais de 135 mil pessoas na Som\u00e1lia desde novembro, segundo dados recolhidos","_links":{"self":[{"href":"https:\/\/espacoecologico.com.br\/arquivo\/wp-json\/wp\/v2\/posts\/60445"}],"collection":[{"href":"https:\/\/espacoecologico.com.br\/arquivo\/wp-json\/wp\/v2\/posts"}],"about":[{"href":"https:\/\/espacoecologico.com.br\/arquivo\/wp-json\/wp\/v2\/types\/post"}],"author":[{"embeddable":true,"href":"https:\/\/espacoecologico.com.br\/arquivo\/wp-json\/wp\/v2\/users\/7"}],"replies":[{"embeddable":true,"href":"https:\/\/espacoecologico.com.br\/arquivo\/wp-json\/wp\/v2\/comments?post=60445"}],"version-history":[{"count":0,"href":"https:\/\/espacoecologico.com.br\/arquivo\/wp-json\/wp\/v2\/posts\/60445\/revisions"}],"wp:featuredmedia":[{"embeddable":true,"href":"https:\/\/espacoecologico.com.br\/arquivo\/wp-json\/wp\/v2\/media\/60446"}],"wp:attachment":[{"href":"https:\/\/espacoecologico.com.br\/arquivo\/wp-json\/wp\/v2\/media?parent=60445"}],"wp:term":[{"taxonomy":"category","embeddable":true,"href":"https:\/\/espacoecologico.com.br\/arquivo\/wp-json\/wp\/v2\/categories?post=60445"},{"taxonomy":"post_tag","embeddable":true,"href":"https:\/\/espacoecologico.com.br\/arquivo\/wp-json\/wp\/v2\/tags?post=60445"}],"curies":[{"name":"wp","href":"https:\/\/api.w.org\/{rel}","templated":true}]}}