{"id":60435,"date":"2017-02-22T09:00:57","date_gmt":"2017-02-22T12:00:57","guid":{"rendered":"https:\/\/espacoecologico.com.br\/arquivo\/?p=60435"},"modified":"2017-02-22T08:28:48","modified_gmt":"2017-02-22T11:28:48","slug":"china-tera-primeiro-aeroporto-de-aves-migratorias-do-mundo","status":"publish","type":"post","link":"https:\/\/espacoecologico.com.br\/arquivo\/china-tera-primeiro-aeroporto-de-aves-migratorias-do-mundo\/","title":{"rendered":"China ter\u00e1 primeiro \u201caeroporto\u201d de aves migrat\u00f3rias do mundo, no Mar Amarelo"},"content":{"rendered":"<p><a href=\"https:\/\/espacoecologico.com.br\/arquivo\/?attachment_id=60436\" rel=\"attachment wp-att-60436\"><img loading=\"lazy\" class=\"alignleft size-medium wp-image-60436\" src=\"https:\/\/espacoecologico.com.br\/arquivo\/wp-content\/uploads\/2017\/02\/passaro-300x192.jpg\" alt=\"\" width=\"300\" height=\"192\" srcset=\"https:\/\/espacoecologico.com.br\/arquivo\/wp-content\/uploads\/2017\/02\/passaro-300x192.jpg 300w, https:\/\/espacoecologico.com.br\/arquivo\/wp-content\/uploads\/2017\/02\/passaro.jpg 415w\" sizes=\"(max-width: 300px) 100vw, 300px\" \/><\/a>Todos os anos, centenas de milhares de aves atravessam continentes em busca de um lugar com boas condi\u00e7\u00f5es para reprodu\u00e7\u00e3o ou simplesmente mais agrad\u00e1vel, longe da severidade do inverno. A rota leste asi\u00e1tico-australiana \u00e9 uma das mais importantes para aves migrat\u00f3rias aqu\u00e1ticas e tamb\u00e9m uma das mais amea\u00e7adas do mundo.<\/p>\n<p>Atravessando mais de 20 pa\u00edses, da Nova Zel\u00e2ndia ao Alasca, e cobrindo a maior parte do leste asi\u00e1tico e oeste do Pac\u00edfico, ela sofre com a perda de habitats para o avan\u00e7o de cidades e com a fragmenta\u00e7\u00e3o dos seus ecossistemas naturais, que servem de apoio para as aves migrat\u00f3rias.<\/p>\n<p>A vida no c\u00e9u \u00e9 dif\u00edcil \u2014\u00a0algumas aves<b>\u00a0<\/b>chegam a percorrer 11 mil km durante 10 dias sem comida ou \u00e1gua. Em uma tentativa de aumentar o habitat desses<strong><a href=\"http:\/\/exame.abril.com.br\/noticias-sobre\/animais\/\" target=\"_blank\"> animais<\/a><\/strong>, a prov\u00edncia de Tianjin, na <strong><a href=\"http:\/\/exame.abril.com.br\/noticias-sobre\/china\" target=\"_blank\">China<\/a><\/strong>, com financiamento do Banco Asi\u00e1tico de Desenvolvimento, vai construir o primeiro \u201caeroporto\u201d para aves migrat\u00f3rias do mundo, no Mar Amarelo.<\/p>\n<div id=\"attachment_2352420\" class=\"wp-caption alignnone\" style=\"width: 649px;\">\n<p><img loading=\"lazy\" class=\"alignnone wp-image-2352420\" title=\"aeroporto-bird\" src=\"https:\/\/abrilexame.files.wordpress.com\/2017\/02\/aeroporto-bird.jpg?quality=70&amp;strip=all&amp;strip=all\" sizes=\"(max-width: 680px) 100vw, 680px\" srcset=\"https:\/\/abrilexame.files.wordpress.com\/2017\/02\/aeroporto-bird.jpg 680w, https:\/\/abrilexame.files.wordpress.com\/2017\/02\/aeroporto-bird.jpg?quality=70&amp;strip=all 150w, https:\/\/abrilexame.files.wordpress.com\/2017\/02\/aeroporto-bird.jpg?quality=70&amp;strip=all 300w\" alt=\"Santu\u00e1rio de Aves de Lingang , na China\" width=\"639\" height=\"426\" border=\"0\" data-attachment-id=\"2352420\" data-permalink=\"http:\/\/exame.abril.com.br\/ciencia\/china-tera-primeiro-aeroporto-de-aves-migratorias-do-mundo\/attachment\/aeroporto-bird\/\" data-orig-file=\"https:\/\/abrilexame.files.wordpress.com\/2017\/02\/aeroporto-bird.jpg?quality=70&amp;strip=all\" data-orig-size=\"680,453\" data-comments-opened=\"1\" data-image-meta=\"{&quot;aperture&quot;:&quot;0&quot;,&quot;credit&quot;:&quot;&quot;,&quot;camera&quot;:&quot;&quot;,&quot;caption&quot;:&quot;&quot;,&quot;created_timestamp&quot;:&quot;0&quot;,&quot;copyright&quot;:&quot;&quot;,&quot;focal_length&quot;:&quot;0&quot;,&quot;iso&quot;:&quot;0&quot;,&quot;shutter_speed&quot;:&quot;0&quot;,&quot;title&quot;:&quot;&quot;,&quot;orientation&quot;:&quot;0&quot;}\" data-image-title=\"aeroporto-bird\" data-image-description=\"&lt;p&gt;Santu\u00e1rio de Aves de Lingang &lt;\/p&gt; \" data-medium-file=\"https:\/\/abrilexame.files.wordpress.com\/2017\/02\/aeroporto-bird.jpg?quality=70&amp;strip=all&amp;w=300\" data-large-file=\"https:\/\/abrilexame.files.wordpress.com\/2017\/02\/aeroporto-bird.jpg?quality=70&amp;strip=all&amp;w=680\" data-restrict=\"false\" \/><\/p>\n<p class=\"wp-caption-text\">(McGregor Coxall\/Reprodu\u00e7\u00e3o)<\/p>\n<\/div>\n<p>A regi\u00e3o lan\u00e7ou um concurso de <strong><a href=\"http:\/\/exame.abril.com.br\/noticias-sobre\/ecodesign\/\" target=\"_blank\">design<\/a><\/strong> internacional para escolher um projeto bem especial. Na proposta vencedora, do escrit\u00f3rio <a href=\"https:\/\/mcgregorcoxall.com\/\" target=\"_blank\">McGregor Coxall<\/a>, o Santu\u00e1rio de Aves de Lingang reproduz as condi\u00e7\u00f5es ambientais ideais\u00a0para atrair e oferecer ref\u00fagio para v\u00e1rias esp\u00e9cies de aves amea\u00e7adas de <strong><a href=\"http:\/\/exame.abril.com.br\/noticias-sobre\/animais-em-extincao\/\" target=\"_blank\">extin\u00e7\u00e3o.<\/a><\/strong><\/p>\n<p><img loading=\"lazy\" class=\" wp-image-2352417\" title=\"aero-bird\" src=\"https:\/\/abrilexame.files.wordpress.com\/2017\/02\/aero-bird.jpg?quality=70&amp;strip=all&amp;strip=all\" sizes=\"(max-width: 680px) 100vw, 680px\" srcset=\"https:\/\/abrilexame.files.wordpress.com\/2017\/02\/aero-bird.jpg 680w, https:\/\/abrilexame.files.wordpress.com\/2017\/02\/aero-bird.jpg?quality=70&amp;strip=all 150w, https:\/\/abrilexame.files.wordpress.com\/2017\/02\/aero-bird.jpg?quality=70&amp;strip=all 300w\" alt=\"Santu\u00e1rio de Aves de Lingang , na China\" width=\"639\" height=\"426\" border=\"0\" data-attachment-id=\"2352417\" data-permalink=\"http:\/\/exame.abril.com.br\/ciencia\/china-tera-primeiro-aeroporto-de-aves-migratorias-do-mundo\/attachment\/aero-bird\/\" data-orig-file=\"https:\/\/abrilexame.files.wordpress.com\/2017\/02\/aero-bird.jpg?quality=70&amp;strip=all\" data-orig-size=\"680,453\" data-comments-opened=\"1\" data-image-meta=\"{&quot;aperture&quot;:&quot;0&quot;,&quot;credit&quot;:&quot;&quot;,&quot;camera&quot;:&quot;&quot;,&quot;caption&quot;:&quot;&quot;,&quot;created_timestamp&quot;:&quot;0&quot;,&quot;copyright&quot;:&quot;&quot;,&quot;focal_length&quot;:&quot;0&quot;,&quot;iso&quot;:&quot;0&quot;,&quot;shutter_speed&quot;:&quot;0&quot;,&quot;title&quot;:&quot;&quot;,&quot;orientation&quot;:&quot;0&quot;}\" data-image-title=\"aero-bird\" data-image-description=\"&lt;p&gt;Santu\u00e1rio de Aves de Lingang , na China&lt;\/p&gt; \" data-medium-file=\"https:\/\/abrilexame.files.wordpress.com\/2017\/02\/aero-bird.jpg?quality=70&amp;strip=all&amp;w=300\" data-large-file=\"https:\/\/abrilexame.files.wordpress.com\/2017\/02\/aero-bird.jpg?quality=70&amp;strip=all&amp;w=680\" data-restrict=\"false\" \/><\/p>\n<p>Abrangendo 600 mil metros quadrados (m\u00b2), a paisagem ser\u00e1 projetada especificamente para suportar as necessidades de mais de cinquenta esp\u00e9cies de p\u00e1ssaros em tr\u00eas habitats litor\u00e2neos diferentes, que incluem um lago com corredeiras suaves e manguezais.<\/p>\n<p>O local contar\u00e1 ainda com uma floresta de 20 mil m\u00b2 e um centro de visitantes e pesquisa de 3.500 m\u00b2 chamado Pavilh\u00e3o da \u00c1gua, al\u00e9m de 7 quil\u00f4metros de trilhas para recrea\u00e7\u00e3o.<\/p>\n<p>Espera-se que a constru\u00e7\u00e3o comece no final de 2017 e seja conclu\u00edda at\u00e9 2018.<\/p>\n","protected":false},"excerpt":{"rendered":"<p>Todos os anos, centenas de milhares de aves atravessam continentes em busca de um lugar<\/p>\n","protected":false},"author":7,"featured_media":60436,"comment_status":"open","ping_status":"open","sticky":false,"template":"","format":"standard","meta":[],"categories":[],"tags":[],"uagb_featured_image_src":{"full":["https:\/\/espacoecologico.com.br\/arquivo\/wp-content\/uploads\/2017\/02\/passaro.jpg",415,265,false],"thumbnail":["https:\/\/espacoecologico.com.br\/arquivo\/wp-content\/uploads\/2017\/02\/passaro-150x150.jpg",150,150,true],"medium":["https:\/\/espacoecologico.com.br\/arquivo\/wp-content\/uploads\/2017\/02\/passaro-300x192.jpg",300,192,true],"medium_large":["https:\/\/espacoecologico.com.br\/arquivo\/wp-content\/uploads\/2017\/02\/passaro.jpg",415,265,false],"large":["https:\/\/espacoecologico.com.br\/arquivo\/wp-content\/uploads\/2017\/02\/passaro.jpg",415,265,false],"1536x1536":["https:\/\/espacoecologico.com.br\/arquivo\/wp-content\/uploads\/2017\/02\/passaro.jpg",415,265,false],"2048x2048":["https:\/\/espacoecologico.com.br\/arquivo\/wp-content\/uploads\/2017\/02\/passaro.jpg",415,265,false],"cream-magazine-thumbnail-2":["https:\/\/espacoecologico.com.br\/arquivo\/wp-content\/uploads\/2017\/02\/passaro.jpg",415,265,false],"cream-magazine-thumbnail-3":["https:\/\/espacoecologico.com.br\/arquivo\/wp-content\/uploads\/2017\/02\/passaro.jpg",415,265,false],"cream-magazine-thumbnail-4":["https:\/\/espacoecologico.com.br\/arquivo\/wp-content\/uploads\/2017\/02\/passaro.jpg",415,265,false]},"uagb_author_info":{"display_name":"","author_link":"https:\/\/espacoecologico.com.br\/arquivo\/author\/"},"uagb_comment_info":0,"uagb_excerpt":"Todos os anos, centenas de milhares de aves atravessam continentes em busca de um lugar","_links":{"self":[{"href":"https:\/\/espacoecologico.com.br\/arquivo\/wp-json\/wp\/v2\/posts\/60435"}],"collection":[{"href":"https:\/\/espacoecologico.com.br\/arquivo\/wp-json\/wp\/v2\/posts"}],"about":[{"href":"https:\/\/espacoecologico.com.br\/arquivo\/wp-json\/wp\/v2\/types\/post"}],"author":[{"embeddable":true,"href":"https:\/\/espacoecologico.com.br\/arquivo\/wp-json\/wp\/v2\/users\/7"}],"replies":[{"embeddable":true,"href":"https:\/\/espacoecologico.com.br\/arquivo\/wp-json\/wp\/v2\/comments?post=60435"}],"version-history":[{"count":0,"href":"https:\/\/espacoecologico.com.br\/arquivo\/wp-json\/wp\/v2\/posts\/60435\/revisions"}],"wp:featuredmedia":[{"embeddable":true,"href":"https:\/\/espacoecologico.com.br\/arquivo\/wp-json\/wp\/v2\/media\/60436"}],"wp:attachment":[{"href":"https:\/\/espacoecologico.com.br\/arquivo\/wp-json\/wp\/v2\/media?parent=60435"}],"wp:term":[{"taxonomy":"category","embeddable":true,"href":"https:\/\/espacoecologico.com.br\/arquivo\/wp-json\/wp\/v2\/categories?post=60435"},{"taxonomy":"post_tag","embeddable":true,"href":"https:\/\/espacoecologico.com.br\/arquivo\/wp-json\/wp\/v2\/tags?post=60435"}],"curies":[{"name":"wp","href":"https:\/\/api.w.org\/{rel}","templated":true}]}}