{"id":60425,"date":"2017-02-22T07:00:45","date_gmt":"2017-02-22T10:00:45","guid":{"rendered":"https:\/\/espacoecologico.com.br\/arquivo\/?p=60425"},"modified":"2017-02-21T19:51:37","modified_gmt":"2017-02-21T22:51:37","slug":"mundo-florido-projeto-incentiva-troca-de-sementes-em-florianopolis","status":"publish","type":"post","link":"https:\/\/espacoecologico.com.br\/arquivo\/mundo-florido-projeto-incentiva-troca-de-sementes-em-florianopolis\/","title":{"rendered":"Mundo florido: projeto incentiva troca de sementes, em Florian\u00f3polis"},"content":{"rendered":"<p><a href=\"https:\/\/espacoecologico.com.br\/arquivo\/?attachment_id=60426\" rel=\"attachment wp-att-60426\"><img loading=\"lazy\" class=\"alignleft size-medium wp-image-60426\" src=\"https:\/\/espacoecologico.com.br\/arquivo\/wp-content\/uploads\/2017\/02\/semente_-300x192.jpg\" alt=\"\" width=\"300\" height=\"192\" srcset=\"https:\/\/espacoecologico.com.br\/arquivo\/wp-content\/uploads\/2017\/02\/semente_-300x192.jpg 300w, https:\/\/espacoecologico.com.br\/arquivo\/wp-content\/uploads\/2017\/02\/semente_.jpg 415w\" sizes=\"(max-width: 300px) 100vw, 300px\" \/><\/a>Com um espa\u00e7o em casa, em Florian\u00f3polis, a empres\u00e1ria Ana\u00edsa Catucci, de 32 anos, decidiu montar uma pequena horta com a ajuda do namorado. Algumas sementes sobraram e ela teve a ideia de presentear conhecidos. Para ver quem tinha interesse, ela fez um postagem nas redes sociais. Em menos de 24 horas j\u00e1 eram mais de 2 mil interessados &#8211; muito mais do que as sementes que haviam sobrado.<\/p>\n<p>&#8220;Para minha surpresa, a maior parte era de desconhecidos&#8221;, contou ela. Como gosta de escrever e sentia falta da troca de correspond\u00eancias, Ana\u00edsa havia dito em sua mensagem que enviaria as sementes por cartas, com um recado positivo e orienta\u00e7\u00f5es para plantio.<\/p>\n<p>Apesar de a ideia inicial ter tomado propor\u00e7\u00e3o maior do que esperava, a empres\u00e1ria decidiu que iria enviar as cartas mesmo assim. &#8220;Seriam jardins espalhados por a\u00ed cheios de gratid\u00e3o no cora\u00e7\u00e3o e tamb\u00e9m na rela\u00e7\u00e3o com o meio ambiente.&#8221;<\/p>\n<p>A ideia virou o projeto Sementes pelo Mundo. Ela buscou apoio em grupos de interessados em jardinagem e em troca de cartas. Com a ajuda das redes sociais, j\u00e1 foram organizados mutir\u00f5es para escrever os textos em Florian\u00f3polis, Rio e Palmas. H\u00e1 tamb\u00e9m iniciativas de S\u00e3o Paulo e da Bahia, de quem enviou algumas cartas com sementes. Ao todo, mais de 2 mil pessoas se inscreveram para receber as sementes.<\/p>\n<p>Com a grande procura, o projeto ainda n\u00e3o tem sementes para todos, mas procura parceria com produtores e aguarda a germina\u00e7\u00e3o. &#8220;Queremos enviar sementes org\u00e2nicas de urucum, acerola, manjeric\u00e3o, jabuticaba, ip\u00ea, hortali\u00e7as, flores e pancs (plantas aliment\u00edcias n\u00e3o convencionais, como a ora-pro-n\u00f3bis).&#8221;<\/p>\n<p>Entre os interessados em receber cartinhas, h\u00e1 pais que querem ensinar para os filhos como uma semente se desenvolve, uma banda de m\u00fasica e tamb\u00e9m pessoas doentes ou que perderam um familiar e encontraram apoio na jardinagem.<\/p>\n<h3>Mundo florido<\/h3>\n<p>Para a designer Adriana Costa, de 30 anos, participar do projeto foi uma forma de contribuir para um &#8220;mundo mais florido&#8221;. Ela \u00e9 dona de uma loja em S\u00e3o Paulo e conheceu a iniciativa por um grupo de jardinagem na internet. &#8220;H\u00e1 uns meses, comecei a achar que minha casa estava muito sem gra\u00e7a, sem cor. Decidi montar uma horta vertical e me apaixonei pelo cultivo&#8221;, afirma ela.<\/p>\n<p>Ana\u00edsa conta que n\u00e3o v\u00ea a hora de chegar a fase em que todos j\u00e1 tiverem recebido suas cartas e as sementes come\u00e7arem a germinar. &#8220;Quando as mensagens (com esses relatos) chegarem, a roda vai continuar a girar. Essa iniciativa vai se propagar, assim como o processo das sementes&#8221;, disse.<\/p>\n","protected":false},"excerpt":{"rendered":"<p>Com um espa\u00e7o em casa, em Florian\u00f3polis, a empres\u00e1ria Ana\u00edsa Catucci, de 32 anos, decidiu<\/p>\n","protected":false},"author":7,"featured_media":60426,"comment_status":"open","ping_status":"open","sticky":false,"template":"","format":"standard","meta":[],"categories":[],"tags":[],"uagb_featured_image_src":{"full":["https:\/\/espacoecologico.com.br\/arquivo\/wp-content\/uploads\/2017\/02\/semente_.jpg",415,265,false],"thumbnail":["https:\/\/espacoecologico.com.br\/arquivo\/wp-content\/uploads\/2017\/02\/semente_-150x150.jpg",150,150,true],"medium":["https:\/\/espacoecologico.com.br\/arquivo\/wp-content\/uploads\/2017\/02\/semente_-300x192.jpg",300,192,true],"medium_large":["https:\/\/espacoecologico.com.br\/arquivo\/wp-content\/uploads\/2017\/02\/semente_.jpg",415,265,false],"large":["https:\/\/espacoecologico.com.br\/arquivo\/wp-content\/uploads\/2017\/02\/semente_.jpg",415,265,false],"1536x1536":["https:\/\/espacoecologico.com.br\/arquivo\/wp-content\/uploads\/2017\/02\/semente_.jpg",415,265,false],"2048x2048":["https:\/\/espacoecologico.com.br\/arquivo\/wp-content\/uploads\/2017\/02\/semente_.jpg",415,265,false],"cream-magazine-thumbnail-2":["https:\/\/espacoecologico.com.br\/arquivo\/wp-content\/uploads\/2017\/02\/semente_.jpg",415,265,false],"cream-magazine-thumbnail-3":["https:\/\/espacoecologico.com.br\/arquivo\/wp-content\/uploads\/2017\/02\/semente_.jpg",415,265,false],"cream-magazine-thumbnail-4":["https:\/\/espacoecologico.com.br\/arquivo\/wp-content\/uploads\/2017\/02\/semente_.jpg",415,265,false]},"uagb_author_info":{"display_name":"","author_link":"https:\/\/espacoecologico.com.br\/arquivo\/author\/"},"uagb_comment_info":0,"uagb_excerpt":"Com um espa\u00e7o em casa, em Florian\u00f3polis, a empres\u00e1ria Ana\u00edsa Catucci, de 32 anos, decidiu","_links":{"self":[{"href":"https:\/\/espacoecologico.com.br\/arquivo\/wp-json\/wp\/v2\/posts\/60425"}],"collection":[{"href":"https:\/\/espacoecologico.com.br\/arquivo\/wp-json\/wp\/v2\/posts"}],"about":[{"href":"https:\/\/espacoecologico.com.br\/arquivo\/wp-json\/wp\/v2\/types\/post"}],"author":[{"embeddable":true,"href":"https:\/\/espacoecologico.com.br\/arquivo\/wp-json\/wp\/v2\/users\/7"}],"replies":[{"embeddable":true,"href":"https:\/\/espacoecologico.com.br\/arquivo\/wp-json\/wp\/v2\/comments?post=60425"}],"version-history":[{"count":0,"href":"https:\/\/espacoecologico.com.br\/arquivo\/wp-json\/wp\/v2\/posts\/60425\/revisions"}],"wp:featuredmedia":[{"embeddable":true,"href":"https:\/\/espacoecologico.com.br\/arquivo\/wp-json\/wp\/v2\/media\/60426"}],"wp:attachment":[{"href":"https:\/\/espacoecologico.com.br\/arquivo\/wp-json\/wp\/v2\/media?parent=60425"}],"wp:term":[{"taxonomy":"category","embeddable":true,"href":"https:\/\/espacoecologico.com.br\/arquivo\/wp-json\/wp\/v2\/categories?post=60425"},{"taxonomy":"post_tag","embeddable":true,"href":"https:\/\/espacoecologico.com.br\/arquivo\/wp-json\/wp\/v2\/tags?post=60425"}],"curies":[{"name":"wp","href":"https:\/\/api.w.org\/{rel}","templated":true}]}}