{"id":60418,"date":"2017-02-19T09:09:39","date_gmt":"2017-02-19T12:09:39","guid":{"rendered":"https:\/\/espacoecologico.com.br\/arquivo\/?p=60418"},"modified":"2017-02-21T09:12:47","modified_gmt":"2017-02-21T12:12:47","slug":"nova-pesquisa-afirma-que-caes-imitam-a-personalidade-dos-donos","status":"publish","type":"post","link":"https:\/\/espacoecologico.com.br\/arquivo\/nova-pesquisa-afirma-que-caes-imitam-a-personalidade-dos-donos\/","title":{"rendered":"Nova pesquisa afirma que c\u00e3es imitam a personalidade dos donos"},"content":{"rendered":"<p><img loading=\"lazy\" class=\"\" src=\"http:\/\/revistameupet.com.br\/upload\/imagens_upload\/pesquisa_caes_imitam_os_donos_central.jpg\" alt=\"\" width=\"640\" height=\"496\" \/>Uma pesquisa realizada por cientistas austr\u00edacos confirmou a nossa suspeita de que os c\u00e3es desenvolvem uma personalidade parecida com os donos.<\/p>\n<p>Os testes foram realizados com mais de cem c\u00e3es e seus humanos, em que os c\u00e3ezinhos foram avaliados pelos batimentos card\u00edacos, resposta a amea\u00e7as e n\u00edvel de cortisol &#8211; subst\u00e2ncia que controla nosso biorritmo, reduz inflama\u00e7\u00f5es e estimula a imunidade, considerada o horm\u00f4nio do estresse.<\/p>\n<p>A personalidade foi avaliada por um question\u00e1rio preenchido pelos pr\u00f3prios donos. J\u00e1 os humanos foram categorizados de acordo com caracter\u00edsticas de personalidade: neur\u00f3ticos, extrovertidos, abertos \u00e0s experi\u00eancias, af\u00e1veis e conscientes.<\/p>\n<p>Segundo a cientista Iris Schoberl, da Universidade de Viena, os cachorros s\u00e3o sens\u00edveis aos estados emocionais dos seus donos &#8211; e podem imitar suas emo\u00e7\u00f5es. O estudo mostrou que o ser humano \u00e9 mais influente do que os c\u00e3es, embora os dois influenciem seus respectivos mecanismos de imita\u00e7\u00e3o.<\/p>\n<p>&#8220;Nossos resultados comprovam aquilo que vemos na pr\u00e1tica: os c\u00e3es e seus donos s\u00e3o pares sociais e influenciam um ao outro na maneira como lidam com o estresse&#8221;, disse a cientista em entrevista \u00e0 BBC.<\/p>\n<p>De acordo com a pesquisa, eles ajustam seu comportamento a partir do emocional das pessoas. O estudo foi publicado na revista cient\u00edfica online PLOS ONE.<\/p>\n","protected":false},"excerpt":{"rendered":"<p>Uma pesquisa realizada por cientistas austr\u00edacos confirmou a nossa suspeita de que os c\u00e3es desenvolvem<\/p>\n","protected":false},"author":6,"featured_media":0,"comment_status":"open","ping_status":"open","sticky":false,"template":"","format":"standard","meta":[],"categories":[],"tags":[],"uagb_featured_image_src":{"full":false,"thumbnail":false,"medium":false,"medium_large":false,"large":false,"1536x1536":false,"2048x2048":false,"cream-magazine-thumbnail-2":false,"cream-magazine-thumbnail-3":false,"cream-magazine-thumbnail-4":false},"uagb_author_info":{"display_name":"","author_link":"https:\/\/espacoecologico.com.br\/arquivo\/author\/"},"uagb_comment_info":0,"uagb_excerpt":"Uma pesquisa realizada por cientistas austr\u00edacos confirmou a nossa suspeita de que os c\u00e3es desenvolvem","_links":{"self":[{"href":"https:\/\/espacoecologico.com.br\/arquivo\/wp-json\/wp\/v2\/posts\/60418"}],"collection":[{"href":"https:\/\/espacoecologico.com.br\/arquivo\/wp-json\/wp\/v2\/posts"}],"about":[{"href":"https:\/\/espacoecologico.com.br\/arquivo\/wp-json\/wp\/v2\/types\/post"}],"author":[{"embeddable":true,"href":"https:\/\/espacoecologico.com.br\/arquivo\/wp-json\/wp\/v2\/users\/6"}],"replies":[{"embeddable":true,"href":"https:\/\/espacoecologico.com.br\/arquivo\/wp-json\/wp\/v2\/comments?post=60418"}],"version-history":[{"count":0,"href":"https:\/\/espacoecologico.com.br\/arquivo\/wp-json\/wp\/v2\/posts\/60418\/revisions"}],"wp:attachment":[{"href":"https:\/\/espacoecologico.com.br\/arquivo\/wp-json\/wp\/v2\/media?parent=60418"}],"wp:term":[{"taxonomy":"category","embeddable":true,"href":"https:\/\/espacoecologico.com.br\/arquivo\/wp-json\/wp\/v2\/categories?post=60418"},{"taxonomy":"post_tag","embeddable":true,"href":"https:\/\/espacoecologico.com.br\/arquivo\/wp-json\/wp\/v2\/tags?post=60418"}],"curies":[{"name":"wp","href":"https:\/\/api.w.org\/{rel}","templated":true}]}}