{"id":60402,"date":"2017-02-21T15:00:55","date_gmt":"2017-02-21T18:00:55","guid":{"rendered":"https:\/\/espacoecologico.com.br\/arquivo\/?p=60402"},"modified":"2017-02-20T22:14:11","modified_gmt":"2017-02-21T01:14:11","slug":"nove-ervas-e-plantas-que-servem-como-remedios-naturais-e-que-podem-ser-cultivadas-em-casa-2","status":"publish","type":"post","link":"https:\/\/espacoecologico.com.br\/arquivo\/nove-ervas-e-plantas-que-servem-como-remedios-naturais-e-que-podem-ser-cultivadas-em-casa-2\/","title":{"rendered":"Nove ervas e plantas que servem como rem\u00e9dios naturais e que podem ser cultivadas em casa"},"content":{"rendered":"<p><a href=\"https:\/\/espacoecologico.com.br\/arquivo\/?attachment_id=60403\" rel=\"attachment wp-att-60403\"><img loading=\"lazy\" class=\"alignleft size-medium wp-image-60403\" src=\"https:\/\/espacoecologico.com.br\/arquivo\/wp-content\/uploads\/2017\/02\/plantas-300x192.jpg\" alt=\"\" width=\"300\" height=\"192\" srcset=\"https:\/\/espacoecologico.com.br\/arquivo\/wp-content\/uploads\/2017\/02\/plantas-300x192.jpg 300w, https:\/\/espacoecologico.com.br\/arquivo\/wp-content\/uploads\/2017\/02\/plantas.jpg 415w\" sizes=\"(max-width: 300px) 100vw, 300px\" \/><\/a>Se voc\u00ea acompanhou a mat\u00e9ria <a href=\"http:\/\/www.ecycle.com.br\/component\/content\/article\/67-dia-a-dia\/1914-nove-ervas-e-plantas-que-servem-como-remedios-naturais-e-que-podem-ser-cultivadas-em-casa.html\" target=\"_blank\">Nove ervas e plantas que servem como rem\u00e9dios naturais e que podem ser cultivadas em casa<\/a>, vai gostar de saber que separamos mais nove plantas que voc\u00ea pode ter em vasos ou na horta e que, se usadas da forma correta, trazem benef\u00edcios \u00e0 nossa sa\u00fade. Vamos l\u00e1:<\/p>\n<h2>Cenoura<\/h2>\n<div><img loading=\"lazy\" class=\"\" src=\"http:\/\/cdn.ecycle.com.br\/images\/eDicas\/diaadia\/ervas-medicinais\/cenoura-ervas-medicinais.jpg\" alt=\"Cenoura\" width=\"636\" height=\"390\" \/><\/div>\n<p>Precisa de bastante luminosidade e a terra n\u00e3o pode ter pedrinhas ou detritos para a raiz poder crescer sem obst\u00e1culos. Combate disfun\u00e7\u00f5es hormonais, resfriados e tem efeitos no funcionamento do intestino: \u00e9 antidiarreica, mas em excesso, acaba tendo o efeito contr\u00e1rio.<\/p>\n<h2>Erva de gato<\/h2>\n<div><img loading=\"lazy\" class=\"\" src=\"http:\/\/cdn.ecycle.com.br\/images\/eDicas\/diaadia\/ervas-medicinais\/erva-gato-ervas-medicinais.jpg\" alt=\"Erva de gato\" width=\"638\" height=\"391\" \/><\/div>\n<p>N\u00e3o s\u00e3o s\u00f3 os bichanos que ficam felizes com a erva. N\u00f3s tamb\u00e9m podemos tirar proveito, pois mastigar suas folhas ajuda a aliviar dores de dente e diminuir febres. Seu ch\u00e1 pode ser usado como <a href=\"http:\/\/www.motherearthliving.com\/health-and-wellness\/herbs-for-health-a-good-nights-sleep.aspx?PageId=2#axzz38loLITvR\" target=\"_blank\">calmante<\/a>. A planta se desenvolve melhor em climas frios e n\u00e3o precisa de muitas horas de sol por dia.<\/p>\n<h2>Alho<\/h2>\n<div><img loading=\"lazy\" class=\"\" src=\"http:\/\/cdn.ecycle.com.br\/images\/eDicas\/diaadia\/ervas-medicinais\/alho-ervas-medicinais.jpg\" alt=\"Alho\" width=\"639\" height=\"392\" \/><\/div>\n<p>Prefere locais com bastante ilumina\u00e7\u00e3o natural e o solo bem drenado. Acredita-se que plantar alho, no inverno, ajuda a produzir bulbos maiores. O alho atua como anticoagulante, bactericida e antioxidante, al\u00e9m de combater a congest\u00e3o nasal e ajudar a prevenir c\u00e2ncer no trato digestivo. Muitos m\u00e9dicos recomendam comer dois dentes de alho por dia para reduzir o colesterol.<\/p>\n<h2>Dente de le\u00e3o<\/h2>\n<div><img loading=\"lazy\" class=\"\" src=\"http:\/\/cdn.ecycle.com.br\/images\/eDicas\/diaadia\/ervas-medicinais\/dente-leao-ervas-medicinais.jpg\" alt=\"Dente de le\u00e3o\" width=\"640\" height=\"360\" \/><\/div>\n<p>Cresce como erva daninha em v\u00e1rios jardins, mas o que muita gente n\u00e3o sabe \u00e9 que sua flor \u00e9 docinha e as folhas mais novas ficam muito gostosas em saladas (as folhas que j\u00e1 cresceram h\u00e1 mais tempo s\u00e3o amargas, voc\u00ea pode gostar delas refogadas). A folha de dente de le\u00e3o possui mais ferro e c\u00e1lcio que o espinafre. Entre seus muitos benef\u00edcios, o mais conhecido \u00e9 a <a href=\"http:\/\/www.outramedicina.com\/1922\/cha-de-dente-de-leao-para-problemas-no-figado\" target=\"_blank\">estimula\u00e7\u00e3o da atividade do f\u00edgado<\/a>. O ch\u00e1 de dente de le\u00e3o auxilia o metabolismo hep\u00e1tico, eliminando toxinas com mais facilidade, e aumenta o fluxo biliar, ajudando na digest\u00e3o de gorduras. Mas cuidado: n\u00e3o use o dente de le\u00e3o se estiver gr\u00e1vida ou em tratamento com antibi\u00f3ticos, anticoagulantes, protetores g\u00e1stricos ou medicamentos a base de l\u00edtio.<\/p>\n<h2>Sals\u00e3o ou aipo<\/h2>\n<div><img loading=\"lazy\" class=\"\" src=\"http:\/\/cdn.ecycle.com.br\/images\/eDicas\/diaadia\/ervas-medicinais\/aipo-ervas-medicinais.jpg\" alt=\"Sals\u00e3o ou aipo\" width=\"640\" height=\"393\" \/><\/div>\n<p>Prefere climas mais amenos e a terra deve ser bem nutrida. O sals\u00e3o traz muitos benef\u00edcios: tem a\u00e7\u00e3o diur\u00e9tica, combate a pris\u00e3o de ventre, alivia a azia, \u00e9 fonte de c\u00e1lcio, reduz o colesterol (porque aumenta a secre\u00e7\u00e3o de \u00e1cidos biliares), rep\u00f5e os eletr\u00f3litos perdidos na atividade f\u00edsica, tem propriedades anti-inflamat\u00f3rias e at\u00e9 atua como suporte para prevenir c\u00e2ncer de ov\u00e1rio.<\/p>\n<h2>Bardana<\/h2>\n<div><img loading=\"lazy\" class=\"\" src=\"http:\/\/cdn.ecycle.com.br\/images\/eDicas\/diaadia\/ervas-medicinais\/bardana-ervas-medicinais.jpg\" alt=\"Bardana\" width=\"639\" height=\"392\" \/><\/div>\n<p>Plante-a em uma terra profunda, pois suas ra\u00edzes crescem muito (\u00e9 principalmente essa a parte da planta que se usa) e em local definitivo, pois elas n\u00e3o suportam bem a transplanta\u00e7\u00e3o. Tem propriedades diur\u00e9ticas e bactericidas e \u00e9 \u00f3tima contra problemas de pele.<\/p>\n<h2>Or\u00e9gano<\/h2>\n<div><img loading=\"lazy\" class=\"\" src=\"http:\/\/cdn.ecycle.com.br\/images\/eDicas\/diaadia\/ervas-medicinais\/oregano-ervas-medicinais.jpg\" alt=\"Or\u00e9gano\" width=\"638\" height=\"391\" \/><\/div>\n<p>\u00c9 bem f\u00e1cil de plantar: cresce em climas frios ou quentes, s\u00f3 precisa de um solo f\u00e9rtil e \u00famido. Quanto mais ilumina\u00e7\u00e3o natural, melhor, mas pode se dar bem na sombra tamb\u00e9m. Seu ch\u00e1 alivia tosses, indigest\u00e3o,c\u00f3licas e dores musculares e de cabe\u00e7a, al\u00e9m de ser antif\u00fangico.<\/p>\n<h2>Losna<\/h2>\n<div><img loading=\"lazy\" class=\"\" src=\"http:\/\/cdn.ecycle.com.br\/images\/eDicas\/diaadia\/ervas-medicinais\/losna-ervas-medicinais.jpg\" alt=\"Losna\" width=\"639\" height=\"392\" \/><\/div>\n<p>Pode n\u00e3o ser muito f\u00e1cil encontrar o solo argilo-arenoso de que ela precisa, mas depois de plantada, a losna \u00e9 excelente: resistente a doen\u00e7as e insetos e se d\u00e1 muito bem com fertilizantes org\u00e2nicos. A losna ajuda a combater mau h\u00e1lito, c\u00f3licas menstruais, azia e at\u00e9 anemia. \u00c9 tamb\u00e9m um \u00f3timo repelente de insetos, inclusive de <a href=\"http:\/\/ecycle.com.br\/component\/content\/article\/67-dia-a-dia\/2493-tratamentos-complementares-contra-piolhos.html\" target=\"_blank\">piolhos<\/a>.<\/p>\n<h2>Arnica<\/h2>\n<div><img loading=\"lazy\" class=\"\" src=\"http:\/\/cdn.ecycle.com.br\/images\/eDicas\/diaadia\/ervas-medicinais\/arnica-ervas-medicinais.jpg\" alt=\"Arnica\" width=\"639\" height=\"392\" \/><\/div>\n<p>Gosta muito de luz solar e do solo argilo-arenoso. Sua pomada \u00e9 famosa por aliviar contus\u00f5es, mas aten\u00e7\u00e3o: a arnica \u00e9 t\u00f3xica se for ingerida. Tente colocar o vaso em um lugar alto, longe do alcance de crian\u00e7as e animais de estima\u00e7\u00e3o. Para us\u00e1-la, prepare os seguintes ingredientes: uma parte de arnica fresca, cinco partes de \u00e1lcool de cereais (encontrado em farm\u00e1cias) e cinco partes de \u00e1gua. Pique a planta e misture-a com os outros ingredientes. Deixe descansar por pelo menos 15 dias (mas pode armazenar por at\u00e9 um ano) e fa\u00e7a compressas com uma parte da mistura dilu\u00edda em nove partes de soro fisiol\u00f3gico.<\/p>\n","protected":false},"excerpt":{"rendered":"<p>Se voc\u00ea acompanhou a mat\u00e9ria Nove ervas e plantas que servem como rem\u00e9dios naturais e<\/p>\n","protected":false},"author":7,"featured_media":60403,"comment_status":"open","ping_status":"open","sticky":false,"template":"","format":"standard","meta":[],"categories":[],"tags":[],"uagb_featured_image_src":{"full":["https:\/\/espacoecologico.com.br\/arquivo\/wp-content\/uploads\/2017\/02\/plantas.jpg",415,265,false],"thumbnail":["https:\/\/espacoecologico.com.br\/arquivo\/wp-content\/uploads\/2017\/02\/plantas-150x150.jpg",150,150,true],"medium":["https:\/\/espacoecologico.com.br\/arquivo\/wp-content\/uploads\/2017\/02\/plantas-300x192.jpg",300,192,true],"medium_large":["https:\/\/espacoecologico.com.br\/arquivo\/wp-content\/uploads\/2017\/02\/plantas.jpg",415,265,false],"large":["https:\/\/espacoecologico.com.br\/arquivo\/wp-content\/uploads\/2017\/02\/plantas.jpg",415,265,false],"1536x1536":["https:\/\/espacoecologico.com.br\/arquivo\/wp-content\/uploads\/2017\/02\/plantas.jpg",415,265,false],"2048x2048":["https:\/\/espacoecologico.com.br\/arquivo\/wp-content\/uploads\/2017\/02\/plantas.jpg",415,265,false],"cream-magazine-thumbnail-2":["https:\/\/espacoecologico.com.br\/arquivo\/wp-content\/uploads\/2017\/02\/plantas.jpg",415,265,false],"cream-magazine-thumbnail-3":["https:\/\/espacoecologico.com.br\/arquivo\/wp-content\/uploads\/2017\/02\/plantas.jpg",415,265,false],"cream-magazine-thumbnail-4":["https:\/\/espacoecologico.com.br\/arquivo\/wp-content\/uploads\/2017\/02\/plantas.jpg",415,265,false]},"uagb_author_info":{"display_name":"","author_link":"https:\/\/espacoecologico.com.br\/arquivo\/author\/"},"uagb_comment_info":0,"uagb_excerpt":"Se voc\u00ea acompanhou a mat\u00e9ria Nove ervas e plantas que servem como rem\u00e9dios naturais e","_links":{"self":[{"href":"https:\/\/espacoecologico.com.br\/arquivo\/wp-json\/wp\/v2\/posts\/60402"}],"collection":[{"href":"https:\/\/espacoecologico.com.br\/arquivo\/wp-json\/wp\/v2\/posts"}],"about":[{"href":"https:\/\/espacoecologico.com.br\/arquivo\/wp-json\/wp\/v2\/types\/post"}],"author":[{"embeddable":true,"href":"https:\/\/espacoecologico.com.br\/arquivo\/wp-json\/wp\/v2\/users\/7"}],"replies":[{"embeddable":true,"href":"https:\/\/espacoecologico.com.br\/arquivo\/wp-json\/wp\/v2\/comments?post=60402"}],"version-history":[{"count":0,"href":"https:\/\/espacoecologico.com.br\/arquivo\/wp-json\/wp\/v2\/posts\/60402\/revisions"}],"wp:featuredmedia":[{"embeddable":true,"href":"https:\/\/espacoecologico.com.br\/arquivo\/wp-json\/wp\/v2\/media\/60403"}],"wp:attachment":[{"href":"https:\/\/espacoecologico.com.br\/arquivo\/wp-json\/wp\/v2\/media?parent=60402"}],"wp:term":[{"taxonomy":"category","embeddable":true,"href":"https:\/\/espacoecologico.com.br\/arquivo\/wp-json\/wp\/v2\/categories?post=60402"},{"taxonomy":"post_tag","embeddable":true,"href":"https:\/\/espacoecologico.com.br\/arquivo\/wp-json\/wp\/v2\/tags?post=60402"}],"curies":[{"name":"wp","href":"https:\/\/api.w.org\/{rel}","templated":true}]}}