{"id":60397,"date":"2017-02-21T14:30:48","date_gmt":"2017-02-21T17:30:48","guid":{"rendered":"https:\/\/espacoecologico.com.br\/arquivo\/?p=60397"},"modified":"2017-02-20T22:15:54","modified_gmt":"2017-02-21T01:15:54","slug":"nasa-anunciara-na-quarta-feira-descoberta-alem-do-sistema-solar","status":"publish","type":"post","link":"https:\/\/espacoecologico.com.br\/arquivo\/nasa-anunciara-na-quarta-feira-descoberta-alem-do-sistema-solar\/","title":{"rendered":"Nasa anunciar\u00e1 na quarta-feira descoberta al\u00e9m do sistema solar"},"content":{"rendered":"<p><a href=\"https:\/\/espacoecologico.com.br\/arquivo\/?attachment_id=60398\" rel=\"attachment wp-att-60398\"><img loading=\"lazy\" class=\"alignleft size-medium wp-image-60398\" src=\"https:\/\/espacoecologico.com.br\/arquivo\/wp-content\/uploads\/2017\/02\/planeta-300x192.jpg\" alt=\"\" width=\"300\" height=\"192\" srcset=\"https:\/\/espacoecologico.com.br\/arquivo\/wp-content\/uploads\/2017\/02\/planeta-300x192.jpg 300w, https:\/\/espacoecologico.com.br\/arquivo\/wp-content\/uploads\/2017\/02\/planeta.jpg 415w\" sizes=\"(max-width: 300px) 100vw, 300px\" \/><\/a>A Nasa, ag\u00eancia espacial americana, anunciar\u00e1 nesta quarta-feira uma nova descoberta sobre os exoplanetas, planetas que orbitam uma estrela diferente do sol e, portanto, n\u00e3o pertencem ao sistema solar.<\/p>\n<p>A Nasa apresentar\u00e1 seu achado em entrevista coletiva na quarta-feira \u00e0s 13h (hor\u00e1rio do leste dos Estados Unidos, 15h em Bras\u00edlia), que ser\u00e1 transmitida ao vivo em seu site, segundo indicou nesta segunda-feira em comunicado.<\/p>\n<p>A ag\u00eancia n\u00e3o ofereceu mais detalhes sobre do que se trata a nova descoberta, cujo conte\u00fado estar\u00e1 embargado em artigo da revista cient\u00edfica brit\u00e2nica &#8220;Nature&#8221; at\u00e9 o in\u00edcio da entrevista coletiva.<\/p>\n<p>Tanto jornalistas como o p\u00fablico geral poder\u00e3o dirigir suas perguntas \u00e0 ag\u00eancia especial americana durante a apresenta\u00e7\u00e3o usando o hashtag &#8220;#askNASA&#8221; (pergunta \u00e0 Nasa).<\/p>\n<p>Depois da coletiva, a Nasa realizar\u00e1 uma sess\u00e3o de perguntas e respostas com cientistas sobre os exoplanetas.<\/p>\n","protected":false},"excerpt":{"rendered":"<p>A Nasa, ag\u00eancia espacial americana, anunciar\u00e1 nesta quarta-feira uma nova descoberta sobre os exoplanetas, planetas<\/p>\n","protected":false},"author":7,"featured_media":60398,"comment_status":"open","ping_status":"open","sticky":false,"template":"","format":"standard","meta":[],"categories":[],"tags":[],"uagb_featured_image_src":{"full":["https:\/\/espacoecologico.com.br\/arquivo\/wp-content\/uploads\/2017\/02\/planeta.jpg",415,265,false],"thumbnail":["https:\/\/espacoecologico.com.br\/arquivo\/wp-content\/uploads\/2017\/02\/planeta-150x150.jpg",150,150,true],"medium":["https:\/\/espacoecologico.com.br\/arquivo\/wp-content\/uploads\/2017\/02\/planeta-300x192.jpg",300,192,true],"medium_large":["https:\/\/espacoecologico.com.br\/arquivo\/wp-content\/uploads\/2017\/02\/planeta.jpg",415,265,false],"large":["https:\/\/espacoecologico.com.br\/arquivo\/wp-content\/uploads\/2017\/02\/planeta.jpg",415,265,false],"1536x1536":["https:\/\/espacoecologico.com.br\/arquivo\/wp-content\/uploads\/2017\/02\/planeta.jpg",415,265,false],"2048x2048":["https:\/\/espacoecologico.com.br\/arquivo\/wp-content\/uploads\/2017\/02\/planeta.jpg",415,265,false],"cream-magazine-thumbnail-2":["https:\/\/espacoecologico.com.br\/arquivo\/wp-content\/uploads\/2017\/02\/planeta.jpg",415,265,false],"cream-magazine-thumbnail-3":["https:\/\/espacoecologico.com.br\/arquivo\/wp-content\/uploads\/2017\/02\/planeta.jpg",415,265,false],"cream-magazine-thumbnail-4":["https:\/\/espacoecologico.com.br\/arquivo\/wp-content\/uploads\/2017\/02\/planeta.jpg",415,265,false]},"uagb_author_info":{"display_name":"","author_link":"https:\/\/espacoecologico.com.br\/arquivo\/author\/"},"uagb_comment_info":0,"uagb_excerpt":"A Nasa, ag\u00eancia espacial americana, anunciar\u00e1 nesta quarta-feira uma nova descoberta sobre os exoplanetas, planetas","_links":{"self":[{"href":"https:\/\/espacoecologico.com.br\/arquivo\/wp-json\/wp\/v2\/posts\/60397"}],"collection":[{"href":"https:\/\/espacoecologico.com.br\/arquivo\/wp-json\/wp\/v2\/posts"}],"about":[{"href":"https:\/\/espacoecologico.com.br\/arquivo\/wp-json\/wp\/v2\/types\/post"}],"author":[{"embeddable":true,"href":"https:\/\/espacoecologico.com.br\/arquivo\/wp-json\/wp\/v2\/users\/7"}],"replies":[{"embeddable":true,"href":"https:\/\/espacoecologico.com.br\/arquivo\/wp-json\/wp\/v2\/comments?post=60397"}],"version-history":[{"count":0,"href":"https:\/\/espacoecologico.com.br\/arquivo\/wp-json\/wp\/v2\/posts\/60397\/revisions"}],"wp:featuredmedia":[{"embeddable":true,"href":"https:\/\/espacoecologico.com.br\/arquivo\/wp-json\/wp\/v2\/media\/60398"}],"wp:attachment":[{"href":"https:\/\/espacoecologico.com.br\/arquivo\/wp-json\/wp\/v2\/media?parent=60397"}],"wp:term":[{"taxonomy":"category","embeddable":true,"href":"https:\/\/espacoecologico.com.br\/arquivo\/wp-json\/wp\/v2\/categories?post=60397"},{"taxonomy":"post_tag","embeddable":true,"href":"https:\/\/espacoecologico.com.br\/arquivo\/wp-json\/wp\/v2\/tags?post=60397"}],"curies":[{"name":"wp","href":"https:\/\/api.w.org\/{rel}","templated":true}]}}