{"id":60380,"date":"2017-02-21T13:00:11","date_gmt":"2017-02-21T16:00:11","guid":{"rendered":"https:\/\/espacoecologico.com.br\/arquivo\/?p=60380"},"modified":"2017-02-21T08:45:49","modified_gmt":"2017-02-21T11:45:49","slug":"reducao-de-jamanxim-beneficia-grileiros-recentes-diz-estudo","status":"publish","type":"post","link":"https:\/\/espacoecologico.com.br\/arquivo\/reducao-de-jamanxim-beneficia-grileiros-recentes-diz-estudo\/","title":{"rendered":"Redu\u00e7\u00e3o da Floresta Nacional do Jamanxim beneficia grileiros recentes, diz estudo"},"content":{"rendered":"<p><a href=\"https:\/\/espacoecologico.com.br\/arquivo\/?attachment_id=60382\" rel=\"attachment wp-att-60382\"><img loading=\"lazy\" class=\"alignleft size-medium wp-image-60382\" src=\"https:\/\/espacoecologico.com.br\/arquivo\/wp-content\/uploads\/2017\/02\/estradas_ilegais-300x192.jpg\" alt=\"\" width=\"300\" height=\"192\" srcset=\"https:\/\/espacoecologico.com.br\/arquivo\/wp-content\/uploads\/2017\/02\/estradas_ilegais-300x192.jpg 300w, https:\/\/espacoecologico.com.br\/arquivo\/wp-content\/uploads\/2017\/02\/estradas_ilegais.jpg 415w\" sizes=\"(max-width: 300px) 100vw, 300px\" \/><\/a>Uma nova an\u00e1lise publicada pela ONG Imazon, sediada em Bel\u00e9m do Par\u00e1, reacende as acusa\u00e7\u00f5es contra a redu\u00e7\u00e3o da Floresta Nacional (Flona) do Jamanxim, feita pelo governo atrav\u00e9s de Medida Provis\u00f3ria no fim de dezembro de 2016. Criada h\u00e1 apenas dez anos, a Flona Jamanxim perdeu 57% da sua \u00e1rea original de 1,3 milh\u00e3o de hectares, quase duas vezes o tamanho da \u00e1rea metropolitana de S\u00e3o Paulo. Da redu\u00e7\u00e3o total de 743 mil hectares, 438 mil foram adicionados ao Parque Nacional do Rio Novo. At\u00e9 a\u00ed, sem pol\u00eamica. Mas outros 305 mil hectares, um quarto da antiga Flona, viraram parte de uma nova \u00c1rea de Prote\u00e7\u00e3o Ambiental (APA), a mais branda categoria de prote\u00e7\u00e3o brasileira, que permite propriedade privada &#8212; leia-se, nesse caso, legaliza\u00e7\u00e3o de terras invadidas dentro dos seus limites.\u00a0Caso vinguem outras altera\u00e7\u00f5es feitas por emenda parlamentar ap\u00f3s a edi\u00e7\u00e3o da Medida Provis\u00f3ria, a Flona Jamanxim pode deixar de existir.<\/p>\n<p>Altas taxas de desmatamento, grilagem e <a href=\"http:\/\/www.oeco.org.br\/noticias\/floresta-nacional-do-jamanxim-policial-e-morto-durante-operacao-do-ibama\/\">crimes violentos<\/a> dentro da Flona Jamanxim a tornaram uma das mais problem\u00e1ticas unidades de conserva\u00e7\u00e3o (UC) federais. Desde a sua cria\u00e7\u00e3o, em 2006, era crescente a press\u00e3o de grupos ruralistas pela redu\u00e7\u00e3o de seus limites. A alega\u00e7\u00e3o era de que ela foi imposta sobre terras j\u00e1 ocupadas. Ambientalistas temiam que a redu\u00e7\u00e3o viesse, e rebatiam que a maior parte das ocupa\u00e7\u00f5es dentro da Flona ocorreu ap\u00f3s ela ser estabelecida. Em setembro de 2016, quatro meses antes da redu\u00e7\u00e3o, o Minist\u00e9rio P\u00fablico Federal <a href=\"http:\/\/www.mpf.mp.br\/pa\/sala-de-imprensa\/noticias-pa\/reducao-da-floresta-do-jamanxim-pode-estimular-desmatamento-e-violencia-no-para-alerta-mpf\">enviou um of\u00edcio<\/a> ao \u00a0Instituto Chico Mendes de Biodiversidade (ICMBio) advertindo que a mudan\u00e7a poderia elevar os n\u00edveis de desmatamento e de viol\u00eancia na regi\u00e3o.<\/p>\n<p><a href=\"http:\/\/imazon.org.br\/publicacoes\/reducao-da-flona-do-jamanxim-vitoria-da-especulacao-fundiaria\/\">Os dados divulgados pelo Imazon<\/a> enfraquecem o argumento da ocupa\u00e7\u00e3o pr\u00e9via da Flona e confirmam uma an\u00e1lise de 2009, do pr\u00f3prio ICMBio, a qual era contra a redu\u00e7\u00e3o da Flona al\u00e9m de uma fra\u00e7\u00e3o de 70 mil hectares (3% da \u00e1rea original), e afirmava que dois ter\u00e7os das ocupa\u00e7\u00f5es ocorreu depois da cria\u00e7\u00e3o da \u00e1rea protegida.<\/p>\n<p><strong>Antes ou depois<\/strong><\/p>\n<div id=\"attachment_51763\" class=\"wp-caption aligncenter\" style=\"width: 649px;\">\n<p><img loading=\"lazy\" class=\"wp-image-51763 \" src=\"http:\/\/www.oeco.org.br\/wp-content\/uploads\/2017\/02\/Jamanxim-2-1024x683.jpg\" sizes=\"(max-width: 1024px) 100vw, 1024px\" srcset=\"http:\/\/www.oeco.org.br\/wp-content\/uploads\/2017\/02\/Jamanxim-2-1024x683.jpg 1024w, http:\/\/www.oeco.org.br\/wp-content\/uploads\/2017\/02\/Jamanxim-2-300x200.jpg 300w, http:\/\/www.oeco.org.br\/wp-content\/uploads\/2017\/02\/Jamanxim-2-600x400.jpg 600w, http:\/\/www.oeco.org.br\/wp-content\/uploads\/2017\/02\/Jamanxim-2-278x185.jpg 278w, http:\/\/www.oeco.org.br\/wp-content\/uploads\/2017\/02\/Jamanxim-2.jpg 1152w\" alt=\"jamanxim-2\" width=\"639\" height=\"426\" \/><\/p>\n<p class=\"wp-caption-text\">\u00c1rea desmatada por fogo na Floresta Nacional do Jamanxim, para uso em agropecu\u00e1ria. Foto: Daniel Beltra\/Greenpeace<\/p>\n<\/div>\n<p>&#8220;Se o objetivo era reduzir a tens\u00e3o naquela regi\u00e3o, isso n\u00e3o ser\u00e1 atingido, porque na verdade o poder p\u00fablico cedeu de forma unilateral. \u00c9 um equ\u00edvoco total e n\u00f3s vamos pagar caro por ele, diz Jo\u00e3o Paulo Capobianco, ex-secret\u00e1rio-executivo do Minist\u00e9rio do Meio Ambiente durante a gest\u00e3o Marina Silva, que foi respons\u00e1vel pelo <a href=\"http:\/\/www.mma.gov.br\/florestas\/projeto-br-163\">plano BR-163 Sustent\u00e1vel<\/a>. Capobianco chamou de <a href=\"https:\/\/noticias.uol.com.br\/opiniao\/coluna\/2016\/12\/23\/o-feliz-natal-dos-especuladores-da-amazonia.htm\">presente de natal a grileiros<\/a> a cria\u00e7\u00e3o de uma APA que incorpora um naco da Flona do Jamanxim, um passe livre para continuar grilando UCs na Amaz\u00f4nia.<\/p>\n<p>Do outro lado, o <a href=\"http:\/\/www.icmbio.gov.br\/portal\/\">ICMBio<\/a>, gestor das UCs federais e respons\u00e1vel t\u00e9cnico pela medida, defendeu que a transforma\u00e7\u00e3o de 24% de Jamanxim em uma categoria de UC branda permite encerrar a fase de conflitos, abre caminho para a regulariza\u00e7\u00e3o fundi\u00e1ria e mant\u00e9m algum grau de prote\u00e7\u00e3o ambiental.<\/p>\n<p>&#8220;O que mudou foi o modelo de enfrentamento, baseado em a\u00e7\u00f5es de comando e controle. Ele estava se esgotando e n\u00f3s n\u00e3o est\u00e1vamos conseguindo reverter a situa\u00e7\u00e3o [de crimes ambientais]. A mudan\u00e7a \u00e9 uma aposta em outro modelo, que traga a possibilidade de regulariza\u00e7\u00e3o fundi\u00e1ria numa \u00e1rea cr\u00edtica, e tamb\u00e9m de regulariza\u00e7\u00e3o ambiental, que estanque o processo de desmatamento e proteja o resto da Floresta Nacional&#8221;, diz Paulo Carneiro, diretor de Cria\u00e7\u00e3o e Manejo de Unidades de Conserva\u00e7\u00e3o do ICMBio, respons\u00e1vel pela proposta final de modifica\u00e7\u00e3o da Flona Jamanxim. &#8220;A cria\u00e7\u00e3o da APA mostra que n\u00e3o estamos querendo nos livrar do problema, a gente continua l\u00e1&#8221;.<\/p>\n<p>Segundo o estudo do Imazon, entre 2010 e 2016 sextuplicaram de 55 para 352 o n\u00famero de Cadastros Ambientais Rurais (CAR) registrados dentro da \u00e1rea original da Flona Jamanxim. Esses registros, institu\u00eddos pelo C\u00f3digo Florestal de 2012 &#8212; mas que j\u00e1 existiam no Par\u00e1 desde 2009 &#8211;, s\u00e3o gerados por qualquer um que esteja em posse de terra, com t\u00edtulo ou n\u00e3o, e determinam os seus limites e suas partes que devem ser protegidas, como as de <a href=\"http:\/\/www.oeco.org.br\/dicionario-ambiental\/27492-o-que-e-reserva-legal\/\">Reserva Legal<\/a> e de APP (<a href=\"http:\/\/www.oeco.org.br\/dicionario-ambiental\/27468-o-que-e-uma-area-de-preservacao-permanente\/\">\u00c1rea de Preserva\u00e7\u00e3o Permanente<\/a>). Na falta de t\u00edtulos leg\u00edtimos de propriedade, na Amaz\u00f4nia, os cadastros ambientais rurais est\u00e3o se tornando uma primeira afirma\u00e7\u00e3o de titularidade. Sua multiplica\u00e7\u00e3o em Jamanxim representa o crescimento do n\u00famero de reclamantes por terra.<\/p>\n<p>Capobianco conta que \u00e0 \u00e9poca da cria\u00e7\u00e3o das UCs do plano BR-163 sustent\u00e1vel, o Minist\u00e9rio do Meio Ambiente enfrentou a resist\u00eancia de Manoel Guerreiro, secret\u00e1rio do governo do Par\u00e1, que advertia para as m\u00faltiplas ocupa\u00e7\u00f5es da \u00e1rea. &#8220;Eu pedi a equipe que se fizesse uma an\u00e1lise detalhada e, em 2005, ela foi feita utilizando pela primeira vez imagens de radar. Mostramos as imagens em uma reuni\u00e3o com governadores e ficou evidente que tinham sido exclu\u00eddas da Flona e do Parque Nacional do Jamanxim todas as ocupa\u00e7\u00f5es&#8221;, diz Capobianco. &#8220;N\u00e3o restaram \u00e1reas abertas, apenas ramais madeireiros e \u00e1reas degradadas. O que havia era um monte de pleitos de propriedade baseados em t\u00edtulos falsos&#8221;.<\/p>\n<p><strong>Por linhas tortas<\/strong><\/p>\n<div id=\"attachment_51760\" class=\"wp-caption aligncenter\" style=\"width: 648px;\">\n<p><img loading=\"lazy\" class=\"wp-image-51760 \" src=\"http:\/\/www.oeco.org.br\/wp-content\/uploads\/2017\/02\/jamanxim-animado5.gif\" alt=\"jamanxim-animado5\" width=\"638\" height=\"613\" \/><\/p>\n<p class=\"wp-caption-text\">Mudan\u00e7as na Floresta Nacional de Jamanxim e sua \u00e1rea restante<\/p>\n<\/div>\n<p>A imagem animada acima mostra que o lado oeste da nova APA Jamanxim, que faz fronteira com os limites reformulados da Flona, tem um desenho que parece escav\u00e1-la, em um encaixe parecido com uma pe\u00e7a de quebra-cabe\u00e7as. N\u00e3o h\u00e1 casualidade a\u00ed, a linha que delimita a APA com a vers\u00e3o reduzida da Flona tenta retirar da \u00faltima a maior parte das terras ocupadas. Basta superpor ao terreno a marca\u00e7\u00e3o dos desmatamentos detectados pelo <a href=\"http:\/\/www.obt.inpe.br\/prodes\/index.php\">Prodes<\/a> (veja pontos vermelhos no mapa din\u00e2mico a seguir) que a fronteira de contato entre a Flona e a nova APA ganha um s\u00fabito sentido. Por\u00e9m, n\u00e3o h\u00e1 mal\u00edcia nesse desenho, feito pelo ICMBio. Sua inten\u00e7\u00e3o declarada \u00e9 tentar encerrar o cap\u00edtulo dos enfrentamentos fundi\u00e1rios.<\/p>\n<p>&#8212; O desenho dessa \u00e1rea foi feito em cima do mapa de ocupa\u00e7\u00e3o iniciado em 2009. A ideia era pegar s\u00f3 ocupa\u00e7\u00f5es antes da cria\u00e7\u00e3o da Flona, mas n\u00e3o foi poss\u00edvel. Foi o melhor que a gente conseguiu, o tra\u00e7ado que melhor compatibilizou \u00e1reas abertas antes da cria\u00e7\u00e3o da UC com a ocupa\u00e7\u00e3o que a gente tinha e que fizesse o maior sentido para a conserva\u00e7\u00e3o. \u00c9 uma tentativa de retirar as ocupa\u00e7\u00f5es de dentro da Flona, diz Carneiro.<\/p>\n<p>Entretanto, segundo o Imazon, esse objetivo ficou longe de ser alcan\u00e7ado, pois h\u00e1 80 cadastros que continuam parcialmente superpostos ao que restou da Flona e outros 153 inteiros dentro dela.<\/p>\n<p>A an\u00e1lise mostra que, entre 2006 e 2016, opera\u00e7\u00f5es de fiscaliza\u00e7\u00e3o do IBAMA resultaram em 449 embargos (\u00e1reas interditadas por desmatamento) dentro dos limites originais da Flona Jamanxim, dos quais quase metade ocorreu em 2008 e 2009, na opera\u00e7\u00e3o <a href=\"http:\/\/www.brasil.gov.br\/meio-ambiente\/2010\/01\/ibama-encerra-operacao-boi-pirata-2\">Boi Pirata II<\/a>. Esse pico de embargos foi associado com uma forte queda do desmatamento na Flona, sinal de que autuar desmatadores funciona. Ap\u00f3s a redu\u00e7\u00e3o de dezembro, ainda restaram quase 300 embargos dentro da Flona.<\/p>\n<p>O Imazon lembra que os n\u00fameros do seu estudo s\u00e3o compat\u00edveis com o levantamento de 2009 feito pelo ICMBio, que detectou 67% das posses como posterior \u00e0 cria\u00e7\u00e3o da Flona. Esse levantamento tamb\u00e9m mostrou que 60% dos ocupantes n\u00e3o residiam l\u00e1. Por fim, o Imazon derruba o argumento de que a Flona Jamanxim \u00e9 ocupada por pequenos fazendeiros. Os cadastros ambientais rurais mostram que, ao contr\u00e1rio, esses im\u00f3veis t\u00eam em m\u00e9dia 1.843 hectares, o que os enquadra como fazendas de porte grande.<\/p>\n<p><center><iframe loading=\"lazy\" src=\"https:\/\/www.google.com\/maps\/d\/embed?mid=1ghKpYBsrhrLS8JrvvA-adbpJ-ck\" width=\"640\" height=\"600\"><\/iframe><\/center><br \/>\n<strong>Medida necess\u00e1ria ou sinal verde<\/strong><br \/>\nA pior consequ\u00eancia poss\u00edvel da redu\u00e7\u00e3o da Flona Jamanxim \u00e9 incentivar mais invas\u00f5es l\u00e1 mesmo e em outras UCs. &#8220;Isso pode virar estrat\u00e9gia para redefini\u00e7\u00e3o de \u00e1reas, como <a href=\"http:\/\/www.greenpeace.org\/brasil\/pt\/Blog\/ba-do-desmatamento\/blog\/46171\/\">j\u00e1 aconteceu na Terra Ind\u00edgena Ba\u00fa<\/a>, em 2003. As ocupa\u00e7\u00f5es v\u00e3o ocorrendo e a press\u00e3o aumenta para reduzir a UC, at\u00e9 que ela se torne invi\u00e1vel. Se o Congresso aprovar a Medida Provis\u00f3ria 756, vai chancelar essa estrat\u00e9gia&#8221;, diz Heron Martins, pesquisador do Imazon e autor da an\u00e1lise.<\/p>\n<p>N\u00e3o \u00e9 o que pensam, no ICMBio, as pessoas mais pr\u00f3ximas do problema.<\/p>\n<p>&#8212; N\u00e3o acho que vamos ter uma explos\u00e3o de desmatamento nessa regi\u00e3o, porque a \u00e1rea que pode ser regularizada dentro da nova APA, se for usada a regra do <a href=\"http:\/\/www.mda.gov.br\/sitemda\/secretaria\/serfal\/apresenta%C3%A7%C3%A3o\">Programa Terra Legal<\/a>, gira em torno de 50% da \u00e1rea que j\u00e1 estava desmatada desde 2004 [ano limiar do Terra Legal]. Essa n\u00e3o \u00e9 a primeira vez que se rev\u00ea limite de UC na regi\u00e3o Norte. J\u00e1 aconteceu, com hist\u00f3rias de maior ou menor sucesso. De cabe\u00e7a, me vem uns 6 casos por quest\u00f5es de ocupa\u00e7\u00e3o ou falta de ader\u00eancia ao objetivo de conserva\u00e7\u00e3o. Dentre eles, h\u00e1 ao menos um de aparente sucesso, no <a href=\"http:\/\/www.wikiparques.org\/wiki\/Parque_Nacional_dos_Campos_Amaz%C3%B4nicos\">Parque Nacional dos Campos Amaz\u00f4nicos<\/a>, alterado num modelo parecido com esse [da Flona jamanxim], diz Carneiro.<\/p>\n<p>O gestor da Flona Jamanxim, Rodrigo Printes, refor\u00e7a a defesa:<\/p>\n<p>&#8212; As mudan\u00e7as de limites j\u00e1 provocaram a rea\u00e7\u00e3o de grileiros e grandes latifundi\u00e1rios, porque propomos adotar os crit\u00e9rios do Terra Legal, que prev\u00eaem uma s\u00f3 matr\u00edcula por CPF [por pessoa] e no m\u00e1ximo 1.125 hectares. Em protesto, eles bloquearam a BR 163, junto com os garimpeiros que querem explorar min\u00e9rios na Flona. Houve at\u00e9 churrasco com carne fornecida pelos grandes fazendeiros. H\u00e1 pecuaristas com posses dentro da APA que se sentem lesados, pois frigor\u00edficos que assinaram\u00a0o Termo de Ajuste de Conduta da Carne com o Minist\u00e9rio P\u00fablico n\u00e3o podem comprar gado produzido dentro de unidades de conserva\u00e7\u00e3o, e a categoria APA n\u00e3o \u00e9 exce\u00e7\u00e3o.<\/p>\n<p>As mudan\u00e7as feitas em dezembro de 2016 come\u00e7aram a ser debatidas dentro do governo depois do levantamento feito pelo ICMBio em 2009, que prop\u00f4s uma redu\u00e7\u00e3o da Flona em no m\u00e1ximo 70 hectares. Ao longo desses anos, as reuni\u00f5es sobre o assunto reuniram membros do ICMBio, do Minist\u00e9rio do Meio Ambiente e associa\u00e7\u00f5es locais de ocupantes da Flona. Essa \u00faltima, prop\u00f4s uma redu\u00e7\u00e3o de 900 mil hectares, ou 70% do total se transformando em APA &#8212; que acabou ficando com 305 mil hectares.<\/p>\n<p>&#8212; A perspectiva de redu\u00e7\u00e3o da Flona gerou um movimento organizado de ocupa\u00e7\u00e3o da \u00e1rea para se beneficiar. Uma revis\u00e3o de Jamanxim abre a perspectiva de um efeito cascata de fazer ocupa\u00e7\u00f5es ilegais dentro de UCs e esperar novas redu\u00e7\u00f5es. Jamanxim aconteceu da pior maneira poss\u00edvel, atrav\u00e9s de Medida Provis\u00f3ria, no apagar das luzes de 2016. Os pr\u00f3ximos alvos est\u00e3o dados, desde a revis\u00e3o das UCs criadas na Amaz\u00f4nia at\u00e9 centenas de casos de conflito em UCs, diz Capobianco.<\/p>\n<p>Dentro do ICMBio, fontes variadas ouvidas pela reportagem revelam uma queixa recorrente: quando as UCs da BR-163 foram criadas, elas faziam parte de um plano sist\u00eamico e grandioso, chamado <a href=\"http:\/\/www.mma.gov.br\/florestas\/projeto-br-163\">Plano de Desenvolvimento Sustent\u00e1vel da \u00c1rea de Influ\u00eancia da BR 163<\/a>. Ele criava o Distrito Florestal Sustent\u00e1vel de 19 milh\u00f5es de hectares, 15% da \u00e1rea colossal do estado do Par\u00e1, ou duas vezes o tamanho de Portugal. A proposta inclu\u00eda a concess\u00e3o de explora\u00e7\u00e3o de florestas, apoio a iniciativas de produ\u00e7\u00e3o sustent\u00e1vel e fortalecimento da sociedade civil e movimentos sociais.<\/p>\n<p>&#8220;Quase nada saiu do papel&#8221;, diz Cl\u00e1udio Maretti, ex-presidente do ICMBio e atual diretor do \u00f3rg\u00e3o. Ele acompanhou o processo de cria\u00e7\u00e3o das UCs em torno da BR-163 quando ainda trabalhava para o WWF. &#8220;N\u00f3s [ICMBio] estamos sozinhos l\u00e1, com eventual ajuda do IBAMA em opera\u00e7\u00f5es de repress\u00e3o ao desmatamento. O Estado n\u00e3o chegou, n\u00e3o chegaram desde os postos de pol\u00edcia rodovi\u00e1ria federal previstos para a BR-163 at\u00e9 as a\u00e7\u00f5es de promo\u00e7\u00e3o de desenvolvimento sustent\u00e1vel. Atacar s\u00f3 o ICMBio \u00e9 perder de vista que estamos fazendo o melhor poss\u00edvel&#8221;.<\/p>\n<p>Entretanto, a maneira como foi feita a redu\u00e7\u00e3o causou um choque.<\/p>\n<p>&#8220;Fazer isso por MP, no final do ano, foi um neg\u00f3cio totalmente esquisito, nunca tinha acontecido. Se o ICMBio considera que tem argumentos consistentes, que prepare um projeto de lei e mande para debate no Congresso Nacional&#8221;, diz Capobianco. &#8220;Reduzir uma UC invadida de forma criminosa, como foi Jamanxim, \u00e9 dizer: tem jogo, o crime compensa&#8221;.<\/p>\n<p><strong>Pode piorar<\/strong><\/p>\n<p>A hist\u00f3ria n\u00e3o acabou e o debate da primeira redu\u00e7\u00e3o pode ficar para tr\u00e1s, pois a Flona Jamanxim ainda pode sofrer mais redu\u00e7\u00f5es. O senador Jader Barbalho (PMDB, Par\u00e1) apresentou uma emenda \u00e0 <a href=\"http:\/\/www.planalto.gov.br\/ccivil_03\/_ato2015-2018\/2016\/Mpv\/mpv756.htm\">Medida Provis\u00f3ria 756<\/a>, que alterou a Flona Jamanxim, propondo reduzi-la ainda mais, com aumento da APA Jamanxim para 814 mil hectares (mais que dobra a nova APA, avan\u00e7ando dentro da Flona) e cancelamento do aumento do <a href=\"http:\/\/www.wikiparques.org\/wiki\/Parque_Nacional_do_Rio_Novo\">Parque Nacional do Rio Novo<\/a>. Esta \u00e9 apenas uma das 15 emendas apresentadas por membros da <a href=\"http:\/\/www.wikiparques.org\/wiki\/Parque_Nacional_do_Rio_Novo\">comiss\u00e3o mista<\/a> de senadores e deputados, que incluem o senador Flexa Ribeiro (PSDB, Par\u00e1) e Paulo Rocha (PT, Par\u00e1). A comiss\u00e3o \u00e9 respons\u00e1vel por analisar a Medida Provis\u00f3ria 756, \u00a0e todas as emendas geradas dentro dela reduzem \u00e1reas de prote\u00e7\u00e3o ambiental. A emenda apresentada pelo deputado Z\u00e9 Geraldo (PT, Par\u00e1), por exemplo, transforma toda a Floresta Nacional do Jamanxim em \u00c1rea de Prote\u00e7\u00e3o Ambiental.<\/p>\n<p>O primeiro prazo limite para votar a MP 756 de 2016 no plen\u00e1rio do Congresso Nacional \u00e9 19 de abril, 60 dias ap\u00f3s a sua edi\u00e7\u00e3o, quando qualquer dessas emendas pode ser aprovada tamb\u00e9m.<\/p>\n","protected":false},"excerpt":{"rendered":"<p>Uma nova an\u00e1lise publicada pela ONG Imazon, sediada em Bel\u00e9m do Par\u00e1, reacende as acusa\u00e7\u00f5es<\/p>\n","protected":false},"author":7,"featured_media":60382,"comment_status":"open","ping_status":"open","sticky":false,"template":"","format":"standard","meta":[],"categories":[],"tags":[],"uagb_featured_image_src":{"full":["https:\/\/espacoecologico.com.br\/arquivo\/wp-content\/uploads\/2017\/02\/estradas_ilegais.jpg",415,265,false],"thumbnail":["https:\/\/espacoecologico.com.br\/arquivo\/wp-content\/uploads\/2017\/02\/estradas_ilegais-150x150.jpg",150,150,true],"medium":["https:\/\/espacoecologico.com.br\/arquivo\/wp-content\/uploads\/2017\/02\/estradas_ilegais-300x192.jpg",300,192,true],"medium_large":["https:\/\/espacoecologico.com.br\/arquivo\/wp-content\/uploads\/2017\/02\/estradas_ilegais.jpg",415,265,false],"large":["https:\/\/espacoecologico.com.br\/arquivo\/wp-content\/uploads\/2017\/02\/estradas_ilegais.jpg",415,265,false],"1536x1536":["https:\/\/espacoecologico.com.br\/arquivo\/wp-content\/uploads\/2017\/02\/estradas_ilegais.jpg",415,265,false],"2048x2048":["https:\/\/espacoecologico.com.br\/arquivo\/wp-content\/uploads\/2017\/02\/estradas_ilegais.jpg",415,265,false],"cream-magazine-thumbnail-2":["https:\/\/espacoecologico.com.br\/arquivo\/wp-content\/uploads\/2017\/02\/estradas_ilegais.jpg",415,265,false],"cream-magazine-thumbnail-3":["https:\/\/espacoecologico.com.br\/arquivo\/wp-content\/uploads\/2017\/02\/estradas_ilegais.jpg",415,265,false],"cream-magazine-thumbnail-4":["https:\/\/espacoecologico.com.br\/arquivo\/wp-content\/uploads\/2017\/02\/estradas_ilegais.jpg",415,265,false]},"uagb_author_info":{"display_name":"","author_link":"https:\/\/espacoecologico.com.br\/arquivo\/author\/"},"uagb_comment_info":0,"uagb_excerpt":"Uma nova an\u00e1lise publicada pela ONG Imazon, sediada em Bel\u00e9m do Par\u00e1, reacende as acusa\u00e7\u00f5es","_links":{"self":[{"href":"https:\/\/espacoecologico.com.br\/arquivo\/wp-json\/wp\/v2\/posts\/60380"}],"collection":[{"href":"https:\/\/espacoecologico.com.br\/arquivo\/wp-json\/wp\/v2\/posts"}],"about":[{"href":"https:\/\/espacoecologico.com.br\/arquivo\/wp-json\/wp\/v2\/types\/post"}],"author":[{"embeddable":true,"href":"https:\/\/espacoecologico.com.br\/arquivo\/wp-json\/wp\/v2\/users\/7"}],"replies":[{"embeddable":true,"href":"https:\/\/espacoecologico.com.br\/arquivo\/wp-json\/wp\/v2\/comments?post=60380"}],"version-history":[{"count":0,"href":"https:\/\/espacoecologico.com.br\/arquivo\/wp-json\/wp\/v2\/posts\/60380\/revisions"}],"wp:featuredmedia":[{"embeddable":true,"href":"https:\/\/espacoecologico.com.br\/arquivo\/wp-json\/wp\/v2\/media\/60382"}],"wp:attachment":[{"href":"https:\/\/espacoecologico.com.br\/arquivo\/wp-json\/wp\/v2\/media?parent=60380"}],"wp:term":[{"taxonomy":"category","embeddable":true,"href":"https:\/\/espacoecologico.com.br\/arquivo\/wp-json\/wp\/v2\/categories?post=60380"},{"taxonomy":"post_tag","embeddable":true,"href":"https:\/\/espacoecologico.com.br\/arquivo\/wp-json\/wp\/v2\/tags?post=60380"}],"curies":[{"name":"wp","href":"https:\/\/api.w.org\/{rel}","templated":true}]}}