{"id":60373,"date":"2017-02-21T12:30:12","date_gmt":"2017-02-21T15:30:12","guid":{"rendered":"https:\/\/espacoecologico.com.br\/arquivo\/?p=60373"},"modified":"2017-02-21T08:43:48","modified_gmt":"2017-02-21T11:43:48","slug":"ministerio-apoiara-combate-a-seca-na-caatinga","status":"publish","type":"post","link":"https:\/\/espacoecologico.com.br\/arquivo\/ministerio-apoiara-combate-a-seca-na-caatinga\/","title":{"rendered":"Minist\u00e9rio apoiar\u00e1 combate \u00e0 seca e desertifica\u00e7\u00e3o na Caatinga"},"content":{"rendered":"<p><em><strong><a href=\"https:\/\/espacoecologico.com.br\/arquivo\/?attachment_id=60374\" rel=\"attachment wp-att-60374\"><img loading=\"lazy\" class=\"alignleft size-medium wp-image-60374\" src=\"https:\/\/espacoecologico.com.br\/arquivo\/wp-content\/uploads\/2017\/02\/caatinga-300x192.jpg\" alt=\"\" width=\"300\" height=\"192\" srcset=\"https:\/\/espacoecologico.com.br\/arquivo\/wp-content\/uploads\/2017\/02\/caatinga-300x192.jpg 300w, https:\/\/espacoecologico.com.br\/arquivo\/wp-content\/uploads\/2017\/02\/caatinga.jpg 415w\" sizes=\"(max-width: 300px) 100vw, 300px\" \/><\/a>Primeiros editais, previstos para sair em mar\u00e7o, preveem investimentos em comunidades atingidas pela seca e desertifica\u00e7\u00e3o em Sergipe.<\/strong><\/em><\/p>\n<div>\n<p>O Minist\u00e9rio do Meio Ambiente lan\u00e7a, em mar\u00e7o, os primeiros editais de um investimento de R$ 6 milh\u00f5es no combate \u00e0 seca e desertifica\u00e7\u00e3o em pequenas comunidades da Caatinga. Ser\u00e3o beneficiados sete munic\u00edpios do semi\u00e1rido em cinco estados. A previs\u00e3o \u00e9 do diretor do Departamento de Combate \u00e0 Desertifica\u00e7\u00e3o, Valdemar Rodrigues, que se reuniu na \u00faltima quinta (17\/02), em Aracaju, com representantes do Governo de Sergipe para definir onde e de forma ser\u00e3o aplicados os recursos.<\/p>\n<p>A previs\u00e3o \u00e9 de que o Projeto de Recupera\u00e7\u00e3o de \u00c1reas Degradadas e Redu\u00e7\u00e3o da Vulnerabilidade Clim\u00e1tica comece a ser implementado at\u00e9 o m\u00eas de maio. \u00a0As organiza\u00e7\u00f5es n\u00e3o governamentais, definidas pelo edital, ser\u00e3o respons\u00e1veis pelas a\u00e7\u00f5es direitas junto \u00e0s comunidades. O prazo para concluir os trabalhos \u00e9 de 270 dias.<\/p>\n<p>De acordo com Valdemar, ser\u00e3o escolhidas entidades regionais, com v\u00ednculo com a Caatinga. \u00a0A ideia, explica, \u201c\u00e9 que o projeto seja implantado por organismos da sociedade civil que atuem pr\u00f3ximos aos beneficiados\u201d. \u00a0O diretor esclarece que esta \u00e9 uma forma de assegurar que os trabalhos ser\u00e3o executados por quem conhece a realidade das comunidades.<\/p>\n<p><strong>EMPREGO E RENDA<\/strong><\/p>\n<p>Al\u00e9m de combater os efeitos da seca, o projeto dever\u00e1 contribuir para gerar emprego e renda junto \u00e0s comunidades envolvidas. \u00a0O que se pretende \u00e9 mudar o modelo produtivo local, em parte respons\u00e1vel pela degrada\u00e7\u00e3o ambiental, de acordo com a realidade de cada comunidade atendida. Uma das op\u00e7\u00f5es, segundo o diretor, \u00e9 o sistema Integra\u00e7\u00e3o Lavoura, Pecu\u00e1ria, Floresta, adotado com sucesso nesse tipo de projeto.<\/p>\n<p>Ser\u00e3o beneficiados os munic\u00edpios atingidos pela seca e suscept\u00edveis de desertifica\u00e7\u00e3o. As medidas tomadas integram as Contribui\u00e7\u00f5es Nacionalmente Determinadas (NDC), compromisso assumido pelo governo brasileiro no Acordo de Paris. O projeto conta com recursos do Programa das Na\u00e7\u00f5es Unidas para o Desenvolvimento (Pnud), com aplica\u00e7\u00e3o do MMA e do Fundo Clima. A responsabilidade ser\u00e1 dos gestores estaduais.<\/p>\n<\/div>\n","protected":false},"excerpt":{"rendered":"<p>Primeiros editais, previstos para sair em mar\u00e7o, preveem investimentos em comunidades atingidas pela seca e<\/p>\n","protected":false},"author":7,"featured_media":60374,"comment_status":"open","ping_status":"open","sticky":false,"template":"","format":"standard","meta":[],"categories":[],"tags":[],"uagb_featured_image_src":{"full":["https:\/\/espacoecologico.com.br\/arquivo\/wp-content\/uploads\/2017\/02\/caatinga.jpg",415,265,false],"thumbnail":["https:\/\/espacoecologico.com.br\/arquivo\/wp-content\/uploads\/2017\/02\/caatinga-150x150.jpg",150,150,true],"medium":["https:\/\/espacoecologico.com.br\/arquivo\/wp-content\/uploads\/2017\/02\/caatinga-300x192.jpg",300,192,true],"medium_large":["https:\/\/espacoecologico.com.br\/arquivo\/wp-content\/uploads\/2017\/02\/caatinga.jpg",415,265,false],"large":["https:\/\/espacoecologico.com.br\/arquivo\/wp-content\/uploads\/2017\/02\/caatinga.jpg",415,265,false],"1536x1536":["https:\/\/espacoecologico.com.br\/arquivo\/wp-content\/uploads\/2017\/02\/caatinga.jpg",415,265,false],"2048x2048":["https:\/\/espacoecologico.com.br\/arquivo\/wp-content\/uploads\/2017\/02\/caatinga.jpg",415,265,false],"cream-magazine-thumbnail-2":["https:\/\/espacoecologico.com.br\/arquivo\/wp-content\/uploads\/2017\/02\/caatinga.jpg",415,265,false],"cream-magazine-thumbnail-3":["https:\/\/espacoecologico.com.br\/arquivo\/wp-content\/uploads\/2017\/02\/caatinga.jpg",415,265,false],"cream-magazine-thumbnail-4":["https:\/\/espacoecologico.com.br\/arquivo\/wp-content\/uploads\/2017\/02\/caatinga.jpg",415,265,false]},"uagb_author_info":{"display_name":"","author_link":"https:\/\/espacoecologico.com.br\/arquivo\/author\/"},"uagb_comment_info":0,"uagb_excerpt":"Primeiros editais, previstos para sair em mar\u00e7o, preveem investimentos em comunidades atingidas pela seca e","_links":{"self":[{"href":"https:\/\/espacoecologico.com.br\/arquivo\/wp-json\/wp\/v2\/posts\/60373"}],"collection":[{"href":"https:\/\/espacoecologico.com.br\/arquivo\/wp-json\/wp\/v2\/posts"}],"about":[{"href":"https:\/\/espacoecologico.com.br\/arquivo\/wp-json\/wp\/v2\/types\/post"}],"author":[{"embeddable":true,"href":"https:\/\/espacoecologico.com.br\/arquivo\/wp-json\/wp\/v2\/users\/7"}],"replies":[{"embeddable":true,"href":"https:\/\/espacoecologico.com.br\/arquivo\/wp-json\/wp\/v2\/comments?post=60373"}],"version-history":[{"count":0,"href":"https:\/\/espacoecologico.com.br\/arquivo\/wp-json\/wp\/v2\/posts\/60373\/revisions"}],"wp:featuredmedia":[{"embeddable":true,"href":"https:\/\/espacoecologico.com.br\/arquivo\/wp-json\/wp\/v2\/media\/60374"}],"wp:attachment":[{"href":"https:\/\/espacoecologico.com.br\/arquivo\/wp-json\/wp\/v2\/media?parent=60373"}],"wp:term":[{"taxonomy":"category","embeddable":true,"href":"https:\/\/espacoecologico.com.br\/arquivo\/wp-json\/wp\/v2\/categories?post=60373"},{"taxonomy":"post_tag","embeddable":true,"href":"https:\/\/espacoecologico.com.br\/arquivo\/wp-json\/wp\/v2\/tags?post=60373"}],"curies":[{"name":"wp","href":"https:\/\/api.w.org\/{rel}","templated":true}]}}