{"id":60359,"date":"2017-02-21T10:00:03","date_gmt":"2017-02-21T13:00:03","guid":{"rendered":"https:\/\/espacoecologico.com.br\/arquivo\/?p=60359"},"modified":"2017-02-20T21:13:08","modified_gmt":"2017-02-21T00:13:08","slug":"estudo-aponta-melhora-na-coleta-de-esgoto-mas-apenas-42-sao-tratados","status":"publish","type":"post","link":"https:\/\/espacoecologico.com.br\/arquivo\/estudo-aponta-melhora-na-coleta-de-esgoto-mas-apenas-42-sao-tratados\/","title":{"rendered":"Estudo aponta melhora na coleta de esgoto, mas apenas 42% s\u00e3o tratados"},"content":{"rendered":"<div class=\"content\">\n<p><a href=\"https:\/\/espacoecologico.com.br\/arquivo\/?attachment_id=60362\" rel=\"attachment wp-att-60362\"><img loading=\"lazy\" class=\"alignleft size-medium wp-image-60362\" src=\"https:\/\/espacoecologico.com.br\/arquivo\/wp-content\/uploads\/2017\/02\/esgoto-300x192.jpg\" alt=\"\" width=\"300\" height=\"192\" srcset=\"https:\/\/espacoecologico.com.br\/arquivo\/wp-content\/uploads\/2017\/02\/esgoto-300x192.jpg 300w, https:\/\/espacoecologico.com.br\/arquivo\/wp-content\/uploads\/2017\/02\/esgoto.jpg 415w\" sizes=\"(max-width: 300px) 100vw, 300px\" \/><\/a>Levantamento nesta segunda-feira (20) pelo Instituto Trata Brasil, em parceria com a consultoria GO Associados, revela que 50,3% dos brasileiros tinham acesso \u00e0 coleta dos esgotos em 2015, por\u00e9m somente 42% dos esgotos eram tratados.\u00a0Cerca de 34 milh\u00f5es de brasileiros n\u00e3o tinham acesso a \u00e1gua tratada naquele ano.<\/p>\n<p>O estudo mostra que, apesar dos investimentos feitos nos \u00faltimos cinco anos, o pa\u00eds avan\u00e7ou pouco em saneamento b\u00e1sico, inclusive nas capitais.<\/p>\n<p>Elaborado com base em n\u00fameros do Minist\u00e9rio das Cidades \u2013 de 2015 \u2013 o levantamento tra\u00e7a o perfil do Novo Ranking do Saneamento B\u00e1sico das 100 maiores cidades brasileiras.<\/p>\n<p>Coleta e tratamento de esgoto<\/p>\n<p>Os dados mostram que em 24 capitais, menos de 80% do esgoto s\u00e3o tratados. Bras\u00edlia e Curitiba apresentaram os maiores percentuais de tratamento, 82% e 91% respectivamente.<\/p>\n<p>Nas maiores cidades, em m\u00e9dia,\u00a071,05% da popula\u00e7\u00e3o tinham coleta de esgoto, \u00edndice superior \u00e0 m\u00e9dia nacional em 2015 (50,26%).<\/p>\n<p>&#8220;Quarenta e quatro cidades reportaram que mais de 80% da popula\u00e7\u00e3o possui os servi\u00e7os de coleta de\u00a0esgotos, 25 cidades informaram que menos de 40% da popula\u00e7\u00e3o conta com esses\u00a0servi\u00e7os, enquanto que em 8 munic\u00edpios o \u00edndice ficou entre 0 e 20%. Cinco cidades\u00a0reportaram 100% (Curitiba-PR, Diadema &#8211; SP, Londrina &#8211; PR, Maring\u00e1 &#8211; PR e Ponta\u00a0Grossa &#8211; PR), enquanto Santar\u00e9m \u2013 PA indicou 0% (zero)&#8221;, diz comunicado do instituto.<\/p>\n<p>As grandes cidades da Regi\u00e3o Norte ocupam as \u00faltimas coloca\u00e7\u00f5es no ranking do saneamento e apresentam n\u00fameros bem abaixo da m\u00e9dia nacional, na maioria dos indicadores.<\/p>\n<p>\u201c\u00c9 preocupante o fato de que 13 das 27 capitais atendam menos da metade da popula\u00e7\u00e3o com coleta de esgoto. Situa\u00e7\u00e3o an\u00e1loga ocorre com o tratamento, em que algumas capitais tratam menos de 10% dos esgotos gerados. Assim, se mostra fundamental um salto em investimentos e s\u00e3o as capitais os munic\u00edpios com maior capacidade para tal\u201d, ressalta Gesner Oliveira, s\u00f3cio da GO Associados, em comunicado.<\/p>\n<p><strong>Liga\u00e7\u00f5es de \u00e1gua<\/strong><\/p>\n<p>O estudo aponta que em 2015, em m\u00e9dia, os 100 maiores munic\u00edpios fizeram 39,61% liga\u00e7\u00f5es de \u00e1gua faltantes para a universaliza\u00e7\u00e3o dos servi\u00e7os, uma melhora em rela\u00e7\u00e3o aos 28,47% registrados em 2014. \u201cEntre 2014 e 2015, 35 cidades fizeram mais de 80% das liga\u00e7\u00f5es faltantes de \u00e1gua, mas, no entanto, 32% dos munic\u00edpios realizaram menos de 20%&#8221;, diz o estudo.<\/p>\n<p>Em termos absolutos, segundo o ranking, Rio de Janeiro, S\u00e3o Paulo e Bras\u00edlia foram as cidades que fizeram mais liga\u00e7\u00f5es de \u00e1gua.<\/p>\n<p><strong>Investimentos<\/strong><\/p>\n<p>Em 26 cidades, h\u00e1 defasagem entre apresenta\u00e7\u00e3o de projetos e levantamento de recursos para fornecimento dos servi\u00e7os de \u00e1gua permaneceu entre 2011 a 2015.<\/p>\n<p>\u201cEssas 26 grandes cidades abrigam quase um quarto da popula\u00e7\u00e3o do pa\u00eds, ent\u00e3o \u00e9 esperado que tenham os maiores desafios para levar os servi\u00e7os de \u00e1gua e esgoto \u00e0 totalidade da popula\u00e7\u00e3o, mas \u00e9 tamb\u00e9m certo que s\u00e3o as que t\u00eam mais condi\u00e7\u00f5es de fazer projetos e levantar recursos para a solu\u00e7\u00e3o. E isso n\u00e3o vem ocorrendo\u201d, disse \u00c9dison Carlos, presidente do Trata Brasil<\/p>\n<p>O Plano Nacional de Saneamento B\u00e1sico (Plansab) estima que os investimentos necess\u00e1rios para se alcan\u00e7ar a universaliza\u00e7\u00e3o dos servi\u00e7os de saneamento b\u00e1sico s\u00e3o da ordem de R$ 19 bi por ano at\u00e9 2033, o que n\u00e3o vem acontecendo. De acordo com o estudo, o ritmo atual \u00e9 de investimento de R$ 13 bilh\u00f5es ao ano. Com isso, a meta deve ser atingida apenas ap\u00f3s 2050.<\/p>\n<p>De acordo com ranking, de 2011 a 2015, 26 capitais (com exce\u00e7\u00e3o de Palmas) investiram juntas R$ 19,44 bilh\u00f5es em saneamento b\u00e1sico, equivalente a 63% do total investido pelas 100 maiores cidades (R$ 30,8 bilh\u00f5es) e a 32% do total de R$ 60,6 bilh\u00f5es investido no per\u00edodo.<\/p>\n<p>O Ranking do Saneamento B\u00e1sico das 100 maiores cidades do pa\u00eds \u00e9 divulgado pelo Instituto Trata Brasil desde 2009, sempre a partir de dados oficiais fornecidos pelo Sistema Nacional de Informa\u00e7\u00f5es sobre Saneamento B\u00e1sico (SNIS), do Minist\u00e9rio das Cidades. Os n\u00fameros s\u00e3o informados pelas pr\u00f3prias empresas operadoras de \u00e1gua e esgotos dos munic\u00edpios brasileiros ao governo federal.<\/p>\n<p>Procurado pela <strong>Ag\u00eancia Brasil<\/strong>, o Minist\u00e9rio das Cidades n\u00e3o se manifestou sobre o assunto.<\/p>\n<div class=\"node-info\">Edi\u00e7\u00e3o: <strong>Maria Claudia<\/strong><\/div>\n<\/div>\n","protected":false},"excerpt":{"rendered":"<p>Levantamento nesta segunda-feira (20) pelo Instituto Trata Brasil, em parceria com a consultoria GO Associados,<\/p>\n","protected":false},"author":7,"featured_media":60362,"comment_status":"open","ping_status":"open","sticky":false,"template":"","format":"standard","meta":[],"categories":[],"tags":[],"uagb_featured_image_src":{"full":["https:\/\/espacoecologico.com.br\/arquivo\/wp-content\/uploads\/2017\/02\/esgoto.jpg",415,265,false],"thumbnail":["https:\/\/espacoecologico.com.br\/arquivo\/wp-content\/uploads\/2017\/02\/esgoto-150x150.jpg",150,150,true],"medium":["https:\/\/espacoecologico.com.br\/arquivo\/wp-content\/uploads\/2017\/02\/esgoto-300x192.jpg",300,192,true],"medium_large":["https:\/\/espacoecologico.com.br\/arquivo\/wp-content\/uploads\/2017\/02\/esgoto.jpg",415,265,false],"large":["https:\/\/espacoecologico.com.br\/arquivo\/wp-content\/uploads\/2017\/02\/esgoto.jpg",415,265,false],"1536x1536":["https:\/\/espacoecologico.com.br\/arquivo\/wp-content\/uploads\/2017\/02\/esgoto.jpg",415,265,false],"2048x2048":["https:\/\/espacoecologico.com.br\/arquivo\/wp-content\/uploads\/2017\/02\/esgoto.jpg",415,265,false],"cream-magazine-thumbnail-2":["https:\/\/espacoecologico.com.br\/arquivo\/wp-content\/uploads\/2017\/02\/esgoto.jpg",415,265,false],"cream-magazine-thumbnail-3":["https:\/\/espacoecologico.com.br\/arquivo\/wp-content\/uploads\/2017\/02\/esgoto.jpg",415,265,false],"cream-magazine-thumbnail-4":["https:\/\/espacoecologico.com.br\/arquivo\/wp-content\/uploads\/2017\/02\/esgoto.jpg",415,265,false]},"uagb_author_info":{"display_name":"","author_link":"https:\/\/espacoecologico.com.br\/arquivo\/author\/"},"uagb_comment_info":0,"uagb_excerpt":"Levantamento nesta segunda-feira (20) pelo Instituto Trata Brasil, em parceria com a consultoria GO Associados,","_links":{"self":[{"href":"https:\/\/espacoecologico.com.br\/arquivo\/wp-json\/wp\/v2\/posts\/60359"}],"collection":[{"href":"https:\/\/espacoecologico.com.br\/arquivo\/wp-json\/wp\/v2\/posts"}],"about":[{"href":"https:\/\/espacoecologico.com.br\/arquivo\/wp-json\/wp\/v2\/types\/post"}],"author":[{"embeddable":true,"href":"https:\/\/espacoecologico.com.br\/arquivo\/wp-json\/wp\/v2\/users\/7"}],"replies":[{"embeddable":true,"href":"https:\/\/espacoecologico.com.br\/arquivo\/wp-json\/wp\/v2\/comments?post=60359"}],"version-history":[{"count":0,"href":"https:\/\/espacoecologico.com.br\/arquivo\/wp-json\/wp\/v2\/posts\/60359\/revisions"}],"wp:featuredmedia":[{"embeddable":true,"href":"https:\/\/espacoecologico.com.br\/arquivo\/wp-json\/wp\/v2\/media\/60362"}],"wp:attachment":[{"href":"https:\/\/espacoecologico.com.br\/arquivo\/wp-json\/wp\/v2\/media?parent=60359"}],"wp:term":[{"taxonomy":"category","embeddable":true,"href":"https:\/\/espacoecologico.com.br\/arquivo\/wp-json\/wp\/v2\/categories?post=60359"},{"taxonomy":"post_tag","embeddable":true,"href":"https:\/\/espacoecologico.com.br\/arquivo\/wp-json\/wp\/v2\/tags?post=60359"}],"curies":[{"name":"wp","href":"https:\/\/api.w.org\/{rel}","templated":true}]}}