{"id":60354,"date":"2017-02-21T09:00:47","date_gmt":"2017-02-21T12:00:47","guid":{"rendered":"https:\/\/espacoecologico.com.br\/arquivo\/?p=60354"},"modified":"2017-02-20T21:07:00","modified_gmt":"2017-02-21T00:07:00","slug":"veja-dicas-de-como-prevenir-intoxicacao-por-produtos-quimicos-em-criancas","status":"publish","type":"post","link":"https:\/\/espacoecologico.com.br\/arquivo\/veja-dicas-de-como-prevenir-intoxicacao-por-produtos-quimicos-em-criancas\/","title":{"rendered":"Veja dicas de como prevenir intoxica\u00e7\u00e3o por produtos qu\u00edmicos em crian\u00e7as"},"content":{"rendered":"<div class=\"mc-column content-text active-extra-styles active-capital-letter\" data-block-type=\"unstyled\" data-block-weight=\"54\">\n<p class=\"content-text__container theme-color-primary-first-letter\" data-track-category=\"Link no Texto\" data-track-links=\"\"><a href=\"https:\/\/espacoecologico.com.br\/arquivo\/?attachment_id=60355\" rel=\"attachment wp-att-60355\"><img loading=\"lazy\" class=\"alignleft size-medium wp-image-60355\" src=\"https:\/\/espacoecologico.com.br\/arquivo\/wp-content\/uploads\/2017\/02\/limpesa-300x192.jpg\" alt=\"\" width=\"300\" height=\"192\" srcset=\"https:\/\/espacoecologico.com.br\/arquivo\/wp-content\/uploads\/2017\/02\/limpesa-300x192.jpg 300w, https:\/\/espacoecologico.com.br\/arquivo\/wp-content\/uploads\/2017\/02\/limpesa.jpg 415w\" sizes=\"(max-width: 300px) 100vw, 300px\" \/><\/a>A intoxica\u00e7\u00e3o foi a quinta maior causa de mortes por acidentes entre crian\u00e7as de 0 a 14 anos em 2014 no Brasil, segundo dados do Minist\u00e9rio da Sa\u00fade divulgados pela ONG Crian\u00e7a Segura. Entre as 93 mortes por intoxica\u00e7\u00e3o, 33 foram relacionadas \u00e0 exposi\u00e7\u00e3o a \u00e1lcool, solventes, gases, pesticidas e outras subst\u00e2ncias qu\u00edmicas nocivas.<\/p>\n<\/div>\n<div class=\"mc-column content-text active-extra-styles \" data-block-type=\"unstyled\" data-block-weight=\"44\">\n<p class=\"content-text__container \" data-track-category=\"Link no Texto\" data-track-links=\"\">Este foi o caso do <a href=\"http:\/\/g1.globo.com\/sp\/bauru-marilia\/noticia\/2017\/02\/avo-confunde-suco-com-produto-de-limpeza-da-neta-e-bebe-morre.html\">acidente registrado em Ja\u00fa neste domingo (19)<\/a>, no qual um beb\u00ea de 10 meses morreu ap\u00f3s ingerir um produto de limpeza. A av\u00f3 da crian\u00e7a pensou que o l\u00edquido fosse suco de uva e deu para a neta beber.<\/p>\n<\/div>\n<div class=\"mc-column content-text active-extra-styles \" data-block-type=\"unstyled\" data-block-weight=\"24\">\n<p class=\"content-text__container \" data-track-category=\"Link no Texto\" data-track-links=\"\">Para Gabriela Guida de Freitas, coordenadora da ONG Crian\u00e7a Segura, a intoxica\u00e7\u00e3o por produtos qu\u00edmicos est\u00e1 entre os acidentes mais f\u00e1ceis de se evitar.<\/p>\n<\/div>\n<div class=\"mc-column content-text active-extra-styles \" data-block-type=\"unstyled\" data-block-weight=\"12\">\n<p class=\"content-text__container \" data-track-category=\"Link no Texto\" data-track-links=\"\">Veja as principais recomenda\u00e7\u00f5es da organiza\u00e7\u00e3o para evitar esse tipo de acidente:<\/p>\n<\/div>\n<div class=\"mc-column content-text active-extra-styles\" data-block-type=\"raw\" data-block-weight=\"102\">\n<ul class=\"content-unordered-list\">\n<li>Os produtos devem ser mantidos na embalagem original. Transferir os produtos para outras embalagens, como garrafas PET, pode confundir as pessoas<\/li>\n<li>Produtos de limpeza e higiene, venenos e medicamentos devem ser guardados em locais altos, longe do acesso das crian\u00e7as, de prefer\u00eancia trancados em um arm\u00e1rio<\/li>\n<li>No caso de arm\u00e1rios e gavetas que n\u00e3o possuem tranca, \u00e9 poss\u00edvel comprar travas especiais em lojas de produtos infantis<\/li>\n<li>\u00c9 importante prestar aten\u00e7\u00e3o no local onde os produtos s\u00e3o deixados enquanto est\u00e3o em uso<\/li>\n<li>N\u00e3o \u00e9 recomendado misturar produtos qu\u00edmicos ou de limpeza; a mistura pode ser ainda mais t\u00f3xica do que o produto original<\/li>\n<\/ul>\n<\/div>\n<div class=\"mc-column content-text active-extra-styles \" data-block-type=\"unstyled\" data-block-weight=\"60\">\n<p class=\"content-text__container \" data-track-category=\"Link no Texto\" data-track-links=\"\">Gabriela alerta para um risco adicional de se comprar produtos de limpeza a granel e transferi-los para outras embalagens. &#8220;O problema de se comprar produtos a granel \u00e9 que n\u00e3o se sabe composi\u00e7\u00e3o deles sem a embalagem. Para o p\u00f3s-acidente, o m\u00e9dico vai querer saber qual era o produto para fazer o atendimento. Sem essa informa\u00e7\u00e3o, a situa\u00e7\u00e3o fica delicada.&#8221;<\/p>\n<\/div>\n<div class=\"mc-column content-text active-extra-styles \" data-block-type=\"unstyled\" data-block-weight=\"13\">\n<p class=\"content-text__container \" data-track-category=\"Link no Texto\" data-track-links=\"\">Veja como proceder caso a crian\u00e7a j\u00e1 tenha ingerido um produto potencialmente nocivo:<\/p>\n<\/div>\n<div class=\"content-ads content-ads--reveal\"><\/div>\n<div class=\"mc-column content-text active-extra-styles\" data-block-type=\"raw\" data-block-weight=\"61\">\n<ul class=\"content-unordered-list\">\n<li>Chamar o servi\u00e7o de emerg\u00eancia (SAMU: 192) ou levar a crian\u00e7a imediatamente a um servi\u00e7o de emerg\u00eancia de um hospital<\/li>\n<li>Levar a embalagem do produto que provocou a intoxica\u00e7\u00e3o para que os profissionais de sa\u00fade possam fazer o atendimento mais adequado<\/li>\n<li>N\u00e3o \u00e9 recomendado dar outros produtos para a v\u00edtima ingerir, como \u00e1gua ou leite<\/li>\n<li>N\u00e3o \u00e9 recomendado induzir o v\u00f4mito<\/li>\n<\/ul>\n<\/div>\n","protected":false},"excerpt":{"rendered":"<p>A intoxica\u00e7\u00e3o foi a quinta maior causa de mortes por acidentes entre crian\u00e7as de 0<\/p>\n","protected":false},"author":7,"featured_media":60355,"comment_status":"open","ping_status":"open","sticky":false,"template":"","format":"standard","meta":[],"categories":[],"tags":[],"uagb_featured_image_src":{"full":["https:\/\/espacoecologico.com.br\/arquivo\/wp-content\/uploads\/2017\/02\/limpesa.jpg",415,265,false],"thumbnail":["https:\/\/espacoecologico.com.br\/arquivo\/wp-content\/uploads\/2017\/02\/limpesa-150x150.jpg",150,150,true],"medium":["https:\/\/espacoecologico.com.br\/arquivo\/wp-content\/uploads\/2017\/02\/limpesa-300x192.jpg",300,192,true],"medium_large":["https:\/\/espacoecologico.com.br\/arquivo\/wp-content\/uploads\/2017\/02\/limpesa.jpg",415,265,false],"large":["https:\/\/espacoecologico.com.br\/arquivo\/wp-content\/uploads\/2017\/02\/limpesa.jpg",415,265,false],"1536x1536":["https:\/\/espacoecologico.com.br\/arquivo\/wp-content\/uploads\/2017\/02\/limpesa.jpg",415,265,false],"2048x2048":["https:\/\/espacoecologico.com.br\/arquivo\/wp-content\/uploads\/2017\/02\/limpesa.jpg",415,265,false],"cream-magazine-thumbnail-2":["https:\/\/espacoecologico.com.br\/arquivo\/wp-content\/uploads\/2017\/02\/limpesa.jpg",415,265,false],"cream-magazine-thumbnail-3":["https:\/\/espacoecologico.com.br\/arquivo\/wp-content\/uploads\/2017\/02\/limpesa.jpg",415,265,false],"cream-magazine-thumbnail-4":["https:\/\/espacoecologico.com.br\/arquivo\/wp-content\/uploads\/2017\/02\/limpesa.jpg",415,265,false]},"uagb_author_info":{"display_name":"","author_link":"https:\/\/espacoecologico.com.br\/arquivo\/author\/"},"uagb_comment_info":0,"uagb_excerpt":"A intoxica\u00e7\u00e3o foi a quinta maior causa de mortes por acidentes entre crian\u00e7as de 0","_links":{"self":[{"href":"https:\/\/espacoecologico.com.br\/arquivo\/wp-json\/wp\/v2\/posts\/60354"}],"collection":[{"href":"https:\/\/espacoecologico.com.br\/arquivo\/wp-json\/wp\/v2\/posts"}],"about":[{"href":"https:\/\/espacoecologico.com.br\/arquivo\/wp-json\/wp\/v2\/types\/post"}],"author":[{"embeddable":true,"href":"https:\/\/espacoecologico.com.br\/arquivo\/wp-json\/wp\/v2\/users\/7"}],"replies":[{"embeddable":true,"href":"https:\/\/espacoecologico.com.br\/arquivo\/wp-json\/wp\/v2\/comments?post=60354"}],"version-history":[{"count":0,"href":"https:\/\/espacoecologico.com.br\/arquivo\/wp-json\/wp\/v2\/posts\/60354\/revisions"}],"wp:featuredmedia":[{"embeddable":true,"href":"https:\/\/espacoecologico.com.br\/arquivo\/wp-json\/wp\/v2\/media\/60355"}],"wp:attachment":[{"href":"https:\/\/espacoecologico.com.br\/arquivo\/wp-json\/wp\/v2\/media?parent=60354"}],"wp:term":[{"taxonomy":"category","embeddable":true,"href":"https:\/\/espacoecologico.com.br\/arquivo\/wp-json\/wp\/v2\/categories?post=60354"},{"taxonomy":"post_tag","embeddable":true,"href":"https:\/\/espacoecologico.com.br\/arquivo\/wp-json\/wp\/v2\/tags?post=60354"}],"curies":[{"name":"wp","href":"https:\/\/api.w.org\/{rel}","templated":true}]}}