{"id":60337,"date":"2017-02-20T14:00:42","date_gmt":"2017-02-20T17:00:42","guid":{"rendered":"https:\/\/espacoecologico.com.br\/arquivo\/?p=60337"},"modified":"2017-02-20T14:00:44","modified_gmt":"2017-02-20T17:00:44","slug":"fruta-tipica-do-brasil-pode-combater-a-resistencia-das-superbacterias","status":"publish","type":"post","link":"https:\/\/espacoecologico.com.br\/arquivo\/fruta-tipica-do-brasil-pode-combater-a-resistencia-das-superbacterias\/","title":{"rendered":"Fruta t\u00edpica do Brasil pode combater a resist\u00eancia das superbact\u00e9rias"},"content":{"rendered":"<p><script src=\"http:\/\/cdn.teads.tv\/media\/format\/v3\/teads-format.min.js?201722013\" async=\"\"><\/script><script src=\"\/\/pagead2.googlesyndication.com\/pagead\/expansion_embed.js?source=safeframe\"><\/script><script src=\"http:\/\/odb.outbrain.com\/utils\/get?url=http%3A%2F%2Fexame.abril.com.br%2Fciencia%2Ffruta-tipica-do-brasil-pode-combater-superbacteria%2F&amp;settings=true&amp;recs=true&amp;widgetJSId=SB_2&amp;key=NANOWDGT01&amp;idx=1&amp;version=01001306&amp;ref=http%3A%2F%2Fexame.abril.com.br%2Fciencia%2F&amp;apv=true&amp;sig=6129183&amp;format=html&amp;rand=52426&amp;lsd=72986e7c-1304-414f-b569-ebe2538916cd&amp;t=MV9mOTlhZjc3NTA1ZWVlNTJkM2YxNmZhMzIyMDU0M2FkMF8w&amp;winW=1536&amp;winH=747&amp;adblck=false\" async=\"\" type=\"text\/javascript\" charset=\"UTF-8\"><\/script><script src=\"http:\/\/odb.outbrain.com\/utils\/get?url=http%3A%2F%2Fexame.abril.com.br%2Fciencia%2Ffruta-tipica-do-brasil-pode-combater-superbacteria%2F&amp;settings=true&amp;recs=true&amp;widgetJSId=AR_4&amp;key=NANOWDGT01&amp;idx=0&amp;version=01001306&amp;ref=http%3A%2F%2Fexame.abril.com.br%2Fciencia%2F&amp;apv=false&amp;sig=6129183&amp;format=html&amp;rand=44112&amp;winW=1536&amp;winH=747&amp;adblck=false\" async=\"\" type=\"text\/javascript\" charset=\"UTF-8\"><\/script><script src=\"http:\/\/pagead2.googlesyndication.com\/pagead\/show_companion_ad.js\"><\/script><script src=\"http:\/\/www.googletagservices.com\/tag\/js\/gpt.js\" async=\"\" type=\"text\/javascript\"><\/script><script src=\"http:\/\/b.scorecardresearch.com\/c2\/6906435\/cs.js\" async=\"\" type=\"text\/javascript\"><\/script><script src=\"\/\/cdn.navdmp.com\/req?v=7&amp;id=714d5adfcfff6ae5934df4f4309|2&amp;acc=12691&amp;ref=http%3A\/\/exame.abril.com.br\/ciencia\/&amp;tit=Fruta%20t%EDpica%20do%20Brasil%20pode%20combater%20superbact%E9ria%20%7C%20EXAME.com%20-%20Neg%F3cios%2C%20economia%2C%20tecnologia%20e%20carreira&amp;utm=245008721.1487609553.1.1.utmcsr%3Dbing%7Cutmccn%3D%28organic%29%7Cutmcmd%3Dorganic%7Cutmctr%3D%28not%20provided%29\" async=\"\" type=\"text\/javascript\"><\/script><script async=\"\" type=\"text\/javascript\">\/\/ <![CDATA[\nnvg12691.dfpnvg=function(){this.cokCache={};var a=this.segments;for(nvg_i in a){var b='';var c='nvg_'+a[nvg_i];var d=this.getSegment(a[nvg_i]);if(d.search(',')!=-1){var b=d.split(',');var e=1;}else if(d.search('-')!=-1){var b=d.split('-');var e=1;}else if(d!=''){if(typeof googletag==\"object\")googletag.pubads().setTargeting(c,d);if(typeof GA_googleAddAttr==\"function\")GA_googleAddAttr(c,d);var e=0;}if(e==1)if(b.length>=1){if(typeof googletag==\"object\")googletag.pubads().setTargeting(c,b);if(typeof GA_googleAddAttr==\"function\")GA_googleAddAttr(c,b);}}};nvg12691.makeRubicon=function(){var a={};var b=new Array(\"gender\",\"age\",\"education\",\"interest\",\"product\",\"marital\",\"brand\",\"career\",\"income\",\"cluster\",\"custom\",\"industry\",\"everybuyer\", \"everyone\");var c=0;var d='';for(c=0;c<b.length;c++){d=nvg12691.getSegment(b[c]);if(d)a['nvg_'+b[c]]=nvg12691.getSegment(b[c]).replace(\/-\/g,\",\");};return a;};nvg12691.toRubicon=nvg12691.makeRubicon;\n\/\/ ]]><\/script><script src=\"https:\/\/s0.wp.com\/wp-content\/themes\/vip\/abril-master\/js\/ads\/ads_master.json?r=201722013\" type=\"text\/javascript\"><\/script><script src=\"http:\/\/ads.rubiconproject.com\/header\/11134.js\" async=\"\" type=\"text\/javascript\"><\/script><script src=\"\/\/cdn.tinypass.com\/api\/tinypass.min.js\" async=\"\" type=\"text\/javascript\"><\/script><script src=\"\/\/experience.tinypass.com\/xbuilder\/experience\/load?aid=3vxSO5Sezi\" async=\"\" type=\"text\/javascript\"><\/script><script id=\"facebook-jssdk\" src=\"http:\/\/connect.facebook.net\/pt_BR\/all.js\" async=\"\"><\/script><script src=\"\/\/cdn.worldsense.com\/hyperlinker.js\" async=\"\" type=\"text\/javascript\"><\/script><script src=\"https:\/\/z.moatads.com\/grupoabril895UVFG86\/moatcontent.js#l1=exame.abril.com.br&amp;l2=Fruta%20t%C3%ADpica%20do%20Brasil%20pode%20combater%20superbact%C3%A9ria%20%7C%20EXAME.com%20-%20Neg%C3%B3cios%2C%20economia%2C%20tecnologia%20e%20carreira&amp;l3=__page__&amp;l4=-&amp;zmoatab_cm=65&amp;t=1487609747322&amp;de=241573770691&amp;zMoatAB_SNPT=true\" async=\"\" type=\"text\/javascript\"><\/script><script src=\"https:\/\/d31qbv1cthcecs.cloudfront.net\/atrk.js\" async=\"\" type=\"text\/javascript\"><\/script><script src=\"\/\/www.google-analytics.com\/analytics.js\" async=\"\"><\/script><script src=\"http:\/\/www.google-analytics.com\/ga.js\" async=\"\" type=\"text\/javascript\"><\/script><script src=\"\/\/www.googletagmanager.com\/gtm.js?id=GTM-TVBN74\" async=\"\"><\/script><script src=\"https:\/\/connect.facebook.net\/en_US\/fbevents.js\" async=\"\"><\/script><script src=\"\/\/ads.rubiconproject.com\/header\/11134.js\"><\/script><!-- Facebook Pixel Code --><script>\/\/ <![CDATA[\n      !function(f,b,e,v,n,t,s){if(f.fbq)return;n=f.fbq=function(){n.callMethod?\n      n.callMethod.apply(n,arguments):n.queue.push(arguments)};if(!f._fbq)f._fbq=n;\n      n.push=n;n.loaded=!0;n.version='2.0';n.queue=[];t=b.createElement(e);t.async=!0;\n      t.src=v;s=b.getElementsByTagName(e)[0];s.parentNode.insertBefore(t,s)}(window,\n      document,'script','https:\/\/connect.facebook.net\/en_US\/fbevents.js');\n      fbq('init', '1869534393278100');\n      fbq('track', 'PageView');\n    \n\/\/ ]]><\/script><noscript><img loading=\"lazy\" height=\"1\" width=\"1\" style=\"display:none\"    src=\"https:\/\/www.facebook.com\/tr?id=1869534393278100&#038;ev=PageView&#038;noscript=1\"    \/><\/noscript><!-- DO NOT MODIFY --> <!-- End Facebook Pixel Code --><script src=\"https:\/\/cdnjs.cloudflare.com\/ajax\/libs\/underscore.js\/1.5.2\/underscore-min.js\" type=\"text\/javascript\"><\/script><script src=\"https:\/\/cdn.boomtrain.com\/analyticstrain\/4e95f0debe3619d4e92b1b9828f17942\/analyticstrain.min.js\" type=\"text\/javascript\"><\/script><script src=\"https:\/\/d3r7h55ola878c.cloudfront.net\/btn\/1.0.7\/nudgespot-loader.js\" type=\"text\/javascript\"><\/script><script src=\"\/\/www.npttech.com\/advertising.js\" async=\"true\"><\/script><script src=\"http:\/\/rtax.criteo.com\/delivery\/rta\/rta.js?netId=4317&amp;cookieName=crtg_rta&amp;rnd=39847914232&amp;varName=crtg_content\" async=\"\" type=\"text\/javascript\"><\/script><script src=\"https:\/\/x-abril.inventorycdn.com\/js?cookie=rh_abril\" async=\"\" type=\"text\/javascript\"><\/script><script src=\"https:\/\/cdn.tinypass.com\/api\/libs\/psl.js\" async=\"\" type=\"text\/javascript\" charset=\"utf-8\" data-requirecontext=\"_\" data-requiremodule=\"psl\"><\/script><script src=\"https:\/\/securepubads.g.doubleclick.net\/gpt\/pubads_impl_110.js\" async=\"\"><\/script><\/p>\n<div class=\"container main-container \">\n<div class=\"row\">\n<div class=\"col-md-8\">\n<article id=\"post-2350395\" class=\"article\">\n<section class=\"article-content\"><a href=\"https:\/\/espacoecologico.com.br\/arquivo\/fruta-tipica-do-brasil-pode-combater-a-resistencia-das-superbacterias\/aroeira\/\" rel=\"attachment wp-att-60338\"><img loading=\"lazy\" class=\"alignleft size-medium wp-image-60338\" src=\"https:\/\/espacoecologico.com.br\/arquivo\/wp-content\/uploads\/2017\/02\/aroeira-300x192.jpg\" alt=\"\" width=\"300\" height=\"192\" srcset=\"https:\/\/espacoecologico.com.br\/arquivo\/wp-content\/uploads\/2017\/02\/aroeira-300x192.jpg 300w, https:\/\/espacoecologico.com.br\/arquivo\/wp-content\/uploads\/2017\/02\/aroeira.jpg 415w\" sizes=\"(max-width: 300px) 100vw, 300px\" \/><\/a>As temidas e mortais superbact\u00e9rias, que resistem aos mais fortes antibi\u00f3ticos, poderiam ser controladas por uma esp\u00e9cie de planta encontrada em abund\u00e2ncia no Brasil: a Aroeira-vermelha (ou Schinus terebinthifolius).<\/p>\n<p>O extrato da frutinha vermelha \u00e9 usado, h\u00e1 s\u00e9culos, por curandeiros ind\u00edgenas da floresta Amaz\u00f4nica para tratar de doen\u00e7as da pele. Ao estudar a cultura medicinal dos \u00edndios, pesquisadores descobriram que a planta tem propriedades que podem combater infec\u00e7\u00f5es letais e frear a multiplica\u00e7\u00e3o de superbact\u00e9rias dentro do organismo.<\/p>\n<p><script src=\"http:\/\/cdn.teads.tv\/media\/format\/v3\/teads-format.min.js?201722013\" async=\"\"><\/script><script src=\"\/\/pagead2.googlesyndication.com\/pagead\/expansion_embed.js?source=safeframe\"><\/script><script src=\"http:\/\/odb.outbrain.com\/utils\/get?url=http%3A%2F%2Fexame.abril.com.br%2Fciencia%2Ffruta-tipica-do-brasil-pode-combater-superbacteria%2F&amp;settings=true&amp;recs=true&amp;widgetJSId=SB_2&amp;key=NANOWDGT01&amp;idx=1&amp;version=01001306&amp;ref=http%3A%2F%2Fexame.abril.com.br%2Fciencia%2F&amp;apv=true&amp;sig=6129183&amp;format=html&amp;rand=52426&amp;lsd=72986e7c-1304-414f-b569-ebe2538916cd&amp;t=MV9mOTlhZjc3NTA1ZWVlNTJkM2YxNmZhMzIyMDU0M2FkMF8w&amp;winW=1536&amp;winH=747&amp;adblck=false\" async=\"\" type=\"text\/javascript\" charset=\"UTF-8\"><\/script><script src=\"http:\/\/odb.outbrain.com\/utils\/get?url=http%3A%2F%2Fexame.abril.com.br%2Fciencia%2Ffruta-tipica-do-brasil-pode-combater-superbacteria%2F&amp;settings=true&amp;recs=true&amp;widgetJSId=AR_4&amp;key=NANOWDGT01&amp;idx=0&amp;version=01001306&amp;ref=http%3A%2F%2Fexame.abril.com.br%2Fciencia%2F&amp;apv=false&amp;sig=6129183&amp;format=html&amp;rand=44112&amp;winW=1536&amp;winH=747&amp;adblck=false\" async=\"\" type=\"text\/javascript\" charset=\"UTF-8\"><\/script><script src=\"http:\/\/pagead2.googlesyndication.com\/pagead\/show_companion_ad.js\"><\/script><script src=\"http:\/\/www.googletagservices.com\/tag\/js\/gpt.js\" async=\"\" type=\"text\/javascript\"><\/script><script src=\"http:\/\/b.scorecardresearch.com\/c2\/6906435\/cs.js\" async=\"\" type=\"text\/javascript\"><\/script><script src=\"\/\/cdn.navdmp.com\/req?v=7&amp;id=714d5adfcfff6ae5934df4f4309|2&amp;acc=12691&amp;ref=http%3A\/\/exame.abril.com.br\/ciencia\/&amp;tit=Fruta%20t%EDpica%20do%20Brasil%20pode%20combater%20superbact%E9ria%20%7C%20EXAME.com%20-%20Neg%F3cios%2C%20economia%2C%20tecnologia%20e%20carreira&amp;utm=245008721.1487609553.1.1.utmcsr%3Dbing%7Cutmccn%3D%28organic%29%7Cutmcmd%3Dorganic%7Cutmctr%3D%28not%20provided%29\" async=\"\" type=\"text\/javascript\"><\/script><script async=\"\" type=\"text\/javascript\">\/\/ <![CDATA[\nnvg12691.dfpnvg=function(){this.cokCache={};var a=this.segments;for(nvg_i in a){var b='';var c='nvg_'+a[nvg_i];var d=this.getSegment(a[nvg_i]);if(d.search(',')!=-1){var b=d.split(',');var e=1;}else if(d.search('-')!=-1){var b=d.split('-');var e=1;}else if(d!=''){if(typeof googletag==\"object\")googletag.pubads().setTargeting(c,d);if(typeof GA_googleAddAttr==\"function\")GA_googleAddAttr(c,d);var e=0;}if(e==1)if(b.length>=1){if(typeof googletag==\"object\")googletag.pubads().setTargeting(c,b);if(typeof GA_googleAddAttr==\"function\")GA_googleAddAttr(c,b);}}};nvg12691.makeRubicon=function(){var a={};var b=new Array(\"gender\",\"age\",\"education\",\"interest\",\"product\",\"marital\",\"brand\",\"career\",\"income\",\"cluster\",\"custom\",\"industry\",\"everybuyer\", \"everyone\");var c=0;var d='';for(c=0;c<b.length;c++){d=nvg12691.getSegment(b[c]);if(d)a['nvg_'+b[c]]=nvg12691.getSegment(b[c]).replace(\/-\/g,\",\");};return a;};nvg12691.toRubicon=nvg12691.makeRubicon;\n\/\/ ]]><\/script><script src=\"https:\/\/s0.wp.com\/wp-content\/themes\/vip\/abril-master\/js\/ads\/ads_master.json?r=201722013\" type=\"text\/javascript\"><\/script><script src=\"http:\/\/ads.rubiconproject.com\/header\/11134.js\" async=\"\" type=\"text\/javascript\"><\/script><script src=\"\/\/cdn.tinypass.com\/api\/tinypass.min.js\" async=\"\" type=\"text\/javascript\"><\/script><script src=\"\/\/experience.tinypass.com\/xbuilder\/experience\/load?aid=3vxSO5Sezi\" async=\"\" type=\"text\/javascript\"><\/script><script id=\"facebook-jssdk\" src=\"http:\/\/connect.facebook.net\/pt_BR\/all.js\" async=\"\"><\/script><script src=\"\/\/cdn.worldsense.com\/hyperlinker.js\" async=\"\" type=\"text\/javascript\"><\/script><script src=\"https:\/\/z.moatads.com\/grupoabril895UVFG86\/moatcontent.js#l1=exame.abril.com.br&amp;l2=Fruta%20t%C3%ADpica%20do%20Brasil%20pode%20combater%20superbact%C3%A9ria%20%7C%20EXAME.com%20-%20Neg%C3%B3cios%2C%20economia%2C%20tecnologia%20e%20carreira&amp;l3=__page__&amp;l4=-&amp;zmoatab_cm=65&amp;t=1487609747322&amp;de=241573770691&amp;zMoatAB_SNPT=true\" async=\"\" type=\"text\/javascript\"><\/script><script src=\"https:\/\/d31qbv1cthcecs.cloudfront.net\/atrk.js\" async=\"\" type=\"text\/javascript\"><\/script><script src=\"\/\/www.google-analytics.com\/analytics.js\" async=\"\"><\/script><script src=\"http:\/\/www.google-analytics.com\/ga.js\" async=\"\" type=\"text\/javascript\"><\/script><script src=\"\/\/www.googletagmanager.com\/gtm.js?id=GTM-TVBN74\" async=\"\"><\/script><script src=\"https:\/\/connect.facebook.net\/en_US\/fbevents.js\" async=\"\"><\/script><script src=\"\/\/ads.rubiconproject.com\/header\/11134.js\"><\/script><!-- Facebook Pixel Code --><script>\/\/ <![CDATA[\n      !function(f,b,e,v,n,t,s){if(f.fbq)return;n=f.fbq=function(){n.callMethod?\n      n.callMethod.apply(n,arguments):n.queue.push(arguments)};if(!f._fbq)f._fbq=n;\n      n.push=n;n.loaded=!0;n.version='2.0';n.queue=[];t=b.createElement(e);t.async=!0;\n      t.src=v;s=b.getElementsByTagName(e)[0];s.parentNode.insertBefore(t,s)}(window,\n      document,'script','https:\/\/connect.facebook.net\/en_US\/fbevents.js');\n      fbq('init', '1869534393278100');\n      fbq('track', 'PageView');\n    \n\/\/ ]]><\/script><noscript><img loading=\"lazy\" height=\"1\" width=\"1\" style=\"display:none\"    src=\"https:\/\/www.facebook.com\/tr?id=1869534393278100&#038;ev=PageView&#038;noscript=1\"    \/><\/noscript><!-- DO NOT MODIFY --> <!-- End Facebook Pixel Code --><script src=\"https:\/\/cdnjs.cloudflare.com\/ajax\/libs\/underscore.js\/1.5.2\/underscore-min.js\" type=\"text\/javascript\"><\/script><script src=\"https:\/\/cdn.boomtrain.com\/analyticstrain\/4e95f0debe3619d4e92b1b9828f17942\/analyticstrain.min.js\" type=\"text\/javascript\"><\/script><script src=\"https:\/\/d3r7h55ola878c.cloudfront.net\/btn\/1.0.7\/nudgespot-loader.js\" type=\"text\/javascript\"><\/script><script src=\"\/\/www.npttech.com\/advertising.js\" async=\"true\"><\/script><script src=\"http:\/\/rtax.criteo.com\/delivery\/rta\/rta.js?netId=4317&amp;cookieName=crtg_rta&amp;rnd=39847914232&amp;varName=crtg_content\" async=\"\" type=\"text\/javascript\"><\/script><script src=\"https:\/\/x-abril.inventorycdn.com\/js?cookie=rh_abril\" async=\"\" type=\"text\/javascript\"><\/script><script src=\"https:\/\/cdn.tinypass.com\/api\/libs\/psl.js\" async=\"\" type=\"text\/javascript\" charset=\"utf-8\" data-requirecontext=\"_\" data-requiremodule=\"psl\"><\/script><script src=\"https:\/\/securepubads.g.doubleclick.net\/gpt\/pubads_impl_110.js\" async=\"\"><\/script><\/p>\n<div class=\"container main-container \">\n<div class=\"row\">\n<div class=\"col-md-8\">\n<article id=\"post-2350395\" class=\"article\">\n<section class=\"article-content\">Os antibi\u00f3ticos tradicionais atacam e matam as bact\u00e9rias nocivas. Mas essa a\u00e7\u00e3o est\u00e1 se tornando cada vez mais ineficaz, porque os pat\u00f3genos est\u00e3o aprendendo a sobreviver a esse ataque. J\u00e1 os compostos da aroeira funcionam de uma forma mais inteligente, desarmando as bact\u00e9rias \u2013 e n\u00e3o destruindo.<\/p>\n<p>A explica\u00e7\u00e3o, segundo os cientistas da Emory University, em Atlanta, seria a de que as propriedades da planta reprimem o gene que permite que as c\u00e9lulas perigosas se comuniquem entre si, interrompendo a infec\u00e7\u00e3o. Essa alternativa tamb\u00e9m reduziria as chances das bact\u00e9rias de desenvolverem resist\u00eancia.<\/p>\n<p>Publicado na revista Scientific Reports, o novo estudo mostra que os compostos da planta foram utilizados para tratar, com sucesso, as les\u00f5es cut\u00e2neas de ratos infectados com superbact\u00e9rias.<\/p>\n<p>A aroeira-vermelha (tamb\u00e9m conhecida como peppertree), \u00e9 uma esp\u00e9cie nativa da Am\u00e9rica do Sul, mas tamb\u00e9m pode ser encontrada na Fl\u00f3rida, no Alabama, na Ge\u00f3rgia, no Texas e na Calif\u00f3rnia. Tamb\u00e9m \u00e9 considerada uma erva daninha com uma composi\u00e7\u00e3o qu\u00edmica poderosa. \u201cAs plantas persistentes t\u00eam uma vantagem qu\u00edmica em seus ecossistemas, o que pode ajudar a proteg\u00ea-los de doen\u00e7as para que possam se espalhar mais facilmente em um novo ambiente\u201d, explicou Cassandra Quave, professora de Biologia da Universidade Emory, ao Telegraph.<\/p>\n<p>Se surtir o mesmo efeito em humanos, a descoberta pode trazer um al\u00edvio para a comunidade m\u00e9dica. No ano passado, um relat\u00f3rio da AMR (Antimicrobial Resistance) previa que o problema das superbact\u00e9rias poderia causar 10 milh\u00f5es de morte em todo o mundo em 2050, levando a medicina de volta \u00e0 idade das trevas, com medicamentos comuns para prevenir infec\u00e7\u00f5es ap\u00f3s as cirurgias.<\/p>\n<\/section>\n<\/article>\n<\/div>\n<\/div>\n<\/div>\n<\/section>\n<\/article>\n<\/div>\n<\/div>\n<\/div>\n","protected":false},"excerpt":{"rendered":"<p>As temidas e mortais superbact\u00e9rias, que resistem aos mais fortes antibi\u00f3ticos, poderiam ser controladas por<\/p>\n","protected":false},"author":6,"featured_media":60338,"comment_status":"open","ping_status":"open","sticky":false,"template":"","format":"standard","meta":[],"categories":[],"tags":[],"uagb_featured_image_src":{"full":["https:\/\/espacoecologico.com.br\/arquivo\/wp-content\/uploads\/2017\/02\/aroeira.jpg",415,265,false],"thumbnail":["https:\/\/espacoecologico.com.br\/arquivo\/wp-content\/uploads\/2017\/02\/aroeira-150x150.jpg",150,150,true],"medium":["https:\/\/espacoecologico.com.br\/arquivo\/wp-content\/uploads\/2017\/02\/aroeira-300x192.jpg",300,192,true],"medium_large":["https:\/\/espacoecologico.com.br\/arquivo\/wp-content\/uploads\/2017\/02\/aroeira.jpg",415,265,false],"large":["https:\/\/espacoecologico.com.br\/arquivo\/wp-content\/uploads\/2017\/02\/aroeira.jpg",415,265,false],"1536x1536":["https:\/\/espacoecologico.com.br\/arquivo\/wp-content\/uploads\/2017\/02\/aroeira.jpg",415,265,false],"2048x2048":["https:\/\/espacoecologico.com.br\/arquivo\/wp-content\/uploads\/2017\/02\/aroeira.jpg",415,265,false],"cream-magazine-thumbnail-2":["https:\/\/espacoecologico.com.br\/arquivo\/wp-content\/uploads\/2017\/02\/aroeira.jpg",415,265,false],"cream-magazine-thumbnail-3":["https:\/\/espacoecologico.com.br\/arquivo\/wp-content\/uploads\/2017\/02\/aroeira.jpg",415,265,false],"cream-magazine-thumbnail-4":["https:\/\/espacoecologico.com.br\/arquivo\/wp-content\/uploads\/2017\/02\/aroeira.jpg",415,265,false]},"uagb_author_info":{"display_name":"","author_link":"https:\/\/espacoecologico.com.br\/arquivo\/author\/"},"uagb_comment_info":0,"uagb_excerpt":"As temidas e mortais superbact\u00e9rias, que resistem aos mais fortes antibi\u00f3ticos, poderiam ser controladas por","_links":{"self":[{"href":"https:\/\/espacoecologico.com.br\/arquivo\/wp-json\/wp\/v2\/posts\/60337"}],"collection":[{"href":"https:\/\/espacoecologico.com.br\/arquivo\/wp-json\/wp\/v2\/posts"}],"about":[{"href":"https:\/\/espacoecologico.com.br\/arquivo\/wp-json\/wp\/v2\/types\/post"}],"author":[{"embeddable":true,"href":"https:\/\/espacoecologico.com.br\/arquivo\/wp-json\/wp\/v2\/users\/6"}],"replies":[{"embeddable":true,"href":"https:\/\/espacoecologico.com.br\/arquivo\/wp-json\/wp\/v2\/comments?post=60337"}],"version-history":[{"count":0,"href":"https:\/\/espacoecologico.com.br\/arquivo\/wp-json\/wp\/v2\/posts\/60337\/revisions"}],"wp:featuredmedia":[{"embeddable":true,"href":"https:\/\/espacoecologico.com.br\/arquivo\/wp-json\/wp\/v2\/media\/60338"}],"wp:attachment":[{"href":"https:\/\/espacoecologico.com.br\/arquivo\/wp-json\/wp\/v2\/media?parent=60337"}],"wp:term":[{"taxonomy":"category","embeddable":true,"href":"https:\/\/espacoecologico.com.br\/arquivo\/wp-json\/wp\/v2\/categories?post=60337"},{"taxonomy":"post_tag","embeddable":true,"href":"https:\/\/espacoecologico.com.br\/arquivo\/wp-json\/wp\/v2\/tags?post=60337"}],"curies":[{"name":"wp","href":"https:\/\/api.w.org\/{rel}","templated":true}]}}