{"id":60333,"date":"2017-02-20T13:51:51","date_gmt":"2017-02-20T16:51:51","guid":{"rendered":"https:\/\/espacoecologico.com.br\/arquivo\/?p=60333"},"modified":"2017-02-20T13:51:52","modified_gmt":"2017-02-20T16:51:52","slug":"produtos-sem-gluten-podem-conter-substancias-bem-perigosas","status":"publish","type":"post","link":"https:\/\/espacoecologico.com.br\/arquivo\/produtos-sem-gluten-podem-conter-substancias-bem-perigosas\/","title":{"rendered":"Produtos sem gl\u00faten podem conter subst\u00e2ncias bem perigosas"},"content":{"rendered":"<p><script src=\"http:\/\/b.scorecardresearch.com\/c2\/6906435\/cs.js\" async=\"\" type=\"text\/javascript\"><\/script><script src=\"http:\/\/cdn.teads.tv\/media\/format\/v3\/teads-format.min.js?201722013\" async=\"\"><\/script><script src=\"\/\/pagead2.googlesyndication.com\/pagead\/expansion_embed.js?source=safeframe\"><\/script><script src=\"http:\/\/odb.outbrain.com\/utils\/get?url=http%3A%2F%2Fsaude.abril.com.br%2Falimentacao%2Fprodutos-sem-gluten-podem-conter-substancias-bem-perigosas%2F&amp;settings=true&amp;recs=true&amp;widgetJSId=SB_2&amp;key=NANOWDGT01&amp;idx=1&amp;version=01001306&amp;ref=http%3A%2F%2Fsaude.abril.com.br%2F&amp;apv=true&amp;sig=6129183&amp;format=html&amp;rand=17488&amp;lsd=72986e7c-1304-414f-b569-ebe2538916cd&amp;t=MV8zYTZiNjk2MGNkMTYzZTgzZjA4YWM0MjYyMmRkNzU0MV8w&amp;winW=1536&amp;winH=747&amp;adblck=false\" async=\"\" type=\"text\/javascript\" charset=\"UTF-8\"><\/script><script src=\"http:\/\/odb.outbrain.com\/utils\/get?url=http%3A%2F%2Fsaude.abril.com.br%2Falimentacao%2Fprodutos-sem-gluten-podem-conter-substancias-bem-perigosas%2F&amp;settings=true&amp;recs=true&amp;widgetJSId=AR_4&amp;key=NANOWDGT01&amp;idx=0&amp;version=01001306&amp;ref=http%3A%2F%2Fsaude.abril.com.br%2F&amp;apv=false&amp;sig=6129183&amp;format=html&amp;rand=23483&amp;winW=1536&amp;winH=747&amp;adblck=false\" async=\"\" type=\"text\/javascript\" charset=\"UTF-8\"><\/script><script src=\"http:\/\/pagead2.googlesyndication.com\/pagead\/show_companion_ad.js\"><\/script><script src=\"http:\/\/www.googletagservices.com\/tag\/js\/gpt.js\" async=\"\" type=\"text\/javascript\"><\/script><script src=\"\/\/cdn.navdmp.com\/req?v=7&amp;id=714d5adfcfff6ae5934df4f4309|2&amp;acc=12691&amp;ref=http%3A\/\/saude.abril.com.br\/&amp;tit=Produtos%20sem%20gl%FAten%20podem%20conter%20subst%E2ncias%20bem%20perigosas%20%7C%20Sa%FAde%20%E9%20Vital&amp;utm=218695963.1487609204.1.1.utmcsr%3D%28direct%29%7Cutmccn%3D%28direct%29%7Cutmcmd%3D%28none%29\" async=\"\" type=\"text\/javascript\"><\/script><script async=\"\" type=\"text\/javascript\">\/\/ <![CDATA[\nnvg12691.dfpnvg=function(){this.cokCache={};var a=this.segments;for(nvg_i in a){var b='';var c='nvg_'+a[nvg_i];var d=this.getSegment(a[nvg_i]);if(d.search(',')!=-1){var b=d.split(',');var e=1;}else if(d.search('-')!=-1){var b=d.split('-');var e=1;}else if(d!=''){if(typeof googletag==\"object\")googletag.pubads().setTargeting(c,d);if(typeof GA_googleAddAttr==\"function\")GA_googleAddAttr(c,d);var e=0;}if(e==1)if(b.length>=1){if(typeof googletag==\"object\")googletag.pubads().setTargeting(c,b);if(typeof GA_googleAddAttr==\"function\")GA_googleAddAttr(c,b);}}};nvg12691.makeRubicon=function(){var a={};var b=new Array(\"gender\",\"age\",\"education\",\"interest\",\"product\",\"marital\",\"brand\",\"career\",\"income\",\"cluster\",\"custom\",\"industry\",\"everybuyer\", \"everyone\");var c=0;var d='';for(c=0;c<b.length;c++){d=nvg12691.getSegment(b[c]);if(d)a['nvg_'+b[c]]=nvg12691.getSegment(b[c]).replace(\/-\/g,\",\");};return a;};nvg12691.toRubicon=nvg12691.makeRubicon;\n\/\/ ]]><\/script><script src=\"https:\/\/s0.wp.com\/wp-content\/themes\/vip\/abril-master\/js\/ads\/ads_master.json?r=201722013\" type=\"text\/javascript\"><\/script><script src=\"http:\/\/ads.rubiconproject.com\/header\/11134.js\" async=\"\" type=\"text\/javascript\"><\/script><script src=\"\/\/cdn.tinypass.com\/api\/tinypass.min.js\" async=\"\" type=\"text\/javascript\"><\/script><script src=\"\/\/experience.tinypass.com\/xbuilder\/experience\/load?aid=3vxSO5Sezi\" async=\"\" type=\"text\/javascript\"><\/script><script src=\"\/\/cdn.worldsense.com\/hyperlinker.js\" async=\"\" type=\"text\/javascript\"><\/script><script src=\"https:\/\/z.moatads.com\/grupoabril895UVFG86\/moatcontent.js#l1=saude.abril.com.br&amp;l2=Produtos%20sem%20gl%C3%BAten%20podem%20conter%20subst%C3%A2ncias%20bem%20perigosas%20%7C%20Sa%C3%BAde%20%C3%A9%20Vital&amp;l3=__page__&amp;l4=-&amp;zmoatab_cm=66&amp;t=1487609230732&amp;de=473517731807&amp;zMoatAB_SNPT=true\" async=\"\" type=\"text\/javascript\"><\/script><script src=\"\/\/www.google-analytics.com\/analytics.js\" async=\"\"><\/script><script src=\"http:\/\/www.google-analytics.com\/ga.js\" async=\"\" type=\"text\/javascript\"><\/script><script src=\"\/\/www.googletagmanager.com\/gtm.js?id=GTM-WVFQVM\" async=\"\"><\/script><script src=\"https:\/\/connect.facebook.net\/en_US\/fbevents.js\" async=\"\"><\/script><script src=\"\/\/ads.rubiconproject.com\/header\/11134.js\"><\/script><\/p>\n<div class=\"container main-container \">\n<div class=\"row\">\n<div class=\"col-md-8\">\n<article id=\"post-15976\" class=\"article\">\n<section class=\"article-content\">\n<a href=\"https:\/\/espacoecologico.com.br\/arquivo\/produtos-sem-gluten-podem-conter-substancias-bem-perigosas\/gluten-2\/\" rel=\"attachment wp-att-60334\"><img loading=\"lazy\" class=\"alignleft size-medium wp-image-60334\" src=\"https:\/\/espacoecologico.com.br\/arquivo\/wp-content\/uploads\/2017\/02\/gluten-300x192.jpg\" alt=\"\" width=\"300\" height=\"192\" srcset=\"https:\/\/espacoecologico.com.br\/arquivo\/wp-content\/uploads\/2017\/02\/gluten-300x192.jpg 300w, https:\/\/espacoecologico.com.br\/arquivo\/wp-content\/uploads\/2017\/02\/gluten.jpg 415w\" sizes=\"(max-width: 300px) 100vw, 300px\" \/><\/a>Assim como a lactose, o <a href=\"http:\/\/saude.abril.com.br\/tudo-sobre\/dietas-sem-gluten\/\"><strong>gl\u00faten<\/strong><\/a> passa por tempos dif\u00edceis. Ap\u00f3s uma s\u00e9rie de acusa\u00e7\u00f5es, ele perdeu espa\u00e7o nas g\u00f4ndolas dos supermercados e at\u00e9 mesmo no card\u00e1pio de quem n\u00e3o tem qualquer tipo de intoler\u00e2ncia, sensibilidade ou alergia alimentar.<\/p>\n<p><script src=\"http:\/\/b.scorecardresearch.com\/c2\/6906435\/cs.js\" async=\"\" type=\"text\/javascript\"><\/script><script src=\"http:\/\/cdn.teads.tv\/media\/format\/v3\/teads-format.min.js?201722013\" async=\"\"><\/script><script src=\"\/\/pagead2.googlesyndication.com\/pagead\/expansion_embed.js?source=safeframe\"><\/script><script src=\"http:\/\/odb.outbrain.com\/utils\/get?url=http%3A%2F%2Fsaude.abril.com.br%2Falimentacao%2Fprodutos-sem-gluten-podem-conter-substancias-bem-perigosas%2F&amp;settings=true&amp;recs=true&amp;widgetJSId=SB_2&amp;key=NANOWDGT01&amp;idx=1&amp;version=01001306&amp;ref=http%3A%2F%2Fsaude.abril.com.br%2F&amp;apv=true&amp;sig=6129183&amp;format=html&amp;rand=17488&amp;lsd=72986e7c-1304-414f-b569-ebe2538916cd&amp;t=MV8zYTZiNjk2MGNkMTYzZTgzZjA4YWM0MjYyMmRkNzU0MV8w&amp;winW=1536&amp;winH=747&amp;adblck=false\" async=\"\" type=\"text\/javascript\" charset=\"UTF-8\"><\/script><script src=\"http:\/\/odb.outbrain.com\/utils\/get?url=http%3A%2F%2Fsaude.abril.com.br%2Falimentacao%2Fprodutos-sem-gluten-podem-conter-substancias-bem-perigosas%2F&amp;settings=true&amp;recs=true&amp;widgetJSId=AR_4&amp;key=NANOWDGT01&amp;idx=0&amp;version=01001306&amp;ref=http%3A%2F%2Fsaude.abril.com.br%2F&amp;apv=false&amp;sig=6129183&amp;format=html&amp;rand=23483&amp;winW=1536&amp;winH=747&amp;adblck=false\" async=\"\" type=\"text\/javascript\" charset=\"UTF-8\"><\/script><script src=\"http:\/\/pagead2.googlesyndication.com\/pagead\/show_companion_ad.js\"><\/script><script src=\"http:\/\/www.googletagservices.com\/tag\/js\/gpt.js\" async=\"\" type=\"text\/javascript\"><\/script><script src=\"\/\/cdn.navdmp.com\/req?v=7&amp;id=714d5adfcfff6ae5934df4f4309|2&amp;acc=12691&amp;ref=http%3A\/\/saude.abril.com.br\/&amp;tit=Produtos%20sem%20gl%FAten%20podem%20conter%20subst%E2ncias%20bem%20perigosas%20%7C%20Sa%FAde%20%E9%20Vital&amp;utm=218695963.1487609204.1.1.utmcsr%3D%28direct%29%7Cutmccn%3D%28direct%29%7Cutmcmd%3D%28none%29\" async=\"\" type=\"text\/javascript\"><\/script><script async=\"\" type=\"text\/javascript\">\/\/ <![CDATA[\nnvg12691.dfpnvg=function(){this.cokCache={};var a=this.segments;for(nvg_i in a){var b='';var c='nvg_'+a[nvg_i];var d=this.getSegment(a[nvg_i]);if(d.search(',')!=-1){var b=d.split(',');var e=1;}else if(d.search('-')!=-1){var b=d.split('-');var e=1;}else if(d!=''){if(typeof googletag==\"object\")googletag.pubads().setTargeting(c,d);if(typeof GA_googleAddAttr==\"function\")GA_googleAddAttr(c,d);var e=0;}if(e==1)if(b.length>=1){if(typeof googletag==\"object\")googletag.pubads().setTargeting(c,b);if(typeof GA_googleAddAttr==\"function\")GA_googleAddAttr(c,b);}}};nvg12691.makeRubicon=function(){var a={};var b=new Array(\"gender\",\"age\",\"education\",\"interest\",\"product\",\"marital\",\"brand\",\"career\",\"income\",\"cluster\",\"custom\",\"industry\",\"everybuyer\", \"everyone\");var c=0;var d='';for(c=0;c<b.length;c++){d=nvg12691.getSegment(b[c]);if(d)a['nvg_'+b[c]]=nvg12691.getSegment(b[c]).replace(\/-\/g,\",\");};return a;};nvg12691.toRubicon=nvg12691.makeRubicon;\n\/\/ ]]><\/script><script src=\"https:\/\/s0.wp.com\/wp-content\/themes\/vip\/abril-master\/js\/ads\/ads_master.json?r=201722013\" type=\"text\/javascript\"><\/script><script src=\"http:\/\/ads.rubiconproject.com\/header\/11134.js\" async=\"\" type=\"text\/javascript\"><\/script><script src=\"\/\/cdn.tinypass.com\/api\/tinypass.min.js\" async=\"\" type=\"text\/javascript\"><\/script><script src=\"\/\/experience.tinypass.com\/xbuilder\/experience\/load?aid=3vxSO5Sezi\" async=\"\" type=\"text\/javascript\"><\/script><script src=\"\/\/cdn.worldsense.com\/hyperlinker.js\" async=\"\" type=\"text\/javascript\"><\/script><script src=\"https:\/\/z.moatads.com\/grupoabril895UVFG86\/moatcontent.js#l1=saude.abril.com.br&amp;l2=Produtos%20sem%20gl%C3%BAten%20podem%20conter%20subst%C3%A2ncias%20bem%20perigosas%20%7C%20Sa%C3%BAde%20%C3%A9%20Vital&amp;l3=__page__&amp;l4=-&amp;zmoatab_cm=66&amp;t=1487609230732&amp;de=473517731807&amp;zMoatAB_SNPT=true\" async=\"\" type=\"text\/javascript\"><\/script><script src=\"\/\/www.google-analytics.com\/analytics.js\" async=\"\"><\/script><script src=\"http:\/\/www.google-analytics.com\/ga.js\" async=\"\" type=\"text\/javascript\"><\/script><script src=\"\/\/www.googletagmanager.com\/gtm.js?id=GTM-WVFQVM\" async=\"\"><\/script><script src=\"https:\/\/connect.facebook.net\/en_US\/fbevents.js\" async=\"\"><\/script><script src=\"\/\/ads.rubiconproject.com\/header\/11134.js\"><\/script><script src=\"https:\/\/s2.wp.com\/_static\/??-eJyFj9EOwiAMRX9IhjMz7sX4LQzrVgSKFLbo14s6H4yLJk2atif39sopCPTa5iOwNKUuGeJ1bpXhlfwFCId9VAkqh\/4Na\/IJfHqwjjq0IDJDVH3ZFaETLXCBODlgLtDC9fMl9CPC9BczkILSZxGB8falmgYofnLEIFUX0Ypgc4+e52mgSKwpkFTMkJ65VQgWtUpIXrzSHty+btrdpq23zdrcAUgbeyY=\" type=\"text\/javascript\"><\/script><script src=\"\/\/cdnjs.cloudflare.com\/ajax\/libs\/Swiper\/3.3.1\/js\/swiper.min.js?ver=4.6.1-RC1-38499\" type=\"text\/javascript\"><\/script><script src=\"https:\/\/s2.wp.com\/wp-content\/themes\/vip\/abril-master\/plugins\/abril-content\/piano\/js\/piano.js?m=1487246897h\" type=\"text\/javascript\"><\/script><script src=\"https:\/\/cdn.tinypass.com\/api\/tinypass-gtp.min.js?ver=4.6.1-RC1-38499\" type=\"text\/javascript\"><\/script><!-- Facebook Pixel Code --><script>\/\/ <![CDATA[\n      !function(f,b,e,v,n,t,s){if(f.fbq)return;n=f.fbq=function(){n.callMethod?\n      n.callMethod.apply(n,arguments):n.queue.push(arguments)};if(!f._fbq)f._fbq=n;\n      n.push=n;n.loaded=!0;n.version='2.0';n.queue=[];t=b.createElement(e);t.async=!0;\n      t.src=v;s=b.getElementsByTagName(e)[0];s.parentNode.insertBefore(t,s)}(window,\n      document,'script','https:\/\/connect.facebook.net\/en_US\/fbevents.js');\n      fbq('init', '1869534393278100');\n      fbq('track', 'PageView');\n    \n\/\/ ]]><\/script><noscript><img loading=\"lazy\" height=\"1\" width=\"1\" style=\"display:none\"    src=\"https:\/\/www.facebook.com\/tr?id=1869534393278100&#038;ev=PageView&#038;noscript=1\"    \/><\/noscript><!-- DO NOT MODIFY --> <!-- End Facebook Pixel Code --><script src=\"https:\/\/cdnjs.cloudflare.com\/ajax\/libs\/underscore.js\/1.5.2\/underscore-min.js\" type=\"text\/javascript\"><\/script><script src=\"https:\/\/cdn.boomtrain.com\/analyticstrain\/abril-saude\/analyticstrain.min.js\" type=\"text\/javascript\"><\/script><script src=\"https:\/\/d3r7h55ola878c.cloudfront.net\/btn\/1.0.7\/nudgespot-loader.js\" type=\"text\/javascript\"><\/script><script src=\"\/\/www.npttech.com\/advertising.js\" async=\"true\"><\/script><script src=\"http:\/\/rtax.criteo.com\/delivery\/rta\/rta.js?netId=4317&amp;cookieName=crtg_rta&amp;rnd=79804685077&amp;varName=crtg_content\" async=\"\" type=\"text\/javascript\"><\/script><script src=\"https:\/\/x-abril.inventorycdn.com\/js?cookie=rh_abril\" async=\"\" type=\"text\/javascript\"><\/script><script src=\"https:\/\/cdn.tinypass.com\/api\/libs\/psl.js\" async=\"\" type=\"text\/javascript\" charset=\"utf-8\" data-requirecontext=\"_\" data-requiremodule=\"psl\"><\/script><script src=\"https:\/\/securepubads.g.doubleclick.net\/gpt\/pubads_impl_110.js\" async=\"\"><\/script><\/p>\n<div class=\"container main-container \">\n<div class=\"row\">\n<div class=\"col-md-8\">\n<article id=\"post-15976\" class=\"article\">\n<section class=\"article-content\">De olho nessa tend\u00eancia, cientistas da <a href=\"http:\/\/www.uic.edu\/\" target=\"_blank\">Universidade de Illinois<\/a>, em Chicago (EUA), analisaram exames de sangue e urina de 7 471 pessoas. Entre elas, 73 s\u00f3 consumiam alimentos gluten-free.<\/p>\n<p>O resultado foi surpreendente: os integrantes desse subgrupo apresentaram 70% mais merc\u00fario e quase o dobro de ars\u00eanio no organismo em compara\u00e7\u00e3o ao resto da turma, que se alimentava sem restri\u00e7\u00f5es. A exposi\u00e7\u00e3o a essas subst\u00e2ncias t\u00f3xicas, vale ressaltar, tem sido associada a problemas cardiovasculares, c\u00e2ncer e outras doen\u00e7as.<\/p>\n<p>A explica\u00e7\u00e3o para a conclus\u00e3o do estudo, publicado no peri\u00f3dico cient\u00edfico Epidemiology, estaria nos ingredientes usados para substituir as fontes de gl\u00faten \u2014 em especial a farinha de arroz. \u00c9 que esse gr\u00e3o pode acumular part\u00edculas de metais nocivos vindas da \u00e1gua, do solo e de fertilizantes em geral, como indica uma <a href=\"https:\/\/www.usp.br\/agen\/?p=136979\" target=\"_blank\">pesquisa<\/a> da Universidade de S\u00e3o Paulo.<\/p>\n<\/section>\n<\/article>\n<\/div>\n<\/div>\n<\/div>\n<\/section>\n<\/article>\n<\/div>\n<\/div>\n<\/div>\n","protected":false},"excerpt":{"rendered":"<p>Assim como a lactose, o gl\u00faten passa por tempos dif\u00edceis. Ap\u00f3s uma s\u00e9rie de acusa\u00e7\u00f5es,<\/p>\n","protected":false},"author":6,"featured_media":60334,"comment_status":"open","ping_status":"open","sticky":false,"template":"","format":"standard","meta":[],"categories":[],"tags":[],"uagb_featured_image_src":{"full":["https:\/\/espacoecologico.com.br\/arquivo\/wp-content\/uploads\/2017\/02\/gluten.jpg",415,265,false],"thumbnail":["https:\/\/espacoecologico.com.br\/arquivo\/wp-content\/uploads\/2017\/02\/gluten-150x150.jpg",150,150,true],"medium":["https:\/\/espacoecologico.com.br\/arquivo\/wp-content\/uploads\/2017\/02\/gluten-300x192.jpg",300,192,true],"medium_large":["https:\/\/espacoecologico.com.br\/arquivo\/wp-content\/uploads\/2017\/02\/gluten.jpg",415,265,false],"large":["https:\/\/espacoecologico.com.br\/arquivo\/wp-content\/uploads\/2017\/02\/gluten.jpg",415,265,false],"1536x1536":["https:\/\/espacoecologico.com.br\/arquivo\/wp-content\/uploads\/2017\/02\/gluten.jpg",415,265,false],"2048x2048":["https:\/\/espacoecologico.com.br\/arquivo\/wp-content\/uploads\/2017\/02\/gluten.jpg",415,265,false],"cream-magazine-thumbnail-2":["https:\/\/espacoecologico.com.br\/arquivo\/wp-content\/uploads\/2017\/02\/gluten.jpg",415,265,false],"cream-magazine-thumbnail-3":["https:\/\/espacoecologico.com.br\/arquivo\/wp-content\/uploads\/2017\/02\/gluten.jpg",415,265,false],"cream-magazine-thumbnail-4":["https:\/\/espacoecologico.com.br\/arquivo\/wp-content\/uploads\/2017\/02\/gluten.jpg",415,265,false]},"uagb_author_info":{"display_name":"","author_link":"https:\/\/espacoecologico.com.br\/arquivo\/author\/"},"uagb_comment_info":0,"uagb_excerpt":"Assim como a lactose, o gl\u00faten passa por tempos dif\u00edceis. Ap\u00f3s uma s\u00e9rie de acusa\u00e7\u00f5es,","_links":{"self":[{"href":"https:\/\/espacoecologico.com.br\/arquivo\/wp-json\/wp\/v2\/posts\/60333"}],"collection":[{"href":"https:\/\/espacoecologico.com.br\/arquivo\/wp-json\/wp\/v2\/posts"}],"about":[{"href":"https:\/\/espacoecologico.com.br\/arquivo\/wp-json\/wp\/v2\/types\/post"}],"author":[{"embeddable":true,"href":"https:\/\/espacoecologico.com.br\/arquivo\/wp-json\/wp\/v2\/users\/6"}],"replies":[{"embeddable":true,"href":"https:\/\/espacoecologico.com.br\/arquivo\/wp-json\/wp\/v2\/comments?post=60333"}],"version-history":[{"count":0,"href":"https:\/\/espacoecologico.com.br\/arquivo\/wp-json\/wp\/v2\/posts\/60333\/revisions"}],"wp:featuredmedia":[{"embeddable":true,"href":"https:\/\/espacoecologico.com.br\/arquivo\/wp-json\/wp\/v2\/media\/60334"}],"wp:attachment":[{"href":"https:\/\/espacoecologico.com.br\/arquivo\/wp-json\/wp\/v2\/media?parent=60333"}],"wp:term":[{"taxonomy":"category","embeddable":true,"href":"https:\/\/espacoecologico.com.br\/arquivo\/wp-json\/wp\/v2\/categories?post=60333"},{"taxonomy":"post_tag","embeddable":true,"href":"https:\/\/espacoecologico.com.br\/arquivo\/wp-json\/wp\/v2\/tags?post=60333"}],"curies":[{"name":"wp","href":"https:\/\/api.w.org\/{rel}","templated":true}]}}