{"id":60323,"date":"2017-02-20T15:30:53","date_gmt":"2017-02-20T18:30:53","guid":{"rendered":"https:\/\/espacoecologico.com.br\/arquivo\/?p=60323"},"modified":"2017-02-20T12:08:37","modified_gmt":"2017-02-20T15:08:37","slug":"estes-jarros-antigos-da-argila-poderiam-resolver-o-misterio-do-campo-magnetico-da-terra","status":"publish","type":"post","link":"https:\/\/espacoecologico.com.br\/arquivo\/estes-jarros-antigos-da-argila-poderiam-resolver-o-misterio-do-campo-magnetico-da-terra\/","title":{"rendered":"Estes jarros antigos da argila poderiam resolver o mist\u00e9rio do campo magn\u00e9tico da Terra"},"content":{"rendered":"<p><a href=\"https:\/\/espacoecologico.com.br\/arquivo\/?attachment_id=60326\" rel=\"attachment wp-att-60326\"><img loading=\"lazy\" class=\"alignleft size-medium wp-image-60326\" src=\"https:\/\/espacoecologico.com.br\/arquivo\/wp-content\/uploads\/2017\/02\/jarro_magnetismo-300x192.jpg\" alt=\"\" width=\"300\" height=\"192\" srcset=\"https:\/\/espacoecologico.com.br\/arquivo\/wp-content\/uploads\/2017\/02\/jarro_magnetismo-300x192.jpg 300w, https:\/\/espacoecologico.com.br\/arquivo\/wp-content\/uploads\/2017\/02\/jarro_magnetismo.jpg 415w\" sizes=\"(max-width: 300px) 100vw, 300px\" \/><\/a>Artes\u00e3os que trabalham em Jerusal\u00e9m h\u00e1 mais de 2.000 anos poderiam n\u00e3o ter pensado muito sobre o campo magn\u00e9tico da Terra, mesmo sem esse conhecimento, os frascos de barro que fizeram podem ter escrito um livro cient\u00edfico do magnetismo do planeta.<\/p>\n<p>Gra\u00e7as \u00e0s propriedades magn\u00e9ticas das part\u00edculas de \u00f3xido de ferro encontradas na argila \u2013 que registram a intensidade do campo magn\u00e9tico da Terra \u2013 os cientistas descobriram uma hist\u00f3ria oculta do campo magn\u00e9tico flutuante da Terra nos anos de 750 a 150 a.C.\u00a0\u201c<em>As cer\u00e2micas t\u00eam min\u00fasculos minerais \u2018gravadores magn\u00e9ticos\u2019 que guardam informa\u00e7\u00f5es sobre o campo magn\u00e9tico do tempo em que o barro estava no forno<\/em>\u201c, disse o pesquisador Erez Ben-Yosef da Universidade de Tel Aviv, em Israel.<\/p>\n<p>\u201c<em>Cer\u00e2mica, barro, tijolos de barro queimados, cobre, quase tudo o que foi aquecido e depois resfriado pode se tornar um registrador dos componentes do campo magn\u00e9tico no momento do evento<\/em>\u201c, completou.\u00a0Ben-Yosef e sua equipe analisaram 67 instala\u00e7\u00f5es de armazenamento de cer\u00e2mica da regi\u00e3o da Judeia, que puderam ser datadas com precis\u00e3o gra\u00e7as a selos reais dos governantes da \u00e9poca.<\/p>\n<p><img loading=\"lazy\" class=\"alignnone  wp-image-23992\" src=\"http:\/\/www.jornalciencia.com\/wp-content\/uploads\/2017\/02\/pot-2.jpg\" sizes=\"(max-width: 711px) 100vw, 711px\" srcset=\"http:\/\/www.jornalciencia.com\/wp-content\/uploads\/2017\/02\/pot-2-300x169.jpg 300w, http:\/\/www.jornalciencia.com\/wp-content\/uploads\/2017\/02\/pot-2.jpg 700w\" alt=\"pot-2\" width=\"640\" height=\"360\" \/>Usando um magnet\u00f4metro supercondutor para medir a for\u00e7a do campo magn\u00e9tico bloqueado dentro dos fragmentos do frasco, os pesquisadores descobriram que o campo magn\u00e9tico da Terra era 40% mais forte do que \u00e9 agora.\u00a0Mas eles tamb\u00e9m descobriram que houve tamb\u00e9m um breve pico em sua for\u00e7a em torno de 700 a.C., o que mostra que o campo magn\u00e9tico pode aumentar ao longo do tempo, e n\u00e3o est\u00e1 simplesmente diminuindo.\u00a0\u201c<em>Podemos obter uma imagem mais clara do planeta e sua estrutura interna por meio de melhor compreens\u00e3o do campo magn\u00e9tico, que atinge mais de 2.900 quil\u00f4metros para dentro da parte l\u00edquida do n\u00facleo externo da Terra<\/em>\u201c, disse Ben-Yosef.<\/p>\n<p>Registros modernos do campo magn\u00e9tico da Terra s\u00f3 remontam a 200 anos e, embora possamos extrair mais informa\u00e7\u00f5es de rochas vulc\u00e2nicas ricas em ferro que t\u00eam v\u00e1rios milh\u00f5es de anos, \u00e9 muito dif\u00edcil datar essas rochas com precis\u00e3o.\u00a0Isso significa que qualquer dado extra que possamos obter \u00e9 muito \u00fatil.\u00a0Albert Einstein chamou o campo magn\u00e9tico da Terra de um dos grandes mist\u00e9rios n\u00e3o resolvidos da F\u00edsica: os cientistas pensam que \u00e9 causado pelo ferro l\u00edquido no n\u00facleo da Terra, o que cria um d\u00ednamo eletromagn\u00e9tico gigante que circunda o planeta.<\/p>\n<p>Mas n\u00e3o se sabe com precis\u00e3o o que faz com que a for\u00e7a do campo flutue. Como esse escudo magn\u00e9tico \u00e9 crucial para nos proteger dos ventos solares e radia\u00e7\u00e3o c\u00f3smica, os cientistas est\u00e3o dispostos a entender o m\u00e1ximo poss\u00edvel sobre os fen\u00f4menos.\u00a0Enquanto o pico not\u00e1vel de 700 a.C. n\u00e3o teria incomodado os fabricantes de jarros da antiga Judeia, isso poderia causar caos na comunica\u00e7\u00e3o e internet de hoje, raz\u00e3o pela qual mais investiga\u00e7\u00e3o sobre o comportamento do campo \u00e9 t\u00e3o importante.<\/p>\n<p>Agora que se sabe que o campo foi muito mais forte h\u00e1 dois mil anos, os cientistas t\u00eam mais chances de descobrir o que vem a seguir.\u00a0Eric Blinman, do Escrit\u00f3rio de Estudos Arqueol\u00f3gicos do Novo M\u00e9xico, nos Estados Unidos, que n\u00e3o estava envolvido na pesquisa, disse ao site <em>Popular Science<\/em> que descobertas semelhantes no futuro poderiam ajudar a reconstruir um registro mais detalhado do campo magn\u00e9tico da Terra.\u00a0\u201c<em>Para os geof\u00edsicos, \u00e9 como se algu\u00e9m tivesse aberto uma porta trancada para uma biblioteca que eles n\u00e3o sabiam que existia<\/em>\u201d, disse Blinman.<\/p>\n","protected":false},"excerpt":{"rendered":"<p>Artes\u00e3os que trabalham em Jerusal\u00e9m h\u00e1 mais de 2.000 anos poderiam n\u00e3o ter pensado muito<\/p>\n","protected":false},"author":6,"featured_media":60326,"comment_status":"open","ping_status":"open","sticky":false,"template":"","format":"standard","meta":[],"categories":[],"tags":[],"uagb_featured_image_src":{"full":["https:\/\/espacoecologico.com.br\/arquivo\/wp-content\/uploads\/2017\/02\/jarro_magnetismo.jpg",415,265,false],"thumbnail":["https:\/\/espacoecologico.com.br\/arquivo\/wp-content\/uploads\/2017\/02\/jarro_magnetismo-150x150.jpg",150,150,true],"medium":["https:\/\/espacoecologico.com.br\/arquivo\/wp-content\/uploads\/2017\/02\/jarro_magnetismo-300x192.jpg",300,192,true],"medium_large":["https:\/\/espacoecologico.com.br\/arquivo\/wp-content\/uploads\/2017\/02\/jarro_magnetismo.jpg",415,265,false],"large":["https:\/\/espacoecologico.com.br\/arquivo\/wp-content\/uploads\/2017\/02\/jarro_magnetismo.jpg",415,265,false],"1536x1536":["https:\/\/espacoecologico.com.br\/arquivo\/wp-content\/uploads\/2017\/02\/jarro_magnetismo.jpg",415,265,false],"2048x2048":["https:\/\/espacoecologico.com.br\/arquivo\/wp-content\/uploads\/2017\/02\/jarro_magnetismo.jpg",415,265,false],"cream-magazine-thumbnail-2":["https:\/\/espacoecologico.com.br\/arquivo\/wp-content\/uploads\/2017\/02\/jarro_magnetismo.jpg",415,265,false],"cream-magazine-thumbnail-3":["https:\/\/espacoecologico.com.br\/arquivo\/wp-content\/uploads\/2017\/02\/jarro_magnetismo.jpg",415,265,false],"cream-magazine-thumbnail-4":["https:\/\/espacoecologico.com.br\/arquivo\/wp-content\/uploads\/2017\/02\/jarro_magnetismo.jpg",415,265,false]},"uagb_author_info":{"display_name":"","author_link":"https:\/\/espacoecologico.com.br\/arquivo\/author\/"},"uagb_comment_info":0,"uagb_excerpt":"Artes\u00e3os que trabalham em Jerusal\u00e9m h\u00e1 mais de 2.000 anos poderiam n\u00e3o ter pensado muito","_links":{"self":[{"href":"https:\/\/espacoecologico.com.br\/arquivo\/wp-json\/wp\/v2\/posts\/60323"}],"collection":[{"href":"https:\/\/espacoecologico.com.br\/arquivo\/wp-json\/wp\/v2\/posts"}],"about":[{"href":"https:\/\/espacoecologico.com.br\/arquivo\/wp-json\/wp\/v2\/types\/post"}],"author":[{"embeddable":true,"href":"https:\/\/espacoecologico.com.br\/arquivo\/wp-json\/wp\/v2\/users\/6"}],"replies":[{"embeddable":true,"href":"https:\/\/espacoecologico.com.br\/arquivo\/wp-json\/wp\/v2\/comments?post=60323"}],"version-history":[{"count":0,"href":"https:\/\/espacoecologico.com.br\/arquivo\/wp-json\/wp\/v2\/posts\/60323\/revisions"}],"wp:featuredmedia":[{"embeddable":true,"href":"https:\/\/espacoecologico.com.br\/arquivo\/wp-json\/wp\/v2\/media\/60326"}],"wp:attachment":[{"href":"https:\/\/espacoecologico.com.br\/arquivo\/wp-json\/wp\/v2\/media?parent=60323"}],"wp:term":[{"taxonomy":"category","embeddable":true,"href":"https:\/\/espacoecologico.com.br\/arquivo\/wp-json\/wp\/v2\/categories?post=60323"},{"taxonomy":"post_tag","embeddable":true,"href":"https:\/\/espacoecologico.com.br\/arquivo\/wp-json\/wp\/v2\/tags?post=60323"}],"curies":[{"name":"wp","href":"https:\/\/api.w.org\/{rel}","templated":true}]}}