{"id":60319,"date":"2017-02-20T12:30:48","date_gmt":"2017-02-20T15:30:48","guid":{"rendered":"https:\/\/espacoecologico.com.br\/arquivo\/?p=60319"},"modified":"2017-02-20T11:59:10","modified_gmt":"2017-02-20T14:59:10","slug":"estes-monumentos-abandonados-na-antiga-iugoslavia-sao-de-outro-mundo","status":"publish","type":"post","link":"https:\/\/espacoecologico.com.br\/arquivo\/estes-monumentos-abandonados-na-antiga-iugoslavia-sao-de-outro-mundo\/","title":{"rendered":"Estes monumentos abandonados na antiga Iugosl\u00e1via s\u00e3o de \u201coutro mundo\u201d"},"content":{"rendered":"<p><img loading=\"lazy\" class=\"attachment-featured_full  wp-post-image\" src=\"http:\/\/www.jornalciencia.com\/wp-content\/uploads\/2017\/02\/monumentos-abandonados_capa.jpg\" sizes=\"(max-width: 1000px) 100vw, 1000px\" srcset=\"http:\/\/www.jornalciencia.com\/wp-content\/uploads\/2017\/02\/monumentos-abandonados_capa-300x116.jpg 300w, http:\/\/www.jornalciencia.com\/wp-content\/uploads\/2017\/02\/monumentos-abandonados_capa.jpg 1000w\" alt=\"monumentos-abandonados_capa\" width=\"639\" height=\"247\" \/>A Segunda Guerra Mundial foi, indiscutivelmente, um dos mais catastr\u00f3ficos desastres provocados pelo homem na Hist\u00f3ria. Mais de 60 milh\u00f5es de pessoas morreram em todo o mundo, incluindo quase 600 mil pessoas da ent\u00e3o Iugosl\u00e1via.<\/p>\n<div class=\"quads-location quads-id1\"><\/div>\n<p>Ap\u00f3s a Guerra, a monarquia de curta dura\u00e7\u00e3o da Iugosl\u00e1via, liderada pelo presidente Josef Broz Tito, colocou \u00eanfase na \u201cfraternidade e unidade\u201d. Para promover essa filosofia, Tito encomendou uma s\u00e9rie de monumentos grandiosos nos locais hist\u00f3ricos de batalhas e campos de concentra\u00e7\u00e3o. Projetados por escultores e arquitetos da \u00e9poca, alguns n\u00e3o foram constru\u00eddos at\u00e9 depois da morte de Tito em 1980.<\/p>\n<p>Os memoriais da Guerra eram destinos tur\u00edsticos populares nos anos 80, mas enquanto as tens\u00f5es levantaram-se na \u00e1rea, ficaram negligenciados. Ainda assim estes monumentos s\u00e3o lembretes do terror e da destrui\u00e7\u00e3o na Europa Oriental durante a Guerra e eles parecem implac\u00e1veis e futuristas.<\/p>\n<p><strong>1 \u2013 Este s\u00edmbolo do orgulho comunista \u00e9 chamado de \u201cMonumento ao povo de Moslavina\u201d. Foi projetado por Du\u0161an D\u017eamonja e est\u00e1 em um campo na Cro\u00e1cia<\/strong><\/p>\n<p><img loading=\"lazy\" class=\"aligncenter  wp-image-23934\" src=\"http:\/\/www.jornalciencia.com\/wp-content\/uploads\/2017\/02\/monumentos-abandonados.jpg\" sizes=\"(max-width: 707px) 100vw, 707px\" srcset=\"http:\/\/www.jornalciencia.com\/wp-content\/uploads\/2017\/02\/monumentos-abandonados-300x237.jpg 300w, http:\/\/www.jornalciencia.com\/wp-content\/uploads\/2017\/02\/monumentos-abandonados.jpg 664w\" alt=\"monumentos-abandonados\" width=\"640\" height=\"505\" \/><\/p>\n<p><strong>2 \u2013 Este \u00e9 \u201cKosmaj\u201d, constru\u00eddo por um arquiteto desconhecido na S\u00e9rvia. Em respeito aos soldados ca\u00eddos que lutaram contra os alem\u00e3es no sul de Belgrado.<\/strong><\/p>\n<p><img loading=\"lazy\" class=\"aligncenter  wp-image-23933\" src=\"http:\/\/www.jornalciencia.com\/wp-content\/uploads\/2017\/02\/monumentos-abandonados_1.jpg\" sizes=\"(max-width: 707px) 100vw, 707px\" srcset=\"http:\/\/www.jornalciencia.com\/wp-content\/uploads\/2017\/02\/monumentos-abandonados_1-300x237.jpg 300w, http:\/\/www.jornalciencia.com\/wp-content\/uploads\/2017\/02\/monumentos-abandonados_1.jpg 664w\" alt=\"monumentos-abandonados_1\" width=\"639\" height=\"504\" \/><\/p>\n<p><strong>3 \u2013 Na B\u00f3snia est\u00e1 o Tjenti\u0161te, que presta homenagem \u00e0 Batalha de Sujeska \u2013 uma falha nazista que levou \u00e0 morte de cerca de 7.000 pessoas, a maioria civis.<\/strong><\/p>\n<p><img loading=\"lazy\" class=\"aligncenter  wp-image-23932\" src=\"http:\/\/www.jornalciencia.com\/wp-content\/uploads\/2017\/02\/monumentos-abandonados_2.jpg\" sizes=\"(max-width: 711px) 100vw, 711px\" srcset=\"http:\/\/www.jornalciencia.com\/wp-content\/uploads\/2017\/02\/monumentos-abandonados_2-300x237.jpg 300w, http:\/\/www.jornalciencia.com\/wp-content\/uploads\/2017\/02\/monumentos-abandonados_2.jpg 664w\" alt=\"monumentos-abandonados_2\" width=\"639\" height=\"504\" \/><\/p>\n<p><strong>4 \u2013 Localizado em Kru\u0161evo, Maced\u00f4nia, Ilinden, tamb\u00e9m conhecido como Makedoniumit, foi inaugurado em 1974 e \u00e9 dedicado aos que participaram na revolta Ilinden de 1903, bem como \u00e0 Maced\u00f4nia na Luta de Liberta\u00e7\u00e3o Nacional de 1941 a 1944.<\/strong><\/p>\n<p><img loading=\"lazy\" class=\"aligncenter  wp-image-23931\" src=\"http:\/\/www.jornalciencia.com\/wp-content\/uploads\/2017\/02\/monumentos-abandonados_3.jpg\" sizes=\"(max-width: 702px) 100vw, 702px\" srcset=\"http:\/\/www.jornalciencia.com\/wp-content\/uploads\/2017\/02\/monumentos-abandonados_3-300x237.jpg 300w, http:\/\/www.jornalciencia.com\/wp-content\/uploads\/2017\/02\/monumentos-abandonados_3.jpg 664w\" alt=\"monumentos-abandonados_3\" width=\"640\" height=\"505\" \/><\/p>\n<p><strong>5 \u2013 \u201cKozara Memorial Monument\u201d marca a batalha de 1942 em Banja Luka, a maior cidade da B\u00f3snia e Herzegovina. Em abril daquele ano, o ex\u00e9rcito croata, a mil\u00edcia alem\u00e3 Usta\u0161a e a Wehrmacht mataram 80.000 civis e enviaram outros 50.000 para campos de concentra\u00e7\u00e3o; 1.700 partid\u00e1rios \u2013 guerrilheiros da for\u00e7a a\u00e9rea iugoslava \u2013 tamb\u00e9m foram mortos. A estrutura est\u00e1 na montanha de Mrakovica e tem 9921 dos nomes dos partid\u00e1rios inscritos nele.<\/strong><\/p>\n<p><img loading=\"lazy\" class=\"aligncenter  wp-image-23930\" src=\"http:\/\/www.jornalciencia.com\/wp-content\/uploads\/2017\/02\/monumentos-abandonados_4.jpg\" sizes=\"(max-width: 701px) 100vw, 701px\" srcset=\"http:\/\/www.jornalciencia.com\/wp-content\/uploads\/2017\/02\/monumentos-abandonados_4-300x237.jpg 300w, http:\/\/www.jornalciencia.com\/wp-content\/uploads\/2017\/02\/monumentos-abandonados_4.jpg 664w\" alt=\"monumentos-abandonados_4\" width=\"640\" height=\"505\" \/><\/p>\n<p><strong>6 \u2013 Para encontrar o monumento de Grme\u010d em homenagem \u00e0 revolu\u00e7\u00e3o do pa\u00eds, deve-se vaguear profundamente na floresta.<\/strong><\/p>\n<p><img loading=\"lazy\" class=\"aligncenter  wp-image-23929\" src=\"http:\/\/www.jornalciencia.com\/wp-content\/uploads\/2017\/02\/monumentos-abandonados_5.jpg\" sizes=\"(max-width: 712px) 100vw, 712px\" srcset=\"http:\/\/www.jornalciencia.com\/wp-content\/uploads\/2017\/02\/monumentos-abandonados_5-300x237.jpg 300w, http:\/\/www.jornalciencia.com\/wp-content\/uploads\/2017\/02\/monumentos-abandonados_5.jpg 664w\" alt=\"monumentos-abandonados_5\" width=\"640\" height=\"505\" \/><\/p>\n<p><strong>7 \u2013 Ilirska Bistrica est\u00e1 na Eslov\u00eania, e comemora o 4\u00ba Ex\u00e9rcito Iugoslavo, que libertou a \u00e1rea do controle alem\u00e3o e italiano em 1945.<\/strong><\/p>\n<p><img loading=\"lazy\" class=\"aligncenter  wp-image-23928\" src=\"http:\/\/www.jornalciencia.com\/wp-content\/uploads\/2017\/02\/monumentos-abandonados_6.jpg\" sizes=\"(max-width: 702px) 100vw, 702px\" srcset=\"http:\/\/www.jornalciencia.com\/wp-content\/uploads\/2017\/02\/monumentos-abandonados_6-300x237.jpg 300w, http:\/\/www.jornalciencia.com\/wp-content\/uploads\/2017\/02\/monumentos-abandonados_6.jpg 664w\" alt=\"monumentos-abandonados_6\" width=\"640\" height=\"505\" \/><\/p>\n<p><strong>8 \u2013 O memorial de Jasenovac est\u00e1 no lugar do maior campo de concentra\u00e7\u00e3o da S\u00e9rvia, que causou a morte de cerca de 80.000 a 100.000 pessoas.<\/strong><\/p>\n<p><img loading=\"lazy\" class=\"aligncenter  wp-image-23927\" src=\"http:\/\/www.jornalciencia.com\/wp-content\/uploads\/2017\/02\/monumentos-abandonados_7.jpg\" sizes=\"(max-width: 703px) 100vw, 703px\" srcset=\"http:\/\/www.jornalciencia.com\/wp-content\/uploads\/2017\/02\/monumentos-abandonados_7-300x237.jpg 300w, http:\/\/www.jornalciencia.com\/wp-content\/uploads\/2017\/02\/monumentos-abandonados_7.jpg 664w\" alt=\"monumentos-abandonados_7\" width=\"640\" height=\"505\" \/><\/p>\n<p><strong>9 \u2013 Este monumento \u00e9 chamado Sanski Most, em homenagem pela liberta\u00e7\u00e3o da cidade da B\u00f3snia do mesmo nome.<\/strong><\/p>\n<p><img loading=\"lazy\" class=\"aligncenter  wp-image-23926\" src=\"http:\/\/www.jornalciencia.com\/wp-content\/uploads\/2017\/02\/monumentos-abandonados_8.jpg\" sizes=\"(max-width: 703px) 100vw, 703px\" srcset=\"http:\/\/www.jornalciencia.com\/wp-content\/uploads\/2017\/02\/monumentos-abandonados_8-300x237.jpg 300w, http:\/\/www.jornalciencia.com\/wp-content\/uploads\/2017\/02\/monumentos-abandonados_8.jpg 664w\" alt=\"monumentos-abandonados_8\" width=\"640\" height=\"505\" \/><\/p>\n<p><strong>10 \u2013 Perto de Ni\u0161, na S\u00e9rvia, essas esculturas parecidas com punhos, chamadas Babanj, homenageiam os lutadores iugoslavos mortos.<\/strong><\/p>\n<p><img loading=\"lazy\" class=\"aligncenter  wp-image-23925\" src=\"http:\/\/www.jornalciencia.com\/wp-content\/uploads\/2017\/02\/monumentos-abandonados_9.jpg\" sizes=\"(max-width: 705px) 100vw, 705px\" srcset=\"http:\/\/www.jornalciencia.com\/wp-content\/uploads\/2017\/02\/monumentos-abandonados_9-300x237.jpg 300w, http:\/\/www.jornalciencia.com\/wp-content\/uploads\/2017\/02\/monumentos-abandonados_9.jpg 664w\" alt=\"monumentos-abandonados_9\" width=\"639\" height=\"504\" \/><\/p>\n<p><strong>11 \u2013 Korenica, que fica na fronteira da Cro\u00e1cia e da B\u00f3snia, celebra a liberdade iugoslava.<\/strong><\/p>\n<p><img loading=\"lazy\" class=\"aligncenter  wp-image-23924\" src=\"http:\/\/www.jornalciencia.com\/wp-content\/uploads\/2017\/02\/monumentos-abandonados_10.jpg\" sizes=\"(max-width: 711px) 100vw, 711px\" srcset=\"http:\/\/www.jornalciencia.com\/wp-content\/uploads\/2017\/02\/monumentos-abandonados_10-300x237.jpg 300w, http:\/\/www.jornalciencia.com\/wp-content\/uploads\/2017\/02\/monumentos-abandonados_10.jpg 664w\" alt=\"monumentos-abandonados_10\" width=\"640\" height=\"505\" \/><\/p>\n<p><strong>12 \u2013 Knin fica entre arbustos na cidade croata e fortaleza do mesmo nome. Foi erguido em honra do 4\u00ba Batalh\u00e3o de Dalmation, que libertou Knin em 1944.<\/strong><\/p>\n<p><img loading=\"lazy\" class=\"aligncenter  wp-image-23923\" src=\"http:\/\/www.jornalciencia.com\/wp-content\/uploads\/2017\/02\/monumentos-abandonados_11.jpg\" sizes=\"(max-width: 722px) 100vw, 722px\" srcset=\"http:\/\/www.jornalciencia.com\/wp-content\/uploads\/2017\/02\/monumentos-abandonados_11-300x237.jpg 300w, http:\/\/www.jornalciencia.com\/wp-content\/uploads\/2017\/02\/monumentos-abandonados_11.jpg 664w\" alt=\"monumentos-abandonados_11\" width=\"640\" height=\"505\" \/><\/p>\n<p><strong>13 \u2013 Este \u00e9 Makljen, tamb\u00e9m conhecido como \u201cO Punho\u201d, \u201cO Poeta\u201d e \u201cMonumento \u00e0 Batalha dos Feridos\u201d. Localizado na B\u00f3snia no topo do Monte Makljen, comemora a Batalha de Neretva, quando os partid\u00e1rios defenderam o vale do rio Neretva contra tropas do Eixo.<\/strong><\/p>\n<p><img loading=\"lazy\" class=\"aligncenter  wp-image-23922\" src=\"http:\/\/www.jornalciencia.com\/wp-content\/uploads\/2017\/02\/monumentos-abandonados_12.jpg\" sizes=\"(max-width: 713px) 100vw, 713px\" srcset=\"http:\/\/www.jornalciencia.com\/wp-content\/uploads\/2017\/02\/monumentos-abandonados_12-300x237.jpg 300w, http:\/\/www.jornalciencia.com\/wp-content\/uploads\/2017\/02\/monumentos-abandonados_12.jpg 664w\" alt=\"monumentos-abandonados_12\" width=\"640\" height=\"505\" \/><\/p>\n<p><strong>14 \u2013 Em Kola\u0161in, Montenegro, o \u201cSpomn-Dom\u201d foi constru\u00eddo para recordar a primeira assembleia do Conselho Nacional Antifascista da Liberta\u00e7\u00e3o Popular de Montenegro e Boka em 1943.<\/strong><\/p>\n<p><img loading=\"lazy\" class=\"aligncenter  wp-image-23921\" src=\"http:\/\/www.jornalciencia.com\/wp-content\/uploads\/2017\/02\/monumentos-abandonados_13.jpg\" sizes=\"(max-width: 713px) 100vw, 713px\" srcset=\"http:\/\/www.jornalciencia.com\/wp-content\/uploads\/2017\/02\/monumentos-abandonados_13-300x237.jpg 300w, http:\/\/www.jornalciencia.com\/wp-content\/uploads\/2017\/02\/monumentos-abandonados_13.jpg 664w\" alt=\"monumentos-abandonados_13\" width=\"640\" height=\"505\" \/><\/p>\n<p><strong>15 \u2013 O complexo do memorial Kadinja\u010da fica ao noroeste de U\u017eice, na S\u00e9rvia. Ele comemora os combatentes sobreviventes e mortos de Posavina e Orasje, muitos dos quais morreram enquanto serviam no Batalh\u00e3o de Trabalhadores do Destacamento Partisan de U\u017eice em 1941.<\/strong><\/p>\n<p><img loading=\"lazy\" class=\"aligncenter  wp-image-23920\" src=\"http:\/\/www.jornalciencia.com\/wp-content\/uploads\/2017\/02\/monumentos-abandonados_14.jpg\" sizes=\"(max-width: 703px) 100vw, 703px\" srcset=\"http:\/\/www.jornalciencia.com\/wp-content\/uploads\/2017\/02\/monumentos-abandonados_14-300x237.jpg 300w, http:\/\/www.jornalciencia.com\/wp-content\/uploads\/2017\/02\/monumentos-abandonados_14.jpg 664w\" alt=\"monumentos-abandonados_14\" width=\"640\" height=\"505\" \/>\u00a0 <ins class=\"adsbygoogle\" data-ad-client=\"ca-pub-3224639215991618\" data-ad-slot=\"7672769576\" data-ad-format=\"auto\" data-adsbygoogle-status=\"done\"><ins id=\"aswift_2_expand\"><ins id=\"aswift_2_anchor\"><\/ins><\/ins><\/ins><\/p>\n<p><strong>16 \u2013 No Monte Partisian em Mitrovica, Kosovo, est\u00e1 o Santu\u00e1rio da Revolu\u00e7\u00e3o, ou Monumento aos Mineiros Mortos. O Santu\u00e1rio foi feito em mem\u00f3ria dos combatentes locais s\u00e9rvios e albaneses que trabalharam nas minas de Trep\u010da. Enquanto as minas eram ocupadas por alem\u00e3es, esses homens formaram a Tropa de Mineiros e desativaram com \u00eaxito as minas que estavam sendo usadas para os ganhos do Eixo.<\/strong><\/p>\n<p><img loading=\"lazy\" class=\"aligncenter  wp-image-23919\" src=\"http:\/\/www.jornalciencia.com\/wp-content\/uploads\/2017\/02\/monumentos-abandonados_15.jpg\" sizes=\"(max-width: 664px) 100vw, 664px\" srcset=\"http:\/\/www.jornalciencia.com\/wp-content\/uploads\/2017\/02\/monumentos-abandonados_15-300x237.jpg 300w, http:\/\/www.jornalciencia.com\/wp-content\/uploads\/2017\/02\/monumentos-abandonados_15.jpg 664w\" alt=\"monumentos-abandonados_15\" width=\"639\" height=\"504\" \/><\/p>\n<p><strong>17 \u2013 Nik\u0161i\u0107 comemora os soldados mortos desta cidade em Montenegro. Trinta e dois soldados partid\u00e1rios e lutadores antifascistas foram executados neste mesmo lugar.<\/strong><\/p>\n<p><img loading=\"lazy\" class=\"aligncenter  wp-image-23918\" src=\"http:\/\/www.jornalciencia.com\/wp-content\/uploads\/2017\/02\/monumentos-abandonados_16.jpg\" sizes=\"(max-width: 703px) 100vw, 703px\" srcset=\"http:\/\/www.jornalciencia.com\/wp-content\/uploads\/2017\/02\/monumentos-abandonados_16-300x237.jpg 300w, http:\/\/www.jornalciencia.com\/wp-content\/uploads\/2017\/02\/monumentos-abandonados_16.jpg 664w\" alt=\"monumentos-abandonados_16\" width=\"640\" height=\"505\" \/><\/p>\n<div id=\"taboola-below-article\" class=\" trc_related_container trc_spotlight_widget trc_elastic trc_elastic_trc_67945 \" data-placement-name=\"below-article\"><\/div>\n<div class=\"quads-location quads-id2\"><\/div>\n","protected":false},"excerpt":{"rendered":"<p>A Segunda Guerra Mundial foi, indiscutivelmente, um dos mais catastr\u00f3ficos desastres provocados pelo homem na<\/p>\n","protected":false},"author":6,"featured_media":60320,"comment_status":"open","ping_status":"open","sticky":false,"template":"","format":"standard","meta":[],"categories":[],"tags":[],"uagb_featured_image_src":{"full":["https:\/\/espacoecologico.com.br\/arquivo\/wp-content\/uploads\/2017\/02\/memoriais.jpg",415,265,false],"thumbnail":["https:\/\/espacoecologico.com.br\/arquivo\/wp-content\/uploads\/2017\/02\/memoriais-150x150.jpg",150,150,true],"medium":["https:\/\/espacoecologico.com.br\/arquivo\/wp-content\/uploads\/2017\/02\/memoriais-300x192.jpg",300,192,true],"medium_large":["https:\/\/espacoecologico.com.br\/arquivo\/wp-content\/uploads\/2017\/02\/memoriais.jpg",415,265,false],"large":["https:\/\/espacoecologico.com.br\/arquivo\/wp-content\/uploads\/2017\/02\/memoriais.jpg",415,265,false],"1536x1536":["https:\/\/espacoecologico.com.br\/arquivo\/wp-content\/uploads\/2017\/02\/memoriais.jpg",415,265,false],"2048x2048":["https:\/\/espacoecologico.com.br\/arquivo\/wp-content\/uploads\/2017\/02\/memoriais.jpg",415,265,false],"cream-magazine-thumbnail-2":["https:\/\/espacoecologico.com.br\/arquivo\/wp-content\/uploads\/2017\/02\/memoriais.jpg",415,265,false],"cream-magazine-thumbnail-3":["https:\/\/espacoecologico.com.br\/arquivo\/wp-content\/uploads\/2017\/02\/memoriais.jpg",415,265,false],"cream-magazine-thumbnail-4":["https:\/\/espacoecologico.com.br\/arquivo\/wp-content\/uploads\/2017\/02\/memoriais.jpg",415,265,false]},"uagb_author_info":{"display_name":"","author_link":"https:\/\/espacoecologico.com.br\/arquivo\/author\/"},"uagb_comment_info":0,"uagb_excerpt":"A Segunda Guerra Mundial foi, indiscutivelmente, um dos mais catastr\u00f3ficos desastres provocados pelo homem na","_links":{"self":[{"href":"https:\/\/espacoecologico.com.br\/arquivo\/wp-json\/wp\/v2\/posts\/60319"}],"collection":[{"href":"https:\/\/espacoecologico.com.br\/arquivo\/wp-json\/wp\/v2\/posts"}],"about":[{"href":"https:\/\/espacoecologico.com.br\/arquivo\/wp-json\/wp\/v2\/types\/post"}],"author":[{"embeddable":true,"href":"https:\/\/espacoecologico.com.br\/arquivo\/wp-json\/wp\/v2\/users\/6"}],"replies":[{"embeddable":true,"href":"https:\/\/espacoecologico.com.br\/arquivo\/wp-json\/wp\/v2\/comments?post=60319"}],"version-history":[{"count":0,"href":"https:\/\/espacoecologico.com.br\/arquivo\/wp-json\/wp\/v2\/posts\/60319\/revisions"}],"wp:featuredmedia":[{"embeddable":true,"href":"https:\/\/espacoecologico.com.br\/arquivo\/wp-json\/wp\/v2\/media\/60320"}],"wp:attachment":[{"href":"https:\/\/espacoecologico.com.br\/arquivo\/wp-json\/wp\/v2\/media?parent=60319"}],"wp:term":[{"taxonomy":"category","embeddable":true,"href":"https:\/\/espacoecologico.com.br\/arquivo\/wp-json\/wp\/v2\/categories?post=60319"},{"taxonomy":"post_tag","embeddable":true,"href":"https:\/\/espacoecologico.com.br\/arquivo\/wp-json\/wp\/v2\/tags?post=60319"}],"curies":[{"name":"wp","href":"https:\/\/api.w.org\/{rel}","templated":true}]}}